{"id":67423,"date":"2026-02-04T09:00:52","date_gmt":"2026-02-04T07:00:52","guid":{"rendered":"https:\/\/edublog.educastur.es\/ixuxu\/?p=67423"},"modified":"2026-02-05T11:54:15","modified_gmt":"2026-02-05T09:54:15","slug":"dia-de-la-llucha-escontral-cancer","status":"publish","type":"post","link":"https:\/\/edublog.educastur.es\/ixuxu\/2026\/02\/dia-de-la-llucha-escontral-cancer\/","title":{"rendered":"D\u00eda de la llucha escontra&#8217;l c\u00e1ncer"},"content":{"rendered":"<p>Nel d\u00eda de la llucha escontra&#8217;l c\u00e1ncer recl\u00e1mase una atenci\u00f3n m\u00e1s integral y humana. <strong>Vezos saludables y participar en pe\u00f1eraos, conseyos de Sal\u00fa nel D\u00eda escontra&#8217;l C\u00e1ncer. <a href=\"https:\/\/www.rtpa.es\/noticias-asturias-ast\/2026-02-04\/Nel-dia-de-la-llucha-escontra'l-cancer-reclamase-una-atencion-mas-integral-y-humana_111770209017.html\">RTPA<\/a><\/strong><\/p>\n<p style=\"text-align: center\"><a href=\"https:\/\/actualidad.asturias.es\/documents\/537115\/3059109\/2026_02_04+Dia+Mundial+contra+el+cancer.jpg\/9bbb7fa6-b499-993c-ce04-443e5af51e9e?t=1770209553968\"><img loading=\"lazy\" decoding=\"async\" class=\"aligncenter \" src=\"https:\/\/actualidad.asturias.es\/documents\/537115\/3059109\/2026_02_04+Dia+Mundial+contra+el+cancer.jpg\/9bbb7fa6-b499-993c-ce04-443e5af51e9e?t=1770209553968\" width=\"478\" height=\"357\" \/><\/a><\/p>\n<p><!--more--><\/p>\n<div id=\"noticiacompleta\" class=\"col-span-12 lg:col-span-6 lg:col-start-3\">\n<div class=\"flow rtpa-prose text-base text-neutral-700\">\n<p>La Conseyer\u00eda de Sal\u00fa aconsey\u00f3 a la ciudadan\u00eda, por mor del D\u00eda Mundial escontra&#8217;l C\u00e1ncer, caltener vezos de vida saludables y participar nos programes de pe\u00f1er\u00e1u qu&#8217;ufierta&#8217;l sistema sanitariu p\u00fablicu como estratexa de prevenci\u00f3n frente a esta enfermed\u00e1.<\/p>\n<p>Asina, record\u00f3 que vezos nocivos como&#8217;l tabaquismu, el consumu escesivu d&#8217;alcohol o la obesid\u00e1, estrechamente rellacionaos con dalgunos de los tumores m\u00e1s frecuentes, caltienen una alta prevalencia ente la poblaci\u00f3n asturiana y que la prevenci\u00f3n ye la v\u00eda m\u00e1s eficaz y eficiente pa prevenir y controlar esta patolox\u00eda.<\/p>\n<p>Tocantes a los programes, afit\u00f3 que&#8217;l Serviciu de Sal\u00fa del Princip\u00e1u (Sespa) ufierta angua\u00f1o tres programes de pe\u00f1er\u00e1u pa favorecer el diagn\u00f3sticu tempranu d&#8217;otros tantos tipos de c\u00e1ncer: colorrectal, de mama y de c\u00e9rvix y que la detecci\u00f3n temprana ye fundamental p&#8217;abordar el tratamientu y pa meyorar la supervivencia y la calid\u00e1 de vida de les persones afectaes.<\/p>\n<\/div>\n<p style=\"text-align: center\">\n<!-- iframe plugin v.6.0 wordpress.org\/plugins\/iframe\/ -->\n<iframe loading=\"lazy\" src=\"https:\/\/www.facebook.com\/plugins\/post.php?href=https%3A%2F%2Fwww.facebook.com%2Fpinceladasdeasturias%2Fposts%2Fpfbid031DwZpRDatZPUm8Wk1MkDEYq3hwAkpY7mkZm5919667XkttoiCh2jem3WKmitNJi5l&#038;show_text=false&#038;width=500\" width=\"500\" height=\"281\" style=\"border:none;overflow:hidden\" scrolling=\"no\" frameborder=\"0\" allowfullscreen=\"true\" allow=\"autoplay; clipboard-write; encrypted-media; picture-in-picture; web-share\" 0=\"\/iframe\" class=\"iframe-class\"><\/iframe>\n<\/p>\n<div class=\"flow rtpa-prose text-base text-neutral-700\">\n<p><strong>El C\u00f3digu Europ\u00e9u contra&#8217;l C\u00e1ncer recueye los siguientes encamientos xenerales:<\/strong><\/p>\n<ul>\n<li>Nun fume. Nun peracaba neng\u00fan tipu de tabacu. Faiga de la so casa un llar ensin fumu. Sofite les pol\u00edtiques antitabacu nel so llugar de trabayu.<\/li>\n<li><span style=\"color: #008080\">Caltenga un pesu saludable. Faiga exerciciu a diariu. Llinde&#8217;l tiempu que pasa sent\u00e1u.<\/span><\/li>\n<li><span style=\"color: #008080\">Coma saludablemente: Peracaba gran cantid\u00e1 de ceberes integrales, llegumes, frutes y verduras.<\/span><\/li>\n<li><span style=\"color: #008080\">Llinde los alimentos hipercal\u00f3ricos (ricos n&#8217;azucre o grasa) y evite les b\u00e9bores azucaradas.<\/span><\/li>\n<li><span style=\"color: #008080\">Evite la carne procesada y llinde el consumu de carne colorao y d&#8217;alimentos con muncho sal.<\/span><\/li>\n<li>Llinde&#8217;l consumu d&#8217;alcohol, anque lo meyor para la prevenci\u00f3n del c\u00e1ncer ye evitar les b\u00e9bores alcoh\u00f3liques.<\/li>\n<li>Evite una esposici\u00f3n escesiva al sol, sobremanera en ne\u00f1os. Utilice protecci\u00f3n solar. Nun use cabines de rayos UVA.<\/li>\n<li>Nel trabayu, prot\u00e9xase de les sustances cancer\u00edxenes cumpliendo les instrucciones de la normativa de protecci\u00f3n de la sal\u00fa y segurid\u00e1 llaboral.<\/li>\n<li>Aseg\u00farese de que los sos f\u00edos participen en programes de vacunaci\u00f3n contra la hepatitis B (naciellos) y el virus del papiloma humanu.<\/li>\n<\/ul>\n<p>Para les muyeres, recueye los siguientes conseyos:<\/p>\n<ul>\n<li>La lactancia materna amenorga&#8217;l riesgu de c\u00e1ncer nes madres. Si puede, dea de mamar al so \u00f1\u00e1caru.<\/li>\n<li>La terapia hormonal sustitutiva (THS) aumenta&#8217;l riesgu de determinaos tipos de c\u00e1ncer. Llinde&#8217;l tratamientu con THS.<\/li>\n<\/ul>\n<p style=\"text-align: center\">\n<!-- iframe plugin v.6.0 wordpress.org\/plugins\/iframe\/ -->\n<iframe loading=\"lazy\" src=\"https:\/\/www.facebook.com\/plugins\/post.php?href=https%3A%2F%2Fwww.facebook.com%2Fdonaasturias%2Fposts%2Fpfbid02RUEy6dUin7wqMdzfmWoW4CvzAeBHozhKXYqVSonjh5jUSbvMeBvK7Lu7F4y9yzZRl&#038;show_text=false&#038;width=500\" width=\"500\" height=\"365\" style=\"border:none;overflow:hidden\" scrolling=\"no\" frameborder=\"0\" allowfullscreen=\"true\" allow=\"autoplay; clipboard-write; encrypted-media; picture-in-picture; web-share\" 0=\"\/iframe\" class=\"iframe-class\"><\/iframe>\n<\/p>\n<\/div>\n<\/div>\n","protected":false},"excerpt":{"rendered":"<p>Nel d\u00eda de la llucha escontra&#8217;l c\u00e1ncer recl\u00e1mase una atenci\u00f3n m\u00e1s integral y humana. Vezos saludables y participar en pe\u00f1eraos, conseyos de Sal\u00fa nel D\u00eda escontra&#8217;l C\u00e1ncer. RTPA<\/p>\n","protected":false},"author":117,"featured_media":0,"comment_status":"closed","ping_status":"closed","sticky":false,"template":"","format":"standard","meta":{"footnotes":""},"categories":[6],"tags":[],"class_list":["post-67423","post","type-post","status-publish","format-standard","hentry","category-dia-de"],"_links":{"self":[{"href":"https:\/\/edublog.educastur.es\/ixuxu\/wp-json\/wp\/v2\/posts\/67423","targetHints":{"allow":["GET"]}}],"collection":[{"href":"https:\/\/edublog.educastur.es\/ixuxu\/wp-json\/wp\/v2\/posts"}],"about":[{"href":"https:\/\/edublog.educastur.es\/ixuxu\/wp-json\/wp\/v2\/types\/post"}],"author":[{"embeddable":true,"href":"https:\/\/edublog.educastur.es\/ixuxu\/wp-json\/wp\/v2\/users\/117"}],"replies":[{"embeddable":true,"href":"https:\/\/edublog.educastur.es\/ixuxu\/wp-json\/wp\/v2\/comments?post=67423"}],"version-history":[{"count":3,"href":"https:\/\/edublog.educastur.es\/ixuxu\/wp-json\/wp\/v2\/posts\/67423\/revisions"}],"predecessor-version":[{"id":67437,"href":"https:\/\/edublog.educastur.es\/ixuxu\/wp-json\/wp\/v2\/posts\/67423\/revisions\/67437"}],"wp:attachment":[{"href":"https:\/\/edublog.educastur.es\/ixuxu\/wp-json\/wp\/v2\/media?parent=67423"}],"wp:term":[{"taxonomy":"category","embeddable":true,"href":"https:\/\/edublog.educastur.es\/ixuxu\/wp-json\/wp\/v2\/categories?post=67423"},{"taxonomy":"post_tag","embeddable":true,"href":"https:\/\/edublog.educastur.es\/ixuxu\/wp-json\/wp\/v2\/tags?post=67423"}],"curies":[{"name":"wp","href":"https:\/\/api.w.org\/{rel}","templated":true}]}}