{"id":67441,"date":"2026-02-05T13:07:30","date_gmt":"2026-02-05T11:07:30","guid":{"rendered":"https:\/\/edublog.educastur.es\/ixuxu\/?p=67441"},"modified":"2026-02-07T21:15:49","modified_gmt":"2026-02-07T19:15:49","slug":"la-banda-gaites-villa-de-xixon-tuvo-tocando-per-doces-dies-nithra-arabia-saudi","status":"publish","type":"post","link":"https:\/\/edublog.educastur.es\/ixuxu\/2026\/02\/la-banda-gaites-villa-de-xixon-tuvo-tocando-per-doces-dies-nithra-arabia-saudi\/","title":{"rendered":"La Banda Gaites Villa de Xix\u00f3n tuvo tocando n&#8217;Arabia Saud\u00ed"},"content":{"rendered":"<p style=\"text-align: center\"><a href=\"https:\/\/musicasturiana.com\/wp-content\/uploads\/2026\/02\/villa-de-xixon-arabia-saudi-1.jpg\"><img loading=\"lazy\" decoding=\"async\" class=\"aligncenter size-large\" src=\"https:\/\/musicasturiana.com\/wp-content\/uploads\/2026\/02\/villa-de-xixon-arabia-saudi-1.jpg\" width=\"1200\" height=\"600\" \/><\/a><\/p>\n<p><span class=\"x193iq5w xeuugli x13faqbe x1vvkbs x1xmvt09 x1lliihq x1s928wv xhkezso x1gmr53x x1cpjm7i x1fgarty x1943h6x xudqn12 x3x7a5m x1f6kntn xvq8zen xo1l8bm xzsf02u x1yc453h\" dir=\"auto\">Del 19 al 31 de xineru componentes de la <span class=\"html-span xdj266r x14z9mp xat24cr x1lziwak xexx8yu xyri2b x18d9i69 x1c1uobl x1hl2dhg x16tdsg8 x1vvkbs\"><a class=\"x1i10hfl xjbqb8w x1ejq31n x18oe1m7 x1sy0etr xstzfhl x972fbf x10w94by x1qhh985 x14e42zd x9f619 x1ypdohk xt0psk2 x3ct3a4 xdj266r x14z9mp xat24cr x1lziwak xexx8yu xyri2b x18d9i69 x1c1uobl x16tdsg8 x1hl2dhg xggy1nq x1a2a7pz xkrqix3 x1sur9pj x1fey0fg x1s688f\" role=\"link\" href=\"https:\/\/www.facebook.com\/bgvilladexixon?__cft__[0]=AZYGMCj_K1Mz0V78cDgCcs8lhZ-YeEZTYJue5HoaAfBEOdRnIdoPfA7F3gtfBsDGoo65do6MIXbS7J5mJcgF-jrzDzIsrvxE9zx84_rmMyAmKsjS08k5pZWWGqmtjzk-cwN9Jj0ynSUCjY-dRz_tJSbUGvjeTUe9PAgeJKmpHFFFvX4kXQ6fNoKKZrJp2RY4WyKoXPDS7kgyVJlAONt_WcaZ&amp;__tn__=-]K-R\"><span class=\"xt0psk2\"><span class=\"xjp7ctv\">Banda de Gaitas Villa de Xix\u00f3n<\/span><\/span><\/a><\/span> tuvieron actuando n&#8217;Arabia Saud\u00ed <span class=\"html-span xexx8yu xyri2b x18d9i69 x1c1uobl x1hl2dhg x16tdsg8 x1vvkbs x3nfvp2 x1j61x8r x1fcty0u xdj266r xat24cr xm2jcoa x1mpyi22 xxymvpz xlup9mm x1kky2od\"><img loading=\"lazy\" decoding=\"async\" class=\"xz74otr x15mokao x1ga7v0g x16uus16 xbiv7yw\" src=\"https:\/\/static.xx.fbcdn.net\/images\/emoji.php\/v9\/t9\/1\/16\/1f1f8_1f1e6.png\" alt=\"\ud83c\uddf8\ud83c\udde6\" width=\"16\" height=\"16\" \/><\/span> Fixeron actuaciones tolos d\u00edes que congregaron a muncho p\u00fablicu -18.000 persones nel actu de clausura-, punxeron a la xente a baillar pesie a les torgues, fixeron amistaes, axuntaron a asturianos emigraos, acompa\u00f1\u00f3los un saud\u00ed asturianu&#8230; Falamos con Jos\u00e9 Luis Garc\u00eda, director de Villa de Xix\u00f3n, p&#8217;afondar nesta esperiencia internacional nun a\u00f1u nel que tami\u00e9n tuvieron en Nueva York y Osaka.<a href=\"https:\/\/musicasturiana.com\/narabia-saudi-foi-una-pena-que-nun-pudiese-haber-comunicacion-fisica-perol-tratu-el-respetu-y-latencion-foi-maxima\/\"> Musicasturiana.com<\/a><\/span><\/p>\n<p><!--more--><\/p>\n<div class=\"elementor-element elementor-element-72daa04 e-con-full e-flex e-con e-child\" data-id=\"72daa04\" data-element_type=\"container\" data-e-type=\"container\">\n<div class=\"elementor-element elementor-element-667e3c7 elementor-widget__width-inherit elementor-widget elementor-widget-theme-post-title elementor-page-title elementor-widget-heading\" data-id=\"667e3c7\" data-element_type=\"widget\" data-e-type=\"widget\" data-widget_type=\"theme-post-title.default\">\n<div class=\"elementor-widget-container\">\n<h1 class=\"elementor-heading-title elementor-size-default\" style=\"text-align: center\"><em><span style=\"font-size: 16px\">\u00abN\u2019Arabia Saud\u00ed foi una pena que nun pudiese haber comunicaci\u00f3n f\u00edsica,<br \/>\npero\u2019l tratu, el respetu y l\u2019atenci\u00f3n foi m\u00e1xima\u00bb<\/span><\/em><\/h1>\n<\/div>\n<\/div>\n<div class=\"elementor-element elementor-element-00f4678 elementor-widget__width-inherit elementor-widget elementor-widget-theme-post-excerpt\" data-id=\"00f4678\" data-element_type=\"widget\" data-e-type=\"widget\" data-widget_type=\"theme-post-excerpt.default\">\n<div class=\"elementor-widget-container\">Componentes de la Banda Gaites Villa de Xix\u00f3n tuvieron tocando per doces d\u00edes n&#8217;Ithra, onde llegaron a actuar \u00e9nte m\u00e1s de 18.000 persones<\/div>\n<\/div>\n<div class=\"elementor-element elementor-element-6138e4e elementor-widget__width-inherit elementor-widget elementor-widget-theme-post-featured-image elementor-widget-image\" data-id=\"6138e4e\" data-element_type=\"widget\" data-e-type=\"widget\" data-widget_type=\"theme-post-featured-image.default\">\n<div class=\"elementor-widget-container\"><\/div>\n<\/div>\n<div class=\"elementor-element elementor-element-3f891ad elementor-align-center elementor-widget elementor-widget-post-info\" data-id=\"3f891ad\" data-element_type=\"widget\" data-e-type=\"widget\" data-widget_type=\"post-info.default\">\n<div class=\"elementor-widget-container\"><\/div>\n<\/div>\n<\/div>\n<div class=\"elementor-element elementor-element-a767a8c elementor-widget__width-inherit elementor-widget elementor-widget-theme-post-content\" data-id=\"a767a8c\" data-element_type=\"widget\" data-e-type=\"widget\" data-widget_type=\"theme-post-content.default\">\n<div class=\"elementor-widget-container\">\n<p>La gaita asturiana lleva m\u00e1s d\u2019un sieglu espardi\u00e9ndose per tol mundu y estos \u00faltimos d\u00edes aport\u00f3 al King Abdulaziz Center for World Culture \u2013 <strong>Ithra<\/strong>, un prestixosu espaciu cultural allug\u00e1u en Dhahran (<strong>Arabia Saud\u00ed<\/strong>) y <strong>construy\u00edu penriba d\u2019un pozu petrol\u00edferu en desusu<\/strong>. Esti recintu acoy\u00f3 les xornaes <em><a href=\"https:\/\/musicasturiana.com\/la-gaita-asturiana-viaxa-a-arabia-saudi-cola-banda-gaites-villa-de-xixon\/\" target=\"_blank\" rel=\"noreferrer noopener\">Spanish Days<\/a><\/em> na que participaron distintes comunidaes culturales de la pen\u00ednsula ib\u00e9rica y ell\u00ed aportaron el 19 de xineru una <strong>bandina tradicional <\/strong>formada polos m\u00fasicos <strong>Jos\u00e9 Luis Garc\u00eda, Nel Villanueva y Satur Vega<\/strong> -que formar\u00eden <strong>Finxu<\/strong>, un proyectu musical nuevu- y el 28 de xineru <strong>diecisiete componentes de la Banda Gaites Villa de Xix\u00f3n<\/strong>. Fixeron <strong>actuaciones tolos d\u00edes<\/strong> que congregaron a muncho p\u00fablicu \u2013<strong>18.000 persones<\/strong> nel actu de clausura-, punxeron a la <strong>xente a baillar pesie a les torgues<\/strong>, fixeron <strong>amistaes<\/strong>, axuntaron a <strong>asturianos emigraos<\/strong>, acompa\u00f1\u00f3los un <strong>saud\u00ed asturianu<\/strong>\u2026 Falamos con Jos\u00e9 Luis Garc\u00eda, director de Villa de Xix\u00f3n, p\u2019afondar nesta esperiencia internacional nun a\u00f1u nel que tami\u00e9n tuvieron en <strong>Nueva York y Osaka<\/strong>.<\/p>\n<div class=\"wp-block-spacer\" aria-hidden=\"true\"><\/div>\n<figure class=\"wp-block-image aligncenter size-large\"><a href=\"https:\/\/musicasturiana.com\/wp-content\/uploads\/2026\/02\/WhatsApp-Image-2026-02-03-at-11.53.49.jpeg\"><img loading=\"lazy\" decoding=\"async\" class=\"wp-image-47352\" src=\"https:\/\/musicasturiana.com\/wp-content\/uploads\/2026\/02\/WhatsApp-Image-2026-02-03-at-11.53.49-1024x939.jpeg\" alt=\"\" width=\"1024\" height=\"939\" \/><\/a><\/figure>\n<div class=\"wp-block-spacer\" aria-hidden=\"true\"><\/div>\n<p><strong>Participastis n\u2019Ihtra nos <em>Spanish Days<\/em>. \u00bfQu\u00e9 otros territorios tuvieron presentes?<\/strong><\/p>\n<p>Compart\u00edamos escenariu con xente del flamencu. Hab\u00eda un tributo Paco de Luc\u00eda, por exemplo, zarzuela, Cabezudos\u2026 tami\u00e9n hab\u00eda m\u00fasica de Cuenca. Hab\u00eda una representaci\u00f3n de toles comunidaes aut\u00f3nomes, anque nel escenariu principal t\u00e1bemos nam\u00e1s les propuestes de flamenco y n\u00f3s.<\/p>\n<div class=\"wp-block-spacer\" aria-hidden=\"true\"><\/div>\n<p><strong>\u00bfC\u00f3mo foi l\u2019acoyida del p\u00fablicu?<\/strong><\/p>\n<p>Normalmente, por actuaci\u00f3n, hab\u00eda una media de 450 persones m\u00e1s o menos. Entam\u00f3 un poqui\u00f1\u00edn floxu porque nun acababen d\u2019ubicar la cuesti\u00f3n de la gaita, pero la cosa foi anim\u00e1ndose. Ten\u00edemos a Nel eh\u00ed que llevaba la voz cantante en cuantes al tema de les presentaciones. Yo am\u00e1s deprend\u00ed un poco d\u2019\u00e1rabe, dalgunes frases que nos diben diciendo\u2026 Entamamos a interaccionar mui f\u00e1cil cola xente que nos ven\u00eda a ver.<\/p>\n<p>Hubo una cosa que nos llam\u00f3 muncho l\u2019atenci\u00f3n. Nos primeros bolos nun pod\u00edes percibir pa nada les sensaciones na xente porque hab\u00eda munch\u00edsimes muyeres y toes col burka, cola cara tapada. Ve\u00edes mover les manes dalgo, aplaudir, aplaud\u00eden mui sele. Llueu entamamos a xugar con ellos pa que llevasen el ritmu de les mu\u00f1eires, el salt\u00f3n y dem\u00e1s. Fuimos quien a sacalos a baillar y cost\u00f3nos muncho cola organizaci\u00f3n porque tol tema del contactu yera super complexu; de fechu, pararon un par de veces al p\u00fablicu porque hab\u00eda unos controles, unes polic\u00edes relixoses y par\u00e1ron-yos. Nun-yos dexaron baillar con n\u00f3s la danza de Santana y eso dionos pena porque la idea que ten\u00edemos yera la d\u2019interaccionar.<\/p>\n<div class=\"wp-block-spacer\" aria-hidden=\"true\"><\/div>\n<blockquote class=\"wp-block-quote is-style-large is-layout-flow wp-block-quote-is-layout-flow\"><p><mark class=\"has-inline-color\">\u00abNos primeros bolos nun pod\u00edes percibir pa nada les sensaciones na xente, pero llueu fuimos quien a sacalos a baillar, anque cost\u00f3nos muncho cola organizaci\u00f3n porque tol tema del contactu yera super complexu; de fechu, pararon un par de veces al p\u00fablicu porque hab\u00eda unos controles, unes polic\u00edes relixoses y par\u00e1ron-yos\u00bb<\/mark><\/p><\/blockquote>\n<div class=\"wp-block-spacer\" aria-hidden=\"true\"><\/div>\n<p><strong>\u00bfQu\u00e9 temes tocastis?<\/strong><\/p>\n<p>Empezamos cola Marcha de Bra\u00f1es de Xuacu Amieva. Tocamos tami\u00e9n unos agarraos que funcionaben mui bien. Los tiempos binarios yera dalgo que-yos encaxaba perbi\u00e9n, como los ixux\u00fas; gritos tradicionales nuestros que casaben muncho colo d\u2019ellos en dalgunos momentos. Tami\u00e9n la pandereta, qu\u2019ell\u00ed ti\u00e9nenla y \u00fasenla munch\u00edsimo. Asina entam\u00f3 a encaxar too y al segundu o tercer d\u00eda y\u00e9remos el show que m\u00e1s xente ten\u00eda ell\u00ed esperando\u2026 y cuando aport\u00f3 tola banda desbord\u00f3se porque entamaron a acabase los espacios na siella.<\/p>\n<p>Lo que ficimos foi un peque\u00f1u pasac\u00e1is cola banda cinco minutos enantes del show y lleg\u00e1bemos al set arrastrando y\u00e1 a 200 o 300 persones detr\u00e1s. Llueu, mentanto\u2019l set, tocamos la danza de Santana, mu\u00f1eires como Tormaleo y Carcarosa y cuando toc\u00e1bemos tola banda la xente volv\u00edase lloco, hab\u00eda una simbiosis.<\/p>\n<div class=\"wp-block-spacer\" aria-hidden=\"true\"><\/div>\n<figure class=\"wp-block-image aligncenter size-large\"><a href=\"https:\/\/musicasturiana.com\/wp-content\/uploads\/2026\/02\/WhatsApp-Image-2026-02-03-at-11.53.49-1.jpeg\"><img loading=\"lazy\" decoding=\"async\" class=\"wp-image-47353\" src=\"https:\/\/musicasturiana.com\/wp-content\/uploads\/2026\/02\/WhatsApp-Image-2026-02-03-at-11.53.49-1-768x1024.jpeg\" alt=\"\" width=\"768\" height=\"1024\" \/><\/a><\/figure>\n<div class=\"wp-block-spacer\" aria-hidden=\"true\"><\/div>\n<p><strong>\u00bfC\u00f3mo foi l\u2019actu de clausura del eventu?<\/strong><\/p>\n<p>Los componentes de la banda gaites llegaron el 28 xineru pa los ensayos xenerales de la ceremonia de clausura. Yera una ceremonia que taba organizada dende Madrid, a travi\u00e9s de Mediapro y d\u2019otra productora y llevaba munch\u00edsimu xuegu de lluces, de drones\u2026 Hubo una parte na que toc\u00e1bemos nun <em>altillo <\/em>onde nos iluminaben\u2026 Y tuvo mui bien, hab\u00eda munch\u00edsima xente, fueron dos pases de 18.000 persones les que pasaron peles dos actuaciones.<\/p>\n<div class=\"wp-block-spacer\" aria-hidden=\"true\"><\/div>\n<blockquote class=\"wp-block-quote is-style-large is-layout-flow wp-block-quote-is-layout-flow\"><p><mark class=\"has-inline-color\">\u00abLos agarraos funcionaben mui bien; los tiempos binarios yera dalgo que-yos encaxaba perbi\u00e9n, como los ixux\u00fas o la pandereta, qu\u2019ell\u00ed ti\u00e9nenla y \u00fasenla munch\u00edsimo. Asina entam\u00f3 a encaxar too y al segundu o tercer d\u00eda y\u00e9remos el show que m\u00e1s xente ten\u00eda esperando\u00bb<\/mark><\/p><\/blockquote>\n<div class=\"wp-block-spacer\" aria-hidden=\"true\"><\/div>\n<p><strong>Tocastis nel Ithra, un espaciu mui destac\u00e1u pa la cultura dientro d\u2019esi pa\u00eds<\/strong>.<\/p>\n<p>Ye un sitiu mui relevante n\u2019Arabia, ye\u2019l centru cultural m\u00e1s importante que tienen ellos ell\u00ed. Ye un edificiu modernista impresionante que ta construy\u00edu recubiertu de tubos d\u2019aluminiu y ye una alegor\u00eda al tema del petr\u00f3leu. Ta xusto enriba d\u2019un pozu petrol\u00edferu que foi\u2019l n\u00famberu \u00fan y que y\u00e1 nun usen m\u00e1s. Yo creo qu\u2019intenten plasmar la riqueza que tienen gracies al petr\u00f3leu, que ye una riqueza cultural tami\u00e9n.<\/p>\n<p>Nestos <em>Spanish Days<\/em> hab\u00eda esposiciones de toles comunidaes, muncho deporte con esposiciones de deportistes espa\u00f1oles, proyecciones de cine, teatru de t\u00edteres\u2026 La verd\u00e1 que llevaron una imaxe d\u2019Espa\u00f1a bastante curiosa, non nam\u00e1s del flamencu, anque ye verd\u00e1 que\u2019l flamencu rescamplaba penriba lo dem\u00e1s, pero n\u00f3s abrimos espaciu no musical.<\/p>\n<div class=\"wp-block-spacer\" aria-hidden=\"true\"><\/div>\n<p><strong>\u00bfQu\u00e9 balance fac\u00e9is de la esperiencia?<\/strong><\/p>\n<p>La banda tuvo dende\u2019l 28 al 31 y agora que y\u00e1 llegamos toos a Asturies les sensaciones son mui buenes pela nuestra parte, porque\u2019l respetu qu\u2019hab\u00eda pa cola nuestra m\u00fasica, el respetu a les tradiciones, la curiosid\u00e1 por saber y conocer d\u2019\u00f3nde ven\u00edemos, que m\u00fasiques t\u00e1bemos tocando\u2026 sorprendi\u00f3nos munch\u00edsimo. Regal\u00e1bennos munchos detalles saud\u00edes cuando bax\u00e1bemos del escenariu, fac\u00eden milenta semeyes y son mui hospitalarios y s\u00faper agradec\u00edos.<\/p>\n<p>Quiciabes lo que m\u00e1s nos choc\u00f3 foi nun poder ver toles cares de toles persones que diben a los shows, sobre too les muyeres, que taben tapec\u00edes dafechu. Esa parte de nun permitir la interacci\u00f3n humana, como equ\u00ed entandemos una nueche en danza o entendemos el baille tradicional\u2026 Foi una pena que nun pudiese haber esa comunicaci\u00f3n f\u00edsica, pero\u2019l tratu, el respetu y l\u2019atenci\u00f3n foi m\u00e1xima; yo creo que de les actuaciones d\u2019esti a\u00f1u d\u2019Estaos Xun\u00edos, Xap\u00f3n y Arabia Saud\u00ed, esta \u00faltima foi la m\u00e1s destacada nesti sen.<\/p>\n<div class=\"wp-block-spacer\" aria-hidden=\"true\"><\/div>\n<blockquote class=\"wp-block-quote is-style-large is-layout-flow wp-block-quote-is-layout-flow\"><p><mark class=\"has-inline-color\">\u00abL\u2019Ithra ye un edificiu modernista impresionante que ta construy\u00edu recubiertu de tubos d\u2019aluminiu y ye una alegor\u00eda al tema del petr\u00f3leu. Ta xusto enriba d\u2019un pozu petrol\u00edferu que foi\u2019l n\u00famberu \u00fan y que y\u00e1 nun usen m\u00e1s. Creo qu\u2019intenten plasmar la riqueza que tienen gracies al petr\u00f3leu, que ye una riqueza cultural tami\u00e9n\u00bb<\/mark><\/p><\/blockquote>\n<div class=\"wp-block-spacer\" aria-hidden=\"true\"><\/div>\n<p><strong>Esta esperiencia nueva sigue\u2019l vuestru cam\u00edn d\u2019internacionalizar la cultura asturiana y festexar los 25 a\u00f1os de la banda.<\/strong><\/p>\n<p>Somos la banda gaites que m\u00e1s kil\u00f3metros fizo nel mundu y eso faite ver -y sobre manera sentir- que la m\u00fasica asturiana pue tar a l\u2019altura de cualquier otra m\u00fasica, porque ensiguida supimos abrir espaciu y gananos a la xente, como ficimos en Xap\u00f3n. Non too ye flamencu, non too ye sur, tami\u00e9n hai una parte del norte de la pen\u00ednsula que tien que tar mui presente nesti tipu d\u2019eventos. Creo que tamos buscando o faciendo por abrir un espaciu que va durar munchos a\u00f1os, porque equ\u00ed faense coses mui interesantes y parezme importante que tean presentes n\u2019eventos d\u2019esti calter. Ye decir, que cuando dalguien conoza Espa\u00f1a, con\u00f3zala entera, non nam\u00e1s una peque\u00f1a parte.<\/p>\n<p>Que Villa de Xix\u00f3n entrara nesti tipu de circuitos va ser un beneficiu pa toos. De fechu, gracies a esto d\u2019Arabia Saud\u00ed y del \u00e9xitu que m\u00e1s o menos tuvimos ell\u00ed, tamos a puntu de zarrar m\u00e1s coses, porque gust\u00f3 muncho la interacci\u00f3n y c\u00f3mo nos adaptamos a les circunstancies. Y bueno, decir qu\u2019esti tipu d\u2019histories t\u00e1n mui bien valoraes non nam\u00e1s pal curr\u00edculum, sin\u00f3n poles persones que van ver estos espect\u00e1culos. La xente qu\u2019entraba nel Intrha buscaba conocer Espa\u00f1a y conocela dende dientro, y creo que lo algamamos ente tolos que t\u00e1bemos.<\/p>\n<div class=\"wp-block-spacer\" aria-hidden=\"true\"><\/div>\n<blockquote class=\"wp-block-quote is-style-large is-layout-flow wp-block-quote-is-layout-flow\"><p><mark class=\"has-inline-color\">\u00abSomos la banda gaites que m\u00e1s kil\u00f3metros fizo nel mundu y eso faite ver -y sobre manera sentir- que la m\u00fasica asturiana pue tar a l\u2019altura de cualquier otra m\u00fasica, porque enseguida supimos abrir espaciu y gananos a la xente, como ficimos en Xap\u00f3n. Non too ye flamencu, nun too ye sur, tami\u00e9n hai una parte del norte de la pen\u00ednsula que tien que tar mui presente nesti tipu d\u2019eventos\u00bb<\/mark><\/p><\/blockquote>\n<div class=\"wp-block-spacer\" aria-hidden=\"true\"><\/div>\n<p><strong>\u00bfQu\u00e9 an\u00e9cdotes pues cuntar de la esperiencia?<\/strong><\/p>\n<p>Hubo una cosa que nos impresion\u00f3 mucho. Hab\u00eda un saud\u00ed de 23 a\u00f1os, Saud ll\u00e1mase, que foi a venos dende l\u2019entamu onde\u2019l camerinu y d\u00edxonos \u00abyo ye que soi asturianu\u00bb; y yo: \u00abbueno, asturianu nun yes, nun te paeces muncho a los asturianos\u00bb; y \u00e9l: \u00abYo soi asturianu. Tuvi dos meses d\u2019Erasmus porque soi traductor d\u2019espa\u00f1ol y escoy\u00ed Asturies pa facer les mis pr\u00e1ctiques. Tuvi con una familia n\u2019Uvi\u00e9u dos meses y dos meses ye como si fuesen 20 a\u00f1os\u00bb. Ye una frase esta \u00faltima qu\u2019usen muncho los saud\u00edes.<\/p>\n<p>Y Saud tuvo con n\u00f3s tol viaxe. Ense\u00f1\u00f3nos munches coses de la cultura saud\u00ed, de les tradiciones, de c\u00f3mo faen pa casase, de c\u00f3mo ig\u00fcen los problemes\u2026 La diferencia cultural choc\u00f3nos munch\u00edsimo a lo primero, pero gracies a Saud pudimos conocela mui a fondu. Cost\u00f3nos muncho despidinos d\u2019\u00e9l y y eso que los chavales de la banda nam\u00e1s tuvieron tr\u00e9s d\u00edes con \u00e9l. Aprendi\u00f3 am\u00e1s les canciones asturianes, la Xota del Corral\u00edn que tocamos acab\u00f3 cant\u00e1ndola, visti\u00f3se d\u2019asturianu\u2026 \u00c9l tami\u00e9n conoc\u00eda a Jos\u00e9 \u00c1ngel y Mar\u00eda Jos\u00e9 Hevia, que tuvieren na embaxada saud\u00ed va tiempu nuna recepci\u00f3n y \u00e9l fuera\u2019l traductor. Tenemos pendiente que faiga una visita a Asturies, que naguo por que se materialice lo m\u00e1s pronto posible.<\/p>\n<div class=\"wp-block-spacer\" aria-hidden=\"true\"><\/div>\n<figure class=\"wp-block-image aligncenter size-large\"><a href=\"https:\/\/musicasturiana.com\/wp-content\/uploads\/2026\/02\/WhatsApp-Image-2026-02-03-at-11.27.37.jpeg\"><img loading=\"lazy\" decoding=\"async\" class=\"wp-image-47351\" src=\"https:\/\/musicasturiana.com\/wp-content\/uploads\/2026\/02\/WhatsApp-Image-2026-02-03-at-11.27.37-1024x477.jpeg\" alt=\"\" width=\"1024\" height=\"477\" \/><\/a><\/figure>\n<div class=\"wp-block-spacer\" aria-hidden=\"true\"><\/div>\n<p><strong>\u00bfAm\u00e1s del p\u00fablicu saud\u00ed, hubo asturianos emigraos que fueron a los shows?<\/strong><\/p>\n<p>S\u00ed. Vinieron a venos persones asturianes que taben trabayando n\u2019Aramco, que ye la petrolera que financi\u00f3 tou esti proyectu, la m\u00e1s grande del mundu. Y tami\u00e9n vinieron asturianos dende Bahrein, que conoc\u00eden a xente de la banda. Hubo media docena d\u2019asturianos que vinieron a casi tolos pases que ficimos, ven\u00eden casi tolos d\u00edes y eso agrad\u00f3nos a esgaya a toos.<\/p>\n<div class=\"wp-block-spacer\" aria-hidden=\"true\"><\/div>\n<blockquote class=\"wp-block-quote is-style-large is-layout-flow wp-block-quote-is-layout-flow\"><p><mark class=\"has-inline-color\">\u00abSaud foi un rapaz saud\u00ed de 23 a\u00f1os que nos dixo \u2018yo ye que soi asturianu\u2019 ytuvo con n\u00f3s tol viaxe. Cost\u00f3nos muncho despidinos d\u2019\u00e9l, aprendi\u00f3 am\u00e1s les canciones asturianes, la Xota del Corral\u00edn que tocamos acab\u00f3 cant\u00e1ndola, visti\u00f3se d\u2019asturianu\u2026\u00bb<\/mark><\/p><\/blockquote>\n<div class=\"wp-block-spacer\" aria-hidden=\"true\"><\/div>\n<p><strong>Esta esperiencia supunxo\u2019l nacimientu de Finxu. \u00bfQu\u00e9 pues cuntar d\u2019esti proyectu musical nuevu?<\/strong><\/p>\n<p>Ell\u00ed tuvimos tocando un tr\u00edu form\u00e1u por Nel Villanueva, Satur Vega y yo. Tuvimos que facer un show peque\u00f1u de 20 minutos que d\u00e1bemos dos vegaes al d\u00eda. Llam\u00e1moslu Finxu y la idea que tenemos los tr\u00e9s ye la de facer un grupu de culto, diferente a lo qu\u2019hai davezu nel panorama musical asturianu. Tampoco va ser una banda pa facer nam\u00e1s conciertos, sin\u00f3n que ye un grupu que creo que va ser una migaya d\u2019investigaci\u00f3n. Tamos mui met\u00edos nel tema bret\u00f3n y gallegu y ell\u00ed t\u00e1n faci\u00e9ndose coses que nos atraen muncho a los tr\u00e9s y creo que la historia va dir per eh\u00ed; buscar dalgunos caminos alternativos y n\u00f3n como lo que ficimos n\u2019Arabia Saud\u00ed, que foi plasmar la tradici\u00f3n m\u00e1s pura que tenemos equ\u00ed a travi\u00e9s de la gaita. Queremos grabar daqu\u00e9 cosa y facer un repertoriu bastante anovador.<\/p>\n<div class=\"wp-block-spacer\" aria-hidden=\"true\"><\/div>\n<blockquote class=\"wp-block-quote is-style-large is-layout-flow wp-block-quote-is-layout-flow\"><p><mark class=\"has-inline-color\">\u00abFinxu form\u00e1moslu Nel Villanueva, Satur Vega y yo y tenemos pa idea de facer un grupu diferente a lo qu\u2019hai angua\u00f1o nel panorama. Tamos mui met\u00edos nel tema bret\u00f3n y gallegu y ell\u00ed t\u00e1n faci\u00e9ndose coses que nos atraen muncho a los tr\u00e9s y creo que la historia va dir per eh\u00ed\u00bb<\/mark><\/p><\/blockquote>\n<div class=\"wp-block-spacer\" aria-hidden=\"true\">\n<div dir=\"auto\">Gracias Arabia Saud\u00ed <span class=\"html-span xexx8yu xyri2b x18d9i69 x1c1uobl x1hl2dhg x16tdsg8 x1vvkbs x3nfvp2 x1j61x8r x1fcty0u xdj266r xat24cr xm2jcoa x1mpyi22 xxymvpz xlup9mm x1kky2od\"><img loading=\"lazy\" decoding=\"async\" class=\"xz74otr x15mokao x1ga7v0g x16uus16 xbiv7yw\" src=\"https:\/\/static.xx.fbcdn.net\/images\/emoji.php\/v9\/t9\/1\/16\/1f1f8_1f1e6.png\" alt=\"\ud83c\uddf8\ud83c\udde6\" width=\"16\" height=\"16\" \/><\/span> por acogernos y por todo lo vivido en el Ithra. Nos sentimos muy orgullosos de llevar un pedacito de Asturias tan lejos. Y gracias de coraz\u00f3n a quienes nos segu\u00eds y apoy\u00e1is siempre\u2026 esto tambi\u00e9n es por vosotros. <span class=\"html-span xexx8yu xyri2b x18d9i69 x1c1uobl x1hl2dhg x16tdsg8 x1vvkbs x3nfvp2 x1j61x8r x1fcty0u xdj266r xat24cr xm2jcoa x1mpyi22 xxymvpz xlup9mm x1kky2od\"><img loading=\"lazy\" decoding=\"async\" class=\"xz74otr x15mokao x1ga7v0g x16uus16 xbiv7yw\" src=\"https:\/\/static.xx.fbcdn.net\/images\/emoji.php\/v9\/t6c\/1\/16\/2764.png\" alt=\"\u2764\ufe0f\" width=\"16\" height=\"16\" \/><\/span><span class=\"html-span xexx8yu xyri2b x18d9i69 x1c1uobl x1hl2dhg x16tdsg8 x1vvkbs x3nfvp2 x1j61x8r x1fcty0u xdj266r xat24cr xm2jcoa x1mpyi22 xxymvpz xlup9mm x1kky2od\"><img loading=\"lazy\" decoding=\"async\" class=\"xz74otr x15mokao x1ga7v0g x16uus16 xbiv7yw\" src=\"https:\/\/static.xx.fbcdn.net\/images\/emoji.php\/v9\/tc5\/1\/16\/1f90d.png\" alt=\"\ud83e\udd0d\" width=\"16\" height=\"16\" \/><\/span><span class=\"html-span xexx8yu xyri2b x18d9i69 x1c1uobl x1hl2dhg x16tdsg8 x1vvkbs x3nfvp2 x1j61x8r x1fcty0u xdj266r xat24cr xm2jcoa x1mpyi22 xxymvpz xlup9mm x1kky2od\"><img loading=\"lazy\" decoding=\"async\" class=\"xz74otr x15mokao x1ga7v0g x16uus16 xbiv7yw\" src=\"https:\/\/static.xx.fbcdn.net\/images\/emoji.php\/v9\/t1f\/1\/16\/1f3b6.png\" alt=\"\ud83c\udfb6\" width=\"16\" height=\"16\" \/><\/span><\/div>\n<div dir=\"auto\"><span class=\"html-span xdj266r x14z9mp xat24cr x1lziwak xexx8yu xyri2b x18d9i69 x1c1uobl x1hl2dhg x16tdsg8 x1vvkbs\"><a class=\"x1i10hfl xjbqb8w x1ejq31n x18oe1m7 x1sy0etr xstzfhl x972fbf x10w94by x1qhh985 x14e42zd x9f619 x1ypdohk xt0psk2 x3ct3a4 xdj266r x14z9mp xat24cr x1lziwak xexx8yu xyri2b x18d9i69 x1c1uobl x16tdsg8 x1hl2dhg xggy1nq x1a2a7pz xkrqix3 x1sur9pj x1fey0fg x1s688f\" role=\"link\" href=\"https:\/\/www.facebook.com\/hashtag\/villadexixon?__eep__=6&amp;__cft__[0]=AZbX5THNtHFpoVWbFsgTpJ2b0tjY1FUy-cBbB_m4mPU9ICtgoXgr-1cVlgONlW9UrA8PVWGPjBEpVuvFGKi8Jn0rwxr87eSLfwEXMpqhMj5VOXDT4COpUAupB5ujw4t7lPugDXxivRay_6x4emrm92jDO-n4DAPYGZY9huep6fKNPLI2-B2Q200dpCZa4JPqbVhp6iKISYOwGZVH0xveX-pB&amp;__tn__=*NK-y-R\">#villadexixon<\/a><\/span> <span class=\"html-span xdj266r x14z9mp xat24cr x1lziwak xexx8yu xyri2b x18d9i69 x1c1uobl x1hl2dhg x16tdsg8 x1vvkbs\"><a class=\"x1i10hfl xjbqb8w x1ejq31n x18oe1m7 x1sy0etr xstzfhl x972fbf x10w94by x1qhh985 x14e42zd x9f619 x1ypdohk xt0psk2 x3ct3a4 xdj266r x14z9mp xat24cr x1lziwak xexx8yu xyri2b x18d9i69 x1c1uobl x16tdsg8 x1hl2dhg xggy1nq x1a2a7pz xkrqix3 x1sur9pj x1fey0fg x1s688f\" role=\"link\" href=\"https:\/\/www.facebook.com\/hashtag\/vxenarabia?__eep__=6&amp;__cft__[0]=AZbX5THNtHFpoVWbFsgTpJ2b0tjY1FUy-cBbB_m4mPU9ICtgoXgr-1cVlgONlW9UrA8PVWGPjBEpVuvFGKi8Jn0rwxr87eSLfwEXMpqhMj5VOXDT4COpUAupB5ujw4t7lPugDXxivRay_6x4emrm92jDO-n4DAPYGZY9huep6fKNPLI2-B2Q200dpCZa4JPqbVhp6iKISYOwGZVH0xveX-pB&amp;__tn__=*NK-y-R\">#vxenarabia<\/a><\/span><\/div>\n<div dir=\"auto\" style=\"text-align: center\">\n<!-- iframe plugin v.6.0 wordpress.org\/plugins\/iframe\/ -->\n<iframe loading=\"lazy\" src=\"https:\/\/www.facebook.com\/plugins\/video.php?height=315&#038;href=https%3A%2F%2Fwww.facebook.com%2Freel%2F1392287751970662%2F&#038;show_text=false&#038;width=560&#038;t=0\" width=\"560\" height=\"315\" style=\"border:none;overflow:hidden\" scrolling=\"no\" frameborder=\"0\" allowfullscreen=\"true\" allow=\"autoplay; clipboard-write; encrypted-media; picture-in-picture; web-share\" 0=\"\/iframe\" class=\"iframe-class\"><\/iframe>\n<\/div>\n<\/div>\n<div class=\"wp-block-spacer\" aria-hidden=\"true\"><\/div>\n<\/div>\n<\/div>\n","protected":false},"excerpt":{"rendered":"<p>Del 19 al 31 de xineru componentes de la Banda de Gaitas Villa de Xix\u00f3n tuvieron actuando n&#8217;Arabia Saud\u00ed Fixeron actuaciones tolos d\u00edes que congregaron a muncho p\u00fablicu -18.000 persones nel actu de clausura-, punxeron a la xente a baillar pesie a les torgues, fixeron amistaes, axuntaron a asturianos emigraos, acompa\u00f1\u00f3los un saud\u00ed asturianu&#8230; Falamos [&hellip;]<\/p>\n","protected":false},"author":117,"featured_media":0,"comment_status":"closed","ping_status":"closed","sticky":false,"template":"","format":"standard","meta":{"footnotes":""},"categories":[425,35,125],"tags":[],"class_list":["post-67441","post","type-post","status-publish","format-standard","hentry","category-gaita","category-musica","category-musicasturiana-com"],"_links":{"self":[{"href":"https:\/\/edublog.educastur.es\/ixuxu\/wp-json\/wp\/v2\/posts\/67441","targetHints":{"allow":["GET"]}}],"collection":[{"href":"https:\/\/edublog.educastur.es\/ixuxu\/wp-json\/wp\/v2\/posts"}],"about":[{"href":"https:\/\/edublog.educastur.es\/ixuxu\/wp-json\/wp\/v2\/types\/post"}],"author":[{"embeddable":true,"href":"https:\/\/edublog.educastur.es\/ixuxu\/wp-json\/wp\/v2\/users\/117"}],"replies":[{"embeddable":true,"href":"https:\/\/edublog.educastur.es\/ixuxu\/wp-json\/wp\/v2\/comments?post=67441"}],"version-history":[{"count":3,"href":"https:\/\/edublog.educastur.es\/ixuxu\/wp-json\/wp\/v2\/posts\/67441\/revisions"}],"predecessor-version":[{"id":67559,"href":"https:\/\/edublog.educastur.es\/ixuxu\/wp-json\/wp\/v2\/posts\/67441\/revisions\/67559"}],"wp:attachment":[{"href":"https:\/\/edublog.educastur.es\/ixuxu\/wp-json\/wp\/v2\/media?parent=67441"}],"wp:term":[{"taxonomy":"category","embeddable":true,"href":"https:\/\/edublog.educastur.es\/ixuxu\/wp-json\/wp\/v2\/categories?post=67441"},{"taxonomy":"post_tag","embeddable":true,"href":"https:\/\/edublog.educastur.es\/ixuxu\/wp-json\/wp\/v2\/tags?post=67441"}],"curies":[{"name":"wp","href":"https:\/\/api.w.org\/{rel}","templated":true}]}}