{"id":67444,"date":"2026-02-05T13:34:02","date_gmt":"2026-02-05T11:34:02","guid":{"rendered":"https:\/\/edublog.educastur.es\/ixuxu\/?p=67444"},"modified":"2026-02-05T13:35:11","modified_gmt":"2026-02-05T11:35:11","slug":"ferla-megia-llanza-un-vinilu","status":"publish","type":"post","link":"https:\/\/edublog.educastur.es\/ixuxu\/2026\/02\/ferla-megia-llanza-un-vinilu\/","title":{"rendered":"Ferla Meg\u00eda llanza un vinilu"},"content":{"rendered":"<div class=\"elementor-element elementor-element-72daa04 e-con-full e-flex e-con e-child\" data-id=\"72daa04\" data-element_type=\"container\" data-e-type=\"container\">\n<div class=\"elementor-element elementor-element-667e3c7 elementor-widget__width-inherit elementor-widget elementor-widget-theme-post-title elementor-page-title elementor-widget-heading\" data-id=\"667e3c7\" data-element_type=\"widget\" data-e-type=\"widget\" data-widget_type=\"theme-post-title.default\">\n<div class=\"elementor-widget-container\">\n<p class=\"elementor-heading-title elementor-size-default\">Ferla Meg\u00eda llanza un vinilu qu\u2019axunta los EPs \u2018P\u00e1xaros 01\u2019 y \u2018P\u00e1xaros 02\u2019. <a href=\"https:\/\/www.instagram.com\/ferlame\">Instagram\u00a0<\/a> La t<a href=\"https:\/\/www.instagram.com\/ferlame\">i<\/a>enda d&#8217;Uvi\u00e9u de Puru Remangu <a href=\"https:\/\/www.instagram.com\/p\/DUSqjpljb2i\/\">acueye&#8217;l 14 de febreru<\/a> la presentaci\u00f3n d&#8217;esti trabayu con un showcase nel que va haber collaboraciones. <a href=\"https:\/\/musicasturiana.com\/ferla-megia-llanza-un-vinilu-quaxunta-los-eps-paxaros-01-y-paxaros-02\/\">Musicasturiana.com<\/a><\/p>\n<\/div>\n<\/div>\n<div class=\"elementor-element elementor-element-00f4678 elementor-widget__width-inherit elementor-widget elementor-widget-theme-post-excerpt\" data-id=\"00f4678\" data-element_type=\"widget\" data-e-type=\"widget\" data-widget_type=\"theme-post-excerpt.default\">\n<div><\/div>\n<\/div>\n<div class=\"elementor-element elementor-element-6138e4e elementor-widget__width-inherit elementor-widget elementor-widget-theme-post-featured-image elementor-widget-image\" data-id=\"6138e4e\" data-element_type=\"widget\" data-e-type=\"widget\" data-widget_type=\"theme-post-featured-image.default\">\n<div class=\"elementor-widget-container\"><img loading=\"lazy\" decoding=\"async\" class=\"attachment-full wp-image-47365 aligncenter\" src=\"https:\/\/musicasturiana.com\/wp-content\/uploads\/2026\/02\/ferla-presentacion-vinilu.jpg\" alt=\"\" width=\"500\" height=\"250\" \/><\/div>\n<\/div>\n<div class=\"elementor-element elementor-element-3f891ad elementor-align-center elementor-widget elementor-widget-post-info\" data-id=\"3f891ad\" data-element_type=\"widget\" data-e-type=\"widget\" data-widget_type=\"post-info.default\">\n<div class=\"elementor-widget-container\"><\/div>\n<\/div>\n<\/div>\n<div class=\"elementor-element elementor-element-eea4e26 e-con-full e-flex e-con e-child\" data-id=\"eea4e26\" data-element_type=\"container\" data-e-type=\"container\">\n<div class=\"elementor-element elementor-element-9bc739f e-con-full e-flex e-con e-child\" data-id=\"9bc739f\" data-element_type=\"container\" data-e-type=\"container\">\n<div class=\"elementor-element elementor-element-c90fe77 elementor-share-buttons--view-icon elementor-share-buttons--skin-minimal elementor-share-buttons--shape-circle elementor-grid-mobile-3 elementor-share-buttons--align-right elementor-share-buttons--color-custom elementor-widget__width-auto elementor-widget-tablet__width-auto elementor-grid-0 elementor-widget elementor-widget-share-buttons\" data-id=\"c90fe77\" data-element_type=\"widget\" data-e-type=\"widget\" data-widget_type=\"share-buttons.default\">\n<div class=\"elementor-widget-container\">\n<div class=\"elementor-grid\">\n<div class=\"elementor-grid-item\">\n<div class=\"elementor-share-btn elementor-share-btn_whatsapp\" role=\"button\" aria-label=\"Compartir en whatsapp\"><\/div>\n<\/div>\n<\/div>\n<\/div>\n<\/div>\n<\/div>\n<\/div>\n<p><!--more--><\/p>\n<div class=\"elementor-element elementor-element-a767a8c elementor-widget__width-inherit elementor-widget elementor-widget-theme-post-content\" data-id=\"a767a8c\" data-element_type=\"widget\" data-e-type=\"widget\" data-widget_type=\"theme-post-content.default\">\n<div class=\"elementor-widget-container\">\n<p>Los<strong> doce cantares<\/strong> que formen los EPs <strong><em>P\u00e1xaros 01<\/em> y <em>P\u00e1xaros 02<\/em><\/strong> que<strong> Ferla Meg\u00eda <\/strong>asoley\u00f3 en 2024 y 2025 van ver agora la lluz en formatu f\u00edsicu. L\u2019artista sierense y la so axencia, Lacre, llancen una edici\u00f3n llimitada de <strong>200 unidaes <\/strong>d\u2019un <strong>doble vinilu<\/strong> tresparente y con carpeta <em>gatefold<\/em> dise\u00f1ada pol propiu Meg\u00eda. El trabayu va presentase\u2019l s\u00e1badu<strong> 14 de febreru<\/strong> a les 13h na tienda d\u2019Uvi\u00e9u de <strong>Puru Remangu <\/strong>y con <strong>entrada llibre<\/strong>.<\/p>\n<p>Nel actu de presentaci\u00f3n, Ferla Meg\u00eda va cuntar cola compa\u00f1\u00eda de<strong> Tania Pereira y Rita Ojanguren<\/strong>, collaboradores en dos temes d\u2019esti trabayu, y va interpretar dellos de los cantares que formen la obra, un discu nel que pue sentise <strong>electr\u00f3nica, pop, m\u00fasica tradicional asturiana, reggaeton, boleru, canci\u00f3n d\u2019autor<\/strong>\u2026 l\u2019universu sonoru d\u2019un artista<strong> vanguardista y multidisciplinar <\/strong>qu\u2019aport\u00f3 a la m\u00fasica\u2019l pa\u00eds pa traer aire nuevo a la escena.<\/p>\n<p>Col <em>showcase <\/em>del pr\u00f3ximu s\u00e1badu Meg\u00eda entama una <strong>xira<\/strong> que pel momentu va llevalu a <strong>Lli\u00f3n <\/strong>(19 febreru), <strong>Ourense <\/strong>(20 febreru),<strong> A Coru\u00f1a<\/strong> (21 febreru), <strong>Taberna Narciso<\/strong> (28 febreru), <strong>Teatru Xovellanos<\/strong> (4 marzu) y<strong> Festival Interceltique Lorient <\/strong>(1 d\u2019agostu).<\/p>\n<p style=\"text-align: center\">\n<!-- iframe plugin v.6.0 wordpress.org\/plugins\/iframe\/ -->\n<iframe data-testid=\"embed-iframe\" style=\"border-radius:12px\" src=\"https:\/\/open.spotify.com\/embed\/artist\/3uK6ZjRMhvkVah2RAiFg7Y?utm_source=generator\" width=\"100%\" height=\"352\" frameborder=\"0\" allowfullscreen allow=\"autoplay; clipboard-write; encrypted-media; fullscreen; picture-in-picture\" loading=\"lazy\" 0=\"\/iframe\" scrolling=\"yes\" class=\"iframe-class\"><\/iframe>\n<\/p>\n<p>&nbsp;<\/p>\n<\/div>\n<\/div>\n","protected":false},"excerpt":{"rendered":"<p>Ferla Meg\u00eda llanza un vinilu qu\u2019axunta los EPs \u2018P\u00e1xaros 01\u2019 y \u2018P\u00e1xaros 02\u2019. Instagram\u00a0 La tienda d&#8217;Uvi\u00e9u de Puru Remangu acueye&#8217;l 14 de febreru la presentaci\u00f3n d&#8217;esti trabayu con un showcase nel que va haber collaboraciones. Musicasturiana.com<\/p>\n","protected":false},"author":117,"featured_media":0,"comment_status":"closed","ping_status":"closed","sticky":false,"template":"","format":"standard","meta":{"footnotes":""},"categories":[35,125],"tags":[],"class_list":["post-67444","post","type-post","status-publish","format-standard","hentry","category-musica","category-musicasturiana-com"],"_links":{"self":[{"href":"https:\/\/edublog.educastur.es\/ixuxu\/wp-json\/wp\/v2\/posts\/67444","targetHints":{"allow":["GET"]}}],"collection":[{"href":"https:\/\/edublog.educastur.es\/ixuxu\/wp-json\/wp\/v2\/posts"}],"about":[{"href":"https:\/\/edublog.educastur.es\/ixuxu\/wp-json\/wp\/v2\/types\/post"}],"author":[{"embeddable":true,"href":"https:\/\/edublog.educastur.es\/ixuxu\/wp-json\/wp\/v2\/users\/117"}],"replies":[{"embeddable":true,"href":"https:\/\/edublog.educastur.es\/ixuxu\/wp-json\/wp\/v2\/comments?post=67444"}],"version-history":[{"count":3,"href":"https:\/\/edublog.educastur.es\/ixuxu\/wp-json\/wp\/v2\/posts\/67444\/revisions"}],"predecessor-version":[{"id":67447,"href":"https:\/\/edublog.educastur.es\/ixuxu\/wp-json\/wp\/v2\/posts\/67444\/revisions\/67447"}],"wp:attachment":[{"href":"https:\/\/edublog.educastur.es\/ixuxu\/wp-json\/wp\/v2\/media?parent=67444"}],"wp:term":[{"taxonomy":"category","embeddable":true,"href":"https:\/\/edublog.educastur.es\/ixuxu\/wp-json\/wp\/v2\/categories?post=67444"},{"taxonomy":"post_tag","embeddable":true,"href":"https:\/\/edublog.educastur.es\/ixuxu\/wp-json\/wp\/v2\/tags?post=67444"}],"curies":[{"name":"wp","href":"https:\/\/api.w.org\/{rel}","templated":true}]}}