{"id":67468,"date":"2026-02-05T15:45:57","date_gmt":"2026-02-05T13:45:57","guid":{"rendered":"https:\/\/edublog.educastur.es\/ixuxu\/?p=67468"},"modified":"2026-02-08T21:52:11","modified_gmt":"2026-02-08T19:52:11","slug":"ayer-va-ser-un-escenariu-perfectu-pa-ver-leclis-solar-dagostu","status":"publish","type":"post","link":"https:\/\/edublog.educastur.es\/ixuxu\/2026\/02\/ayer-va-ser-un-escenariu-perfectu-pa-ver-leclis-solar-dagostu\/","title":{"rendered":"Aller va ser un escenariu perfectu pa ver l&#8217;ecl\u00eds solar d&#8217;agostu"},"content":{"rendered":"<div class=\"html-div xdj266r x14z9mp xat24cr x1lziwak xexx8yu xyri2b x18d9i69 x1c1uobl\" dir=\"auto\">\n<div class=\"html-div xdj266r x14z9mp xat24cr x1lziwak xexx8yu xyri2b x18d9i69 x1c1uobl\" dir=\"auto\">\n<div class=\"html-div xdj266r x14z9mp xat24cr x1lziwak xexx8yu xyri2b x18d9i69 x1c1uobl\" data-ad-rendering-role=\"story_message\">\n<div class=\"x1l90r2v x1iorvi4 x1g0dm76 xpdmqnj\" data-ad-comet-preview=\"message\" data-ad-preview=\"message\">\n<div class=\"x78zum5 xdt5ytf xz62fqu x16ldp7u\">\n<div class=\"xu06os2 x1ok221b\">\n<div class=\"html-div xdj266r x14z9mp xat24cr x1lziwak xexx8yu xyri2b x18d9i69 x1c1uobl\">\n<div class=\"xdj266r x14z9mp xat24cr x1lziwak x1vvkbs x126k92a\">\n<div dir=\"auto\" style=\"text-align: center\">\n<!-- iframe plugin v.6.0 wordpress.org\/plugins\/iframe\/ -->\n<iframe loading=\"lazy\" src=\"https:\/\/www.facebook.com\/plugins\/post.php?href=https%3A%2F%2Fwww.facebook.com%2Fturismo.aller%2Fposts%2Fpfbid0fzFaZBkA6fURtjwVivHgmrm25pHB67kRWVtZBwPbog7BrgZc6BP4vgYTdywqUwnbl&#038;show_text=false&#038;width=500\" width=\"500\" height=\"459\" style=\"border:none;overflow:hidden\" scrolling=\"no\" frameborder=\"0\" allowfullscreen=\"true\" allow=\"autoplay; clipboard-write; encrypted-media; picture-in-picture; web-share\" 0=\"\/iframe\" class=\"iframe-class\"><\/iframe>\n<\/div>\n<div dir=\"auto\"><\/div>\n<div dir=\"auto\"><span class=\"html-span xexx8yu xyri2b x18d9i69 x1c1uobl x1hl2dhg x16tdsg8 x1vvkbs x3nfvp2 x1j61x8r x1fcty0u xdj266r xat24cr xm2jcoa x1mpyi22 xxymvpz xlup9mm x1kky2od\"><img loading=\"lazy\" decoding=\"async\" class=\"xz74otr x15mokao x1ga7v0g x16uus16 xbiv7yw\" src=\"https:\/\/static.xx.fbcdn.net\/images\/emoji.php\/v9\/t2b\/1\/16\/1f311.png\" alt=\"\ud83c\udf11\" width=\"16\" height=\"16\" \/><\/span> Los montes de <span class=\"html-span xdj266r x14z9mp xat24cr x1lziwak xexx8yu xyri2b x18d9i69 x1c1uobl x1hl2dhg x16tdsg8 x1vvkbs\"><a class=\"x1i10hfl xjbqb8w x1ejq31n x18oe1m7 x1sy0etr xstzfhl x972fbf x10w94by x1qhh985 x14e42zd x9f619 x1ypdohk xt0psk2 x3ct3a4 xdj266r x14z9mp xat24cr x1lziwak xexx8yu xyri2b x18d9i69 x1c1uobl x16tdsg8 x1hl2dhg xggy1nq x1a2a7pz xkrqix3 x1sur9pj x1fey0fg x1s688f\" role=\"link\" href=\"https:\/\/www.facebook.com\/hashtag\/aller?__eep__=6&amp;__cft__[0]=AZZDXGVpR9HzQKaG3RubmDqDypomJd7t_ZL5XdDz7Due-MoK2bfJizKMQ-_CKaeoNTE-KyYpAUdwxPf729m2C6kiPqnJhphXbBHo5E_81Wt6QylVQfK_JlY3rV-eSgM3pH1IyyHF-xp4_8TVctDDtfpJ_X6YfnSW1LnmFyk6ktmBF0bRGJQBbYGRxZPCbZaH8Gc4TKj_GuKMjtWGvJ544E_2&amp;__tn__=*NK-y-R\">#Aller<\/a><\/span> van ser un escenario perfectu para vivir l&#8217;ecl\u00eds (<span class=\"html-span xdj266r x14z9mp xat24cr x1lziwak xexx8yu xyri2b x18d9i69 x1c1uobl x1hl2dhg x16tdsg8 x1vvkbs\"><a class=\"x1i10hfl xjbqb8w x1ejq31n x18oe1m7 x1sy0etr xstzfhl x972fbf x10w94by x1qhh985 x14e42zd x9f619 x1ypdohk xt0psk2 x3ct3a4 xdj266r x14z9mp xat24cr x1lziwak xexx8yu xyri2b x18d9i69 x1c1uobl x16tdsg8 x1hl2dhg xggy1nq x1a2a7pz xkrqix3 x1sur9pj x1fey0fg x1s688f\" role=\"link\" href=\"https:\/\/www.facebook.com\/hashtag\/eclipsetotal2026?__eep__=6&amp;__cft__[0]=AZZDXGVpR9HzQKaG3RubmDqDypomJd7t_ZL5XdDz7Due-MoK2bfJizKMQ-_CKaeoNTE-KyYpAUdwxPf729m2C6kiPqnJhphXbBHo5E_81Wt6QylVQfK_JlY3rV-eSgM3pH1IyyHF-xp4_8TVctDDtfpJ_X6YfnSW1LnmFyk6ktmBF0bRGJQBbYGRxZPCbZaH8Gc4TKj_GuKMjtWGvJ544E_2&amp;__tn__=*NK-y-R\">#eclipsetotal2026<\/a><\/span> )\u00a0 un acontecimiento astron\u00f3micu espectacular y \u00fanicu que\u00a0 va tener lugar durante l&#8217;atapecer del pr\u00f3simu 12 d&#8217;agostu.<\/div>\n<div dir=\"auto\"><!--more--><\/div>\n<div dir=\"auto\"><\/div>\n<div dir=\"auto\"><span class=\"html-span xexx8yu xyri2b x18d9i69 x1c1uobl x1hl2dhg x16tdsg8 x1vvkbs x3nfvp2 x1j61x8r x1fcty0u xdj266r xat24cr xm2jcoa x1mpyi22 xxymvpz xlup9mm x1kky2od\"><img loading=\"lazy\" decoding=\"async\" class=\"xz74otr x15mokao x1ga7v0g x16uus16 xbiv7yw\" src=\"https:\/\/static.xx.fbcdn.net\/images\/emoji.php\/v9\/taa\/1\/16\/1f310.png\" alt=\"\ud83c\udf10\" width=\"16\" height=\"16\" \/>Nesti enllaz<\/span>\u00a0que compartimos <span class=\"html-span xdj266r x14z9mp xat24cr x1lziwak xexx8yu xyri2b x18d9i69 x1c1uobl x1hl2dhg x16tdsg8 x1vvkbs\"><a class=\"x1i10hfl xjbqb8w x1ejq31n x18oe1m7 x1sy0etr xstzfhl x972fbf x10w94by x1qhh985 x14e42zd x9f619 x1ypdohk xt0psk2 x3ct3a4 xdj266r x14z9mp xat24cr x1lziwak xexx8yu xyri2b x18d9i69 x1c1uobl x16tdsg8 x1hl2dhg xggy1nq x1a2a7pz xkrqix3 x1sur9pj x1fey0fg x1s688f\" role=\"link\" href=\"https:\/\/visualizadores.ign.es\/eclipses\/2026?fbclid=IwZXh0bgNhZW0CMTAAYnJpZBEwamF1bjMyU0VpdDFwSEVvRHNydGMGYXBwX2lkEDIyMjAzOTE3ODgyMDA4OTIAAR4PfHzj0jeT4OSQTT7g5cQA-kbJyYpSHHDIP2awDrrQafsQ_tYzjWGCTkF8Dg_aem_g4fORtHUeOCyvucz0YydFw\" target=\"_blank\" rel=\"nofollow noopener noreferrer\">https:\/\/visualizadores.ign.es\/eclipses\/2026<\/a><\/span> s&#8217;accede al simulador d&#8217;eclises del <span class=\"html-span xdj266r x14z9mp xat24cr x1lziwak xexx8yu xyri2b x18d9i69 x1c1uobl x1hl2dhg x16tdsg8 x1vvkbs\"><a class=\"x1i10hfl xjbqb8w x1ejq31n x18oe1m7 x1sy0etr xstzfhl x972fbf x10w94by x1qhh985 x14e42zd x9f619 x1ypdohk xt0psk2 x3ct3a4 xdj266r x14z9mp xat24cr x1lziwak xexx8yu xyri2b x18d9i69 x1c1uobl x16tdsg8 x1hl2dhg xggy1nq x1a2a7pz xkrqix3 x1sur9pj x1fey0fg x1s688f\" role=\"link\" href=\"https:\/\/www.facebook.com\/hashtag\/ign?__eep__=6&amp;__cft__[0]=AZZDXGVpR9HzQKaG3RubmDqDypomJd7t_ZL5XdDz7Due-MoK2bfJizKMQ-_CKaeoNTE-KyYpAUdwxPf729m2C6kiPqnJhphXbBHo5E_81Wt6QylVQfK_JlY3rV-eSgM3pH1IyyHF-xp4_8TVctDDtfpJ_X6YfnSW1LnmFyk6ktmBF0bRGJQBbYGRxZPCbZaH8Gc4TKj_GuKMjtWGvJ544E_2&amp;__tn__=*NK-y-R\">#IGN<\/a><\/span> nel que introduciendo&#8217;l nome de la vuesa localid\u00e1 podr\u00e9is ver una simulaci\u00f3n del fen\u00f3menu astron\u00f3mico. Dase la circunstancia d&#8217;Espa\u00f1a ye&#8217;l meyor lugar del mundu para ver l&#8217;ecl\u00eds y que dientro d&#8217;Espa\u00f1a, Asturies y Aller van ser un lugar privilexi\u00e1u para la observaci\u00f3n tantu pol porcentaxe d&#8217;oscurecimiento como pola duraci\u00f3n del fen\u00f3meno.\u00a0<span class=\"html-span xexx8yu xyri2b x18d9i69 x1c1uobl x1hl2dhg x16tdsg8 x1vvkbs x3nfvp2 x1j61x8r x1fcty0u xdj266r xat24cr xm2jcoa x1mpyi22 xxymvpz xlup9mm x1kky2od\"><img loading=\"lazy\" decoding=\"async\" class=\"xz74otr x15mokao x1ga7v0g x16uus16 xbiv7yw\" src=\"https:\/\/static.xx.fbcdn.net\/images\/emoji.php\/v9\/tac\/1\/16\/1f4cc.png\" alt=\"\ud83d\udccc\" width=\"16\" height=\"16\" \/><\/span> Fuente: @ignspain Instituto Geogr\u00e1fico Nacional<\/div>\n<div dir=\"auto\" style=\"text-align: center\"><a href=\"https:\/\/s2.ppllstatics.com\/elcomercio\/www\/multimedia\/2026\/02\/04\/franja2.jpg\"><img loading=\"lazy\" decoding=\"async\" class=\"aligncenter size-large\" src=\"https:\/\/s2.ppllstatics.com\/elcomercio\/www\/multimedia\/2026\/02\/04\/franja2.jpg\" width=\"747\" height=\"535\" \/><\/a><\/div>\n<\/div>\n<\/div>\n<\/div>\n<\/div>\n<\/div>\n<\/div>\n<\/div>\n<\/div>\n<p>L&#8217;ecl\u00eds va traer a la pen\u00edsula dellos millones de turistes adicionales, que van percorrer especialmente la llamada franxa de totalid\u00e1, onde&#8217;l fen\u00f3menu va ser total al 100%. En concretu, esta franxa toma zones de parte de Galicia, <strong>Asturies<\/strong>, Cantabria, el norte de Castiella y Lli\u00f3n, parte del Pa\u00eds Vascu, La Rioxa, parte de Navarra, el norte de Castiella-La Mancha y de la Comunid\u00e1 de Madrid, gran parte d&#8217;Arag\u00f3n y de la Comunidad Valenciana, el sur de Catalu\u00f1a y toles isles Baleares. <strong>Nel restu del territoriu, podr\u00e1 esfrutase del ecl\u00eds parcialmente.<\/strong><\/p>\n<p style=\"text-align: center\">\n<!-- iframe plugin v.6.0 wordpress.org\/plugins\/iframe\/ -->\n<iframe loading=\"lazy\" src=\"https:\/\/www.facebook.com\/plugins\/video.php?height=476&#038;href=https%3A%2F%2Fwww.facebook.com%2Freel%2F704199069328923%2F&#038;show_text=false&#038;width=267&#038;t=0\" width=\"267\" height=\"476\" style=\"border:none;overflow:hidden\" scrolling=\"no\" frameborder=\"0\" allowfullscreen=\"true\" allow=\"autoplay; clipboard-write; encrypted-media; picture-in-picture; web-share\" 0=\"\/iframe\" class=\"iframe-class\"><\/iframe>\n<\/p>\n","protected":false},"excerpt":{"rendered":"<p>Los montes de #Aller van ser un escenario perfectu para vivir l&#8217;ecl\u00eds (#eclipsetotal2026 )\u00a0 un acontecimiento astron\u00f3micu espectacular y \u00fanicu que\u00a0 va tener lugar durante l&#8217;atapecer del pr\u00f3simu 12 d&#8217;agostu.<\/p>\n","protected":false},"author":117,"featured_media":0,"comment_status":"closed","ping_status":"closed","sticky":false,"template":"","format":"standard","meta":{"footnotes":""},"categories":[491],"tags":[],"class_list":["post-67468","post","type-post","status-publish","format-standard","hentry","category-eclis-solar"],"_links":{"self":[{"href":"https:\/\/edublog.educastur.es\/ixuxu\/wp-json\/wp\/v2\/posts\/67468","targetHints":{"allow":["GET"]}}],"collection":[{"href":"https:\/\/edublog.educastur.es\/ixuxu\/wp-json\/wp\/v2\/posts"}],"about":[{"href":"https:\/\/edublog.educastur.es\/ixuxu\/wp-json\/wp\/v2\/types\/post"}],"author":[{"embeddable":true,"href":"https:\/\/edublog.educastur.es\/ixuxu\/wp-json\/wp\/v2\/users\/117"}],"replies":[{"embeddable":true,"href":"https:\/\/edublog.educastur.es\/ixuxu\/wp-json\/wp\/v2\/comments?post=67468"}],"version-history":[{"count":6,"href":"https:\/\/edublog.educastur.es\/ixuxu\/wp-json\/wp\/v2\/posts\/67468\/revisions"}],"predecessor-version":[{"id":67675,"href":"https:\/\/edublog.educastur.es\/ixuxu\/wp-json\/wp\/v2\/posts\/67468\/revisions\/67675"}],"wp:attachment":[{"href":"https:\/\/edublog.educastur.es\/ixuxu\/wp-json\/wp\/v2\/media?parent=67468"}],"wp:term":[{"taxonomy":"category","embeddable":true,"href":"https:\/\/edublog.educastur.es\/ixuxu\/wp-json\/wp\/v2\/categories?post=67468"},{"taxonomy":"post_tag","embeddable":true,"href":"https:\/\/edublog.educastur.es\/ixuxu\/wp-json\/wp\/v2\/tags?post=67468"}],"curies":[{"name":"wp","href":"https:\/\/api.w.org\/{rel}","templated":true}]}}