{"id":67475,"date":"2026-02-06T09:57:40","date_gmt":"2026-02-06T07:57:40","guid":{"rendered":"https:\/\/edublog.educastur.es\/ixuxu\/?p=67475"},"modified":"2026-02-06T09:57:40","modified_gmt":"2026-02-06T07:57:40","slug":"el-tiempu-el-comercio-256","status":"publish","type":"post","link":"https:\/\/edublog.educastur.es\/ixuxu\/2026\/02\/el-tiempu-el-comercio-256\/","title":{"rendered":"El tiempu (El Comercio)"},"content":{"rendered":"<p style=\"text-align: center\"><a href=\"https:\/\/s2.ppllstatics.com\/elcomercio\/www\/multimedia\/2026\/02\/05\/prevision-tiempo-asturias-kNAE-U2302588077118HVD-1200x870@El%20Comercio.jpg\"><img loading=\"lazy\" decoding=\"async\" class=\"aligncenter size-large\" src=\"https:\/\/s2.ppllstatics.com\/elcomercio\/www\/multimedia\/2026\/02\/05\/prevision-tiempo-asturias-kNAE-U2302588077118HVD-1200x870@El%20Comercio.jpg\" width=\"1200\" height=\"870\" \/><\/a><\/p>\n<p>Esperamos una xornada relativamente estable, anque con alerta na mari\u00f1a. Los cielos van presentase con intervalos nublos en ll\u00ednees xenerales con m\u00e1s nubosid\u00e1 escontra l&#8217;occidente y escontra el sur onde les precipitaciones van ser daqu\u00e9 m\u00e1s frecuentes. Nel restu la probabilid\u00e1 d&#8217;ag\u00fces va ser bien baxa anque nun se refuga que pueda escapase dalguna gota puntual.<\/p>\n<p><!--more--><\/p>\n<p><strong>La cota de nieve<\/strong> va rondar los 900 o 1000 metros aprosimao pela ma\u00f1ana con encl\u00edn a baxar hasta los 700 o 800 metros pero la inestabilid\u00e1 va ser residual. <strong>Los vientos<\/strong> van siguir soplando de suroeste con raches moderaes que podr\u00eden ser localmente fuertes en zones espuestes del occidente y nel cordal, sobremanera pela ma\u00f1ana. <strong>Les temperatures m\u00e1ximes<\/strong> van baxar na met\u00e1 oriental hasta 2 \u00baC respectu al xueves, y apenes van variar na met\u00e1 occidental. Tocantes a<strong> les m\u00ednimes<\/strong>, van baxar nel oriente y nel cordal y nun van sufrir variaciones nel restu.<\/p>\n<p style=\"text-align: center\"><a href=\"https:\/\/pbs.twimg.com\/media\/HAYrJpEX0AA4oFU?format=jpg&amp;name=medium\"><img loading=\"lazy\" decoding=\"async\" class=\"aligncenter size-large\" src=\"https:\/\/pbs.twimg.com\/media\/HAYrJpEX0AA4oFU?format=jpg&amp;name=medium\" width=\"952\" height=\"581\" \/><\/a><\/p>\n<p>Mientres tola xornada va tar la mar baxu<strong> avisu mariellu por posibilid\u00e1 de foles d&#8217;hasta 5 metros d&#8217;altor<\/strong>. El s\u00e1badu esperamos una ma\u00f1ana soleyera en pr\u00e1cticamente tol Princip\u00e1u con delles nubes, nuevamente, escontra&#8217;l sur y escontra el terciu oeste asturianu. A lo llargo de la tarde nun se refuga que la nubosid\u00e1 vaiga n&#8217;aumentu. Los vientos van ser m\u00e1s fluexos pero van siguir predominando de suroeste. Les temperatures van xubir nel occidente y van caltenese ensin cambeos nel restu d&#8217;Asturies.<\/p>\n<p style=\"text-align: center\"><a href=\"https:\/\/pbs.twimg.com\/media\/HAaXhoRWIAAV4mb?format=png&amp;name=large\"><img loading=\"lazy\" decoding=\"async\" class=\"aligncenter \" src=\"https:\/\/pbs.twimg.com\/media\/HAaXhoRWIAAV4mb?format=png&amp;name=large\" width=\"550\" height=\"688\" \/><\/a><\/p>\n","protected":false},"excerpt":{"rendered":"<p>Esperamos una xornada relativamente estable, anque con alerta na mari\u00f1a. Los cielos van presentase con intervalos nublos en ll\u00ednees xenerales con m\u00e1s nubosid\u00e1 escontra l&#8217;occidente y escontra el sur onde les precipitaciones van ser daqu\u00e9 m\u00e1s frecuentes. Nel restu la probabilid\u00e1 d&#8217;ag\u00fces va ser bien baxa anque nun se refuga que pueda escapase dalguna gota [&hellip;]<\/p>\n","protected":false},"author":117,"featured_media":0,"comment_status":"closed","ping_status":"closed","sticky":false,"template":"","format":"standard","meta":{"footnotes":""},"categories":[1],"tags":[],"class_list":["post-67475","post","type-post","status-publish","format-standard","hentry","category-sin-categoria"],"_links":{"self":[{"href":"https:\/\/edublog.educastur.es\/ixuxu\/wp-json\/wp\/v2\/posts\/67475","targetHints":{"allow":["GET"]}}],"collection":[{"href":"https:\/\/edublog.educastur.es\/ixuxu\/wp-json\/wp\/v2\/posts"}],"about":[{"href":"https:\/\/edublog.educastur.es\/ixuxu\/wp-json\/wp\/v2\/types\/post"}],"author":[{"embeddable":true,"href":"https:\/\/edublog.educastur.es\/ixuxu\/wp-json\/wp\/v2\/users\/117"}],"replies":[{"embeddable":true,"href":"https:\/\/edublog.educastur.es\/ixuxu\/wp-json\/wp\/v2\/comments?post=67475"}],"version-history":[{"count":1,"href":"https:\/\/edublog.educastur.es\/ixuxu\/wp-json\/wp\/v2\/posts\/67475\/revisions"}],"predecessor-version":[{"id":67476,"href":"https:\/\/edublog.educastur.es\/ixuxu\/wp-json\/wp\/v2\/posts\/67475\/revisions\/67476"}],"wp:attachment":[{"href":"https:\/\/edublog.educastur.es\/ixuxu\/wp-json\/wp\/v2\/media?parent=67475"}],"wp:term":[{"taxonomy":"category","embeddable":true,"href":"https:\/\/edublog.educastur.es\/ixuxu\/wp-json\/wp\/v2\/categories?post=67475"},{"taxonomy":"post_tag","embeddable":true,"href":"https:\/\/edublog.educastur.es\/ixuxu\/wp-json\/wp\/v2\/tags?post=67475"}],"curies":[{"name":"wp","href":"https:\/\/api.w.org\/{rel}","templated":true}]}}