{"id":67486,"date":"2026-02-06T11:10:37","date_gmt":"2026-02-06T09:10:37","guid":{"rendered":"https:\/\/edublog.educastur.es\/ixuxu\/?p=67486"},"modified":"2026-02-06T11:10:46","modified_gmt":"2026-02-06T09:10:46","slug":"loru-verde-asturianu-el-quivi","status":"publish","type":"post","link":"https:\/\/edublog.educastur.es\/ixuxu\/2026\/02\/loru-verde-asturianu-el-quivi\/","title":{"rendered":"L&#8217;oru verde asturianu: el quivi"},"content":{"rendered":"<p><a href=\"https:\/\/www.lavozdeasturias.es\/noticia\/asturias\/2026\/02\/02\/oro-verdeasturiano-sale-reforzado-acuerdo-mercosur-principado-concentra-20-produccion-nacional\/00031770047549291340733.htm\">La Voz<\/a> \/<\/p>\n<p style=\"text-align: center\"><a href=\"https:\/\/img.lavdg.com\/sc\/Iqh9PurPs7pQY9-AZqjfhCqxcX4=\/768x\/2023\/11\/10\/00121699605510289287442\/Foto\/minikiwicuatro.jpg\"><img loading=\"lazy\" decoding=\"async\" class=\"aligncenter size-large\" src=\"https:\/\/img.lavdg.com\/sc\/Iqh9PurPs7pQY9-AZqjfhCqxcX4=\/768x\/2023\/11\/10\/00121699605510289287442\/Foto\/minikiwicuatro.jpg\" width=\"768\" height=\"432\" \/><\/a><\/p>\n<div class=\"row\">\n<div class=\"col flex sz-dk-60 hdln-blk\">\n<p>L&#8217;oru verde\u00bb asturianu: el Princip\u00e1u concentra&#8217;l 20% de la producci\u00f3n nacional. Flores de mini quivis nel plant\u00edu d&#8217;Ar\u00e1ndanos El Cierr\u00f3n.<\/p>\n<p><!--more--><br \/>\nEl consumu a\u00f1al d&#8217;esta fruta as\u00edtiase en redol a les 80.000 tonelaes, frente a una producci\u00f3n estatal qu&#8217;apenes supera les 30.000. El quivi perf\u00edlase como una de les producciones que podr\u00eda salir reforzada del pactu colos pa\u00edses del conu sur.<\/p>\n<p>Anque llue\u00f1e del pesu hist\u00f3ricu de la carne y la lleche na econom\u00eda agraria rexonal, el cultivu del quivi esperiment\u00f3 n&#8217;Asturies una crecedera sostenida desque s&#8217;introducieron los primeros plant\u00edos nos a\u00f1os ochenta nes vegues del baxu Nal\u00f3n. Cuatro d\u00e9cades dempu\u00e9s, <strong>el Princip\u00e1u concentra en redol al 20% de la producci\u00f3n nacional<\/strong>, con unes 250 hect\u00e1rees dedicaes a esti cultivu y una collecha a\u00f1al que ronda, seg\u00fan la evoluci\u00f3n reci\u00e9n, les 4.000 tonelaes ente toles sos variedaes.<\/p>\n<p><strong>La varied\u00e1 verde sigue siendo mayoritaria, anque nos \u00faltimos a\u00f1os consolid\u00f3se la espansi\u00f3n del quivi mariellu (gold) y, en menor midida, del collor\u00e1u<\/strong>, en respuesta a una demanda cada vez m\u00e1s diversificada. La producci\u00f3n asturiana dirixise nel so mayor parte al merc\u00e1u nacional, onde&#8217;l <strong>quivi ye una de les frutes m\u00e1s consum\u00edes<\/strong> y, coles mesmes, m\u00e1s importaes. El consumu a\u00f1al as\u00edtiase en redol a les 80.000 tonelaes, frente a una producci\u00f3n estatal qu&#8217;apenes supera les 30.000.<\/p>\n<p>Dalgunes de les principales empreses productores con presencia n&#8217;Asturies cunten dende va a\u00f1os con esplotaciones nel hemisferiu sur, especialmente n&#8217;Arxentina y Chile, lo que-yos dexa garantizar suministru mientres tol a\u00f1u baxu una mesma marca. La eliminaci\u00f3n d&#8217;aranceles y la mayor estabilid\u00e1 comercial qu&#8217;introduz l&#8217;alcuerdu refuercen esi modelu, al facilitar l&#8217;accesu a un merc\u00e1u ampliu, cercanu en t\u00e9rminos lox\u00edsticos y ensin barreres idiom\u00e1tiques.<\/p>\n<p>Am\u00e1s, el nuevu escenariu puede contribuyir a consolidar la posici\u00f3n de les empreses asitiaes na rex\u00f3n frente a la creciente competencia de grupos europeos, especialmente franceses, que nos \u00faltimos a\u00f1os intensificaron la so inversi\u00f3n en plant\u00edos nes vegues del Nal\u00f3n y del Narcea.<\/p>\n<p>El coraz\u00f3n del quivi asturianu sigue tando amest\u00e1u al r\u00edu m\u00e1s emblem\u00e1ticu de la rex\u00f3n. Dende Cornellana hasta Sotu&#8217;l Barcu, pasando per Pravia y Pe\u00f1aull\u00e1n, <strong>los plant\u00edos estiendense a dambes veres del Nal\u00f3n n&#8217;una de les vegues m\u00e1s f\u00e9rtiles del norte peninsular.<\/strong> Les condiciones clim\u00e1tiques de temperatures nidies, elev\u00e1u mugor, protecci\u00f3n frente a los vientos y suelos ricos en llimos, espliquen l&#8217;\u00e9situ d&#8217;un cultivu qu&#8217;atop\u00f3 n&#8217;Asturies una redolada bien similar al de les sos zones d&#8217;orixe.<\/p>\n<p><strong>La campa\u00f1a d&#8217;esti iviernu apunta a una producci\u00f3n a l&#8217;alza, tanto en cantid\u00e1 como en calibre, tres un a\u00f1u anterior marc\u00e1u pola falta d&#8217;hores de fr\u00edu.<\/strong> La superaci\u00f3n de los m\u00ednimos necesarios mientres l&#8217;iviernu y el bon est\u00e1u h\u00eddricu de los terrenes favorecieron xuna floriamientu fayadizu y xuna collecha de mayor calid\u00e1. Dende&#8217;l sector enval\u00f3rase que la producci\u00f3n rexonal va crecer ente un 20% y un 30% al respective de l&#8217;anterior campa\u00f1a.<\/p>\n<p>A ello s\u00famase un merc\u00e1u que sigue marc\u00e1u pola elevada demanda, lo que caltien los precios en niveles altos y anima a nuevos plant\u00edos tanto n&#8217;Asturies como n&#8217;otres comunidaes del norte peninsular. El quivi del Princip\u00e1u, integr\u00e1u dende 2008 na marca <strong>Alimentos del Para\u00edsu Natural<\/strong>, gocia am\u00e1s d&#8217;una reconocencia creciente ente los consumidores pola so calid\u00e1, lo que refuerza la so posici\u00f3n nun escenariu comercial que, magar el discutiniu xeneral, pres\u00e9ntase favorable pa esti oru verde\u00bb asturianu.<\/p>\n<\/div>\n<\/div>\n<p>&nbsp;<\/p>\n","protected":false},"excerpt":{"rendered":"<p>La Voz \/ L&#8217;oru verde\u00bb asturianu: el Princip\u00e1u concentra&#8217;l 20% de la producci\u00f3n nacional. Flores de mini quivis nel plant\u00edu d&#8217;Ar\u00e1ndanos El Cierr\u00f3n.<\/p>\n","protected":false},"author":117,"featured_media":0,"comment_status":"closed","ping_status":"closed","sticky":false,"template":"","format":"standard","meta":{"footnotes":""},"categories":[138],"tags":[],"class_list":["post-67486","post","type-post","status-publish","format-standard","hentry","category-alimentos"],"_links":{"self":[{"href":"https:\/\/edublog.educastur.es\/ixuxu\/wp-json\/wp\/v2\/posts\/67486","targetHints":{"allow":["GET"]}}],"collection":[{"href":"https:\/\/edublog.educastur.es\/ixuxu\/wp-json\/wp\/v2\/posts"}],"about":[{"href":"https:\/\/edublog.educastur.es\/ixuxu\/wp-json\/wp\/v2\/types\/post"}],"author":[{"embeddable":true,"href":"https:\/\/edublog.educastur.es\/ixuxu\/wp-json\/wp\/v2\/users\/117"}],"replies":[{"embeddable":true,"href":"https:\/\/edublog.educastur.es\/ixuxu\/wp-json\/wp\/v2\/comments?post=67486"}],"version-history":[{"count":2,"href":"https:\/\/edublog.educastur.es\/ixuxu\/wp-json\/wp\/v2\/posts\/67486\/revisions"}],"predecessor-version":[{"id":67488,"href":"https:\/\/edublog.educastur.es\/ixuxu\/wp-json\/wp\/v2\/posts\/67486\/revisions\/67488"}],"wp:attachment":[{"href":"https:\/\/edublog.educastur.es\/ixuxu\/wp-json\/wp\/v2\/media?parent=67486"}],"wp:term":[{"taxonomy":"category","embeddable":true,"href":"https:\/\/edublog.educastur.es\/ixuxu\/wp-json\/wp\/v2\/categories?post=67486"},{"taxonomy":"post_tag","embeddable":true,"href":"https:\/\/edublog.educastur.es\/ixuxu\/wp-json\/wp\/v2\/tags?post=67486"}],"curies":[{"name":"wp","href":"https:\/\/api.w.org\/{rel}","templated":true}]}}