{"id":67494,"date":"2026-02-06T12:10:25","date_gmt":"2026-02-06T10:10:25","guid":{"rendered":"https:\/\/edublog.educastur.es\/ixuxu\/?p=67494"},"modified":"2026-02-08T20:01:33","modified_gmt":"2026-02-08T18:01:33","slug":"noveda-llagares-la-gran-obra-nueva-de-rodrigo-cuevas","status":"publish","type":"post","link":"https:\/\/edublog.educastur.es\/ixuxu\/2026\/02\/noveda-llagares-la-gran-obra-nueva-de-rodrigo-cuevas\/","title":{"rendered":"Noved\u00e1: &#8216;Llagares&#8217;, la gran obra nueva de Rodrigo Cuevas"},"content":{"rendered":"<p>Tol mundu pue disfrutar y\u00e1 de &#8216;Llagares&#8217;, la gran obra nueva que Rodrigo Cuevas presenta como adelantu del so pr\u00f3ximu discu, &#8216;Manual de Belleza&#8217; <span class=\"html-span xexx8yu xyri2b x18d9i69 x1c1uobl x1hl2dhg x16tdsg8 x1vvkbs x3nfvp2 x1j61x8r x1fcty0u xdj266r xat24cr xm2jcoa x1mpyi22 xxymvpz xlup9mm x1kky2od\"><img loading=\"lazy\" decoding=\"async\" class=\"xz74otr x15mokao x1ga7v0g x16uus16 xbiv7yw\" src=\"https:\/\/static.xx.fbcdn.net\/images\/emoji.php\/v9\/t3c\/1\/16\/1f34e.png\" alt=\"\ud83c\udf4e\" width=\"16\" height=\"16\" \/><\/span> Tr\u00e1tase d\u2019un EP de tr\u00e9s temes que pue sentise y\u00e1 en toles plataformes musicales y que s\u2019asoleya acompa\u00f1\u00e1u d\u2019una pel\u00edcula musical de diecisiete minutos que recueye estos tr\u00e9s cantares. <a href=\"https:\/\/musicasturiana.com\/ya-ta-equi-llagares-la-pelicula-musical-de-rodrigo-cuevas\/\">Musicasturiana.com\u00a0<\/a><\/p>\n<p style=\"text-align: center\"><span class=\"x193iq5w xeuugli x13faqbe x1vvkbs xt0psk2 x1i0vuye xvs91rp xo1l8bm x5n08af x10wh9bi xpm28yp x8viiok x1o7cslx x126k92a\"><span class=\"html-span xexx8yu x4uap5 x18d9i69 xkhd6sd x1hl2dhg x16tdsg8 x1vvkbs x3nfvp2 x1j61x8r x1fcty0u xdj266r xat24cr xgzva0m xhhsvwb xxymvpz xlup9mm x1kky2od\">\n<!-- iframe plugin v.6.0 wordpress.org\/plugins\/iframe\/ -->\n<iframe loading=\"lazy\" src=\"https:\/\/www.instagram.com\/p\/DUVO2Ycjewc\/embed\" width=\"460\" height=\"625\" 0=\"\/iframe\" scrolling=\"yes\" class=\"iframe-class\" frameborder=\"0\"><\/iframe>\n<\/span><\/span><\/p>\n<p><strong><!--more--><\/strong><\/p>\n<p style=\"text-align: center\"><a href=\"https:\/\/musicasturiana.com\/wp-content\/uploads\/2026\/02\/llagares-rodrigo-cuevas-rossy-1.jpg\"><img loading=\"lazy\" decoding=\"async\" class=\"aligncenter \" src=\"https:\/\/musicasturiana.com\/wp-content\/uploads\/2026\/02\/llagares-rodrigo-cuevas-rossy-1.jpg\" width=\"536\" height=\"268\" \/><\/a><\/p>\n<p>&nbsp;<\/p>\n<div class=\"elementor-element elementor-element-667e3c7 elementor-widget__width-inherit elementor-widget elementor-widget-theme-post-title elementor-page-title elementor-widget-heading\" data-id=\"667e3c7\" data-element_type=\"widget\" data-e-type=\"widget\" data-widget_type=\"theme-post-title.default\">\n<div class=\"elementor-widget-container\">\n<p class=\"elementor-heading-title elementor-size-default\" style=\"text-align: center\"><span style=\"color: #008080\">Y\u00e1 ta equ\u00ed \u2018Llagares\u2019, la pel\u00edcula musical de Rodrigo Cuevas<\/span><\/p>\n<\/div>\n<\/div>\n<div class=\"elementor-element elementor-element-00f4678 elementor-widget__width-inherit elementor-widget elementor-widget-theme-post-excerpt\" data-id=\"00f4678\" data-element_type=\"widget\" data-e-type=\"widget\" data-widget_type=\"theme-post-excerpt.default\">\n<div class=\"elementor-widget-container\">Los tr\u00e9s temes que formen l&#8217;adelantu nuevu del discu &#8216;La Belleza&#8217; ven la lluz n&#8217;audio y nuna pel\u00edcula qu&#8217;implic\u00f3 a m\u00e1s 100 persones na so realizaci\u00f3n<\/div>\n<\/div>\n<p style=\"text-align: center\">\n<!-- iframe plugin v.6.0 wordpress.org\/plugins\/iframe\/ -->\n<iframe loading=\"lazy\" width=\"627\" height=\"353\" src=\"https:\/\/www.youtube.com\/embed\/z5vAq57BaUk\" title=\"Rodrigo Cuevas - Llagares\" frameborder=\"0\" allow=\"accelerometer; autoplay; clipboard-write; encrypted-media; gyroscope; picture-in-picture; web-share\" referrerpolicy=\"strict-origin-when-cross-origin\" 0=\"allowfullscreen\" 1=\"\/iframe\" scrolling=\"yes\" class=\"iframe-class\"><\/iframe>\n<\/p>\n<p>Tres del\u00a0<a href=\"https:\/\/musicasturiana.com\/pais-humor-electropunk-nel-curtiumetraxe-de-rodrigo-cuevas\/\">preestrenu del martes nos cines Embajadores Foncalada<\/a>\u00a0d\u2019Uvi\u00e9u, tol mundu pue disfrutar y\u00e1 de\u00a0<em><strong>Llagares<\/strong><\/em>, la gran obra nueva que<strong>\u00a0Rodrigo Cuevas<\/strong>\u00a0presenta como adelantu del so pr\u00f3ximu discu,\u00a0<em><strong>Manual de Belleza<\/strong><\/em>. Tr\u00e1tase d\u2019un\u00a0<strong>EP de tr\u00e9s temes\u00a0<\/strong>que pue sentise y\u00e1 en toles\u00a0<a href=\"https:\/\/open.spotify.com\/intl-es\/album\/714RWnrcaxyfwxz72ovvw0?si=8oKF4Hb6QhaEnXwhqcwjWQ\" target=\"_blank\" rel=\"noopener\">plataformes musicales<\/a>\u00a0y que s\u2019asoleya acompa\u00f1\u00e1u d\u2019una\u00a0<a href=\"https:\/\/www.youtube.com\/watch?v=z5vAq57BaUk&amp;list=RDz5vAq57BaUk&amp;index=1\" target=\"_blank\" rel=\"noreferrer noopener\">pel\u00edcula musical<\/a>\u00a0de diecisiete minutos que recueye estos tr\u00e9s cantares.<\/p>\n<p style=\"text-align: center\">\n<!-- iframe plugin v.6.0 wordpress.org\/plugins\/iframe\/ -->\n<iframe data-testid=\"embed-iframe\" style=\"border-radius:12px\" src=\"https:\/\/open.spotify.com\/embed\/album\/714RWnrcaxyfwxz72ovvw0?utm_source=generator\" width=\"100%\" height=\"352\" frameborder=\"0\" allowfullscreen allow=\"autoplay; clipboard-write; encrypted-media; fullscreen; picture-in-picture\" loading=\"lazy\" 0=\"\/iframe\" scrolling=\"yes\" class=\"iframe-class\"><\/iframe>\n<\/p>\n<p><strong>\u2018S\u00e1came a baillar\u2019\u00a0<\/strong>-cola collaboraci\u00f3n d\u2019Ana Bel\u00e9n-,<strong>\u00a0\u2018Asturc\u00f3n\u2019<\/strong>\u00a0y\u00a0<strong>\u2018Una muerte ideal\u2019<\/strong>\u00a0-na qu\u2019andechen Mapi Quintana y el gallegu Grande Amore-, son los tr\u00e9s temes nuevos que\u2019l \u00abministru de verbenes\u00bb llanza dempu\u00e9s d\u2019avanzar en navid\u00e1\u2019l single<strong><a href=\"https:\/\/youtu.be\/BIPUYWRPyxM?si=MsKQn_6mExEUeG10\" target=\"_blank\" rel=\"noopener\">\u00a0\u2018Un mundo feliz\u2019<\/a><\/strong>\u00a0xunto a Massiel. Nellos Rodrigo Cuevas\u00a0<strong>vuelve a sorprender y amosar la so versatilid\u00e1<\/strong>; suenen influencies<strong>\u00a0punk, electr\u00f3nica, trap, pop y coral<\/strong>, ensin dexar tampoco de llau la m\u00fasica tradicional peninsular que forma parte del so ADN como artista.<\/p>\n<p>En \u2018S\u00e1came a baillar\u2019, Rodrigo Cuevas tira de<strong>\u00a0pasudoble espa\u00f1ol<\/strong>\u00a0y d\u2019una potente secci\u00f3n de metales y r\u00edtmica pa cantar al amor. Xunto a \u00e9l pon voz la m\u00edtica<strong>\u00a0Ana Bel\u00e9n<\/strong>; toca la caxa\u2019l multiinstrumentista\u00a0<strong>Rodrigo Joglar<\/strong>; y, ente otros, graba los saxos\u00a0<strong>Tino Cuesta<\/strong>, componente de la banda de Cuevas. Hai que sorrayar que nel videoclip nun apaez el tema completu por mor de qu\u2019Ana Bel\u00e9n nun pudo participar na grabaci\u00f3n y nam\u00e1s pue sentise\u2019l\u00a0<strong>fragmentu final\u00a0<\/strong>de la so collaboraci\u00f3n. Am\u00e1s, na obra audiovisual apaecen componentes de la\u00a0<strong>Banda de M\u00fasica de Pravia<\/strong>\u00a0y el percusionista<strong>\u00a0Juanjo D\u00edaz<\/strong>, que nun participaron na grabaci\u00f3n del cantar.<\/p>\n<div class=\"wp-block-spacer\" aria-hidden=\"true\"><\/div>\n<blockquote class=\"wp-block-quote is-layout-flow wp-container-core-quote-is-layout-dc778769 wp-block-quote-is-layout-flow\">\n<p class=\"has-text-color has-link-color wp-elements-d0269b3ac15d90ed104b4f64511131fe\"><em>\u00ab\u2018S\u00e1came a baillar\u2019 -cola collaboraci\u00f3n d\u2019Ana Bel\u00e9n-, \u2018Asturc\u00f3n\u2019 y \u2018Una muerte ideal\u2019 -na qu\u2019andechen Mapi Quintana y el gallegu Grande Amore-, son los tr\u00e9s temes nuevos que\u2019l \u00abministru de verbenes\u00bb llanza dempu\u00e9s d\u2019avanzar en navid\u00e1\u2019l single \u2018Un mundo feliz\u2019 xunto a Massiel\u00bb<\/em><\/p>\n<\/blockquote>\n<div class=\"wp-block-spacer\" aria-hidden=\"true\"><\/div>\n<p>\u2018Asturc\u00f3n\u2019 ye un tema con una<strong>\u00a0lletra n\u2019asturianu dafechu<\/strong>\u00a0na que Rodrigo Cuevas convi\u00e9rtese nun asturc\u00f3n desboc\u00e1u de pasi\u00f3n. El<strong>\u00a0pop, el\u00a0<em>mamarrach\u00e9u<\/em><\/strong>\u00a0y melod\u00edes de voz influenciaes una migaya pol\u00a0<strong>trap\u00a0<\/strong>-autotune incluy\u00edu-, dan forma a esta composici\u00f3n musical na que l\u2019artista indie\u00a0<strong>Zahara\u00a0<\/strong>particip\u00f3 faciendo les programaciones xunto a\u00a0<strong>Eduardo Cabra<\/strong>\u00a0-productor del discu y<strong>\u00a0autor de la m\u00fasica<\/strong>\u00a0d\u2019estos tr\u00e9s temes-. El videoclip reflexa\u2019l momentu m\u00e1s sensual de\u00a0<em>Llagares<\/em>, con un Cuevas vist\u00edu de bandoleru que queda en porrica y fai un tr\u00edu homosexual, anque rescampla que la<strong>\u00a0lletra ta cantada a una \u00abmorena\u00bb<\/strong>.<\/p>\n<p>Un coru en\u00a0<strong>llat\u00edn\u00a0<\/strong>de\u00a0<strong>Mapi Quintana<\/strong>\u00a0-tami\u00e9n componente de la formaci\u00f3n del artista carbay\u00f3n- abri \u2018Una muerte ideal\u2019, el\u00a0<strong>cantar m\u00e1s diferente<\/strong>\u00a0de tolos qu\u2019asoley\u00f3 Rodrigo Cuevas hasta la fecha. El<strong>\u00a0punk electr\u00f3nicu<\/strong>\u00a0marca\u2019l ritmu d\u2019esti tema que tien una<strong>\u00a0divertida lletra<\/strong>\u00a0inspirada na visi\u00f3n cola que reflexa la muerte\u2019l llibru\u00a0<strong><em>Te di ojos y miraste las tinieblas<\/em><\/strong>\u00a0d\u2019Irene Sol\u00e1. El testu pon a facer pogu a<strong>\u00a0El Presi, Roc\u00edo Jurado, Bisbal, Las Ketchup<\/strong>\u00a0y hasta a\u00a0<strong>San Pedru\u00a0<\/strong>y n\u00e9l collabora tami\u00e9n l\u2019artista gallegu<strong>\u00a0Grande Amore<\/strong>\u00a0cantando na so llingua materna. La coreograf\u00eda del videu ye una creaci\u00f3n de\u00a0<strong>Pablo D\u00e1vila<\/strong>, tami\u00e9n baillar\u00edn habitual de la banda de Cuevas qu\u2019apaecen nel videoclip col nome colectivu de\u00a0<strong>Las Perfectas<\/strong>.<\/p>\n<div class=\"wp-block-spacer\" aria-hidden=\"true\"><\/div>\n<h2 class=\"wp-block-heading\"><mark class=\"has-inline-color\">Curtiumetraxe musical<\/mark><\/h2>\n<p>Los tr\u00e9s temes de\u00a0<em>Llagares\u00a0<\/em>ven la lluz acompa\u00f1aos d\u2019una obra d\u2019arte audiovisual creada por\u00a0<strong>Jorge Rojas<\/strong>.\u00a0El curtiumetraxe musical ye un homenaxe al programa de RTVE\u00a0<strong><em>Cantares<\/em>\u00a0<\/strong>que dirix\u00f3 Lauren Postigo en 1978 y pel que pasaron\u00a0<strong>m\u00edtiques folcl\u00f3riques<\/strong>\u00a0espa\u00f1oles. La<strong>\u00a0calid\u00e1, l\u2019humor, la identid\u00e1 asturiana y el trabayu colectivu<\/strong>\u00a0definen a esta pel\u00edcula musical na que, am\u00e1s de Rodrigo Cuevas y parte de los m\u00fasicos y baillarines que collaboran nos temes, apaez tami\u00e9n la famosa actriz\u00a0<strong>Rossy de Palma<\/strong>. Tami\u00e9n fici\u00e9ronla posible\u00a0<strong>103 figurantes, xente del pueblu de L\u2019Infiestu, y un llargu\u00a0<em>staff<\/em><\/strong><em>\u00a0<\/em>-que va dende \u00abl\u2019equipu de panoyismu\u00bb hasta responsables de producci\u00f3n- qu\u2019andecharon pa crear una obra de<strong>\u00a0m\u00e1s de quince minutos\u00a0<\/strong>de duraci\u00f3n,\u00a0<strong>grabada n\u2019anal\u00f3xico<\/strong>\u00a0en 16 mm y na que\u2019l llagar de sidra Cortina de Villaviciosa convi\u00e9rtese en<strong>\u00a0<em>La Panoya Dorada<\/em><\/strong><\/p>\n<p>&nbsp;<\/p>\n<p>&nbsp;<\/p>\n<p>\ud83c\udfbc Cuando parec\u00eda que Rodrigo Cuevas (<a class=\"x1i10hfl xjbqb8w x1ejq31n x18oe1m7 x1sy0etr xstzfhl x972fbf x10w94by x1qhh985 x14e42zd x9f619 x1ypdohk xt0psk2 x3ct3a4 xdj266r x14z9mp xat24cr x1lziwak xexx8yu xyri2b x18d9i69 x1c1uobl x16tdsg8 x1hl2dhg xggy1nq x1a2a7pz notranslate _a6hd\" role=\"link\" href=\"https:\/\/www.instagram.com\/rodrigocuevasg\/\">@rodrigocuevasg<\/a>) hab\u00eda tocado el techo de su creatividad, vuelve a sorprender. El adelanto de su nuevo <a class=\"x1i10hfl xjbqb8w x1ejq31n x18oe1m7 x1sy0etr xstzfhl x972fbf x10w94by x1qhh985 x14e42zd x9f619 x1ypdohk xt0psk2 x3ct3a4 xdj266r x14z9mp xat24cr x1lziwak xexx8yu xyri2b x18d9i69 x1c1uobl x16tdsg8 x1hl2dhg xggy1nq x1a2a7pz _aa9_ _a6hd\" role=\"link\" href=\"https:\/\/www.instagram.com\/explore\/tags\/disco\/\">#disco<\/a>, &#8216;Manual de belleza&#8217;, lo ha montado con el lanzamiento de todo un <a class=\"x1i10hfl xjbqb8w x1ejq31n x18oe1m7 x1sy0etr xstzfhl x972fbf x10w94by x1qhh985 x14e42zd x9f619 x1ypdohk xt0psk2 x3ct3a4 xdj266r x14z9mp xat24cr x1lziwak xexx8yu xyri2b x18d9i69 x1c1uobl x16tdsg8 x1hl2dhg xggy1nq x1a2a7pz _aa9_ _a6hd\" role=\"link\" href=\"https:\/\/www.instagram.com\/explore\/tags\/cortometraje\/\">#cortometraje<\/a> que incluye no una, sino tres canciones. Y es que, cuando seguramente todos sus fans esperaban, tras el lanzamiento del primer single, &#8216;Un mundo feliz&#8217;, con la mism\u00edsima Massiel, que siguiera el goteo de los pr\u00f3ximos cortes, el m\u00fasico ovetense dio a conocer en un pase para medios e invitados en los Cines Embajadores (<a class=\"x1i10hfl xjbqb8w x1ejq31n x18oe1m7 x1sy0etr xstzfhl x972fbf x10w94by x1qhh985 x14e42zd x9f619 x1ypdohk xt0psk2 x3ct3a4 xdj266r x14z9mp xat24cr x1lziwak xexx8yu xyri2b x18d9i69 x1c1uobl x16tdsg8 x1hl2dhg xggy1nq x1a2a7pz notranslate _a6hd\" role=\"link\" href=\"https:\/\/www.instagram.com\/cinesfoncalada\/\">@cinesfoncalada<\/a>) el <a class=\"x1i10hfl xjbqb8w x1ejq31n x18oe1m7 x1sy0etr xstzfhl x972fbf x10w94by x1qhh985 x14e42zd x9f619 x1ypdohk xt0psk2 x3ct3a4 xdj266r x14z9mp xat24cr x1lziwak xexx8yu xyri2b x18d9i69 x1c1uobl x16tdsg8 x1hl2dhg xggy1nq x1a2a7pz _aa9_ _a6hd\" role=\"link\" href=\"https:\/\/www.instagram.com\/explore\/tags\/videoclip\/\">#videoclip<\/a> &#8216;Llagares&#8217;, un divertido homenaje al m\u00edtico programa &#8216;Cantares&#8217; de Lauren Postigo en el que interpreta &#8216;otres tres&#8217; canciones de su \u00e1lbum.<\/p>\n","protected":false},"excerpt":{"rendered":"<p>Tol mundu pue disfrutar y\u00e1 de &#8216;Llagares&#8217;, la gran obra nueva que Rodrigo Cuevas presenta como adelantu del so pr\u00f3ximu discu, &#8216;Manual de Belleza&#8217; Tr\u00e1tase d\u2019un EP de tr\u00e9s temes que pue sentise y\u00e1 en toles plataformes musicales y que s\u2019asoleya acompa\u00f1\u00e1u d\u2019una pel\u00edcula musical de diecisiete minutos que recueye estos tr\u00e9s cantares. Musicasturiana.com\u00a0<\/p>\n","protected":false},"author":117,"featured_media":0,"comment_status":"closed","ping_status":"closed","sticky":false,"template":"","format":"standard","meta":{"footnotes":""},"categories":[35,125],"tags":[],"class_list":["post-67494","post","type-post","status-publish","format-standard","hentry","category-musica","category-musicasturiana-com"],"_links":{"self":[{"href":"https:\/\/edublog.educastur.es\/ixuxu\/wp-json\/wp\/v2\/posts\/67494","targetHints":{"allow":["GET"]}}],"collection":[{"href":"https:\/\/edublog.educastur.es\/ixuxu\/wp-json\/wp\/v2\/posts"}],"about":[{"href":"https:\/\/edublog.educastur.es\/ixuxu\/wp-json\/wp\/v2\/types\/post"}],"author":[{"embeddable":true,"href":"https:\/\/edublog.educastur.es\/ixuxu\/wp-json\/wp\/v2\/users\/117"}],"replies":[{"embeddable":true,"href":"https:\/\/edublog.educastur.es\/ixuxu\/wp-json\/wp\/v2\/comments?post=67494"}],"version-history":[{"count":3,"href":"https:\/\/edublog.educastur.es\/ixuxu\/wp-json\/wp\/v2\/posts\/67494\/revisions"}],"predecessor-version":[{"id":67578,"href":"https:\/\/edublog.educastur.es\/ixuxu\/wp-json\/wp\/v2\/posts\/67494\/revisions\/67578"}],"wp:attachment":[{"href":"https:\/\/edublog.educastur.es\/ixuxu\/wp-json\/wp\/v2\/media?parent=67494"}],"wp:term":[{"taxonomy":"category","embeddable":true,"href":"https:\/\/edublog.educastur.es\/ixuxu\/wp-json\/wp\/v2\/categories?post=67494"},{"taxonomy":"post_tag","embeddable":true,"href":"https:\/\/edublog.educastur.es\/ixuxu\/wp-json\/wp\/v2\/tags?post=67494"}],"curies":[{"name":"wp","href":"https:\/\/api.w.org\/{rel}","templated":true}]}}