{"id":67496,"date":"2026-02-06T09:10:59","date_gmt":"2026-02-06T07:10:59","guid":{"rendered":"https:\/\/edublog.educastur.es\/ixuxu\/?p=67496"},"modified":"2026-02-06T11:26:27","modified_gmt":"2026-02-06T09:26:27","slug":"josefina-castellvi-pionera-de-la-ciencia-espanola-na-antartida","status":"publish","type":"post","link":"https:\/\/edublog.educastur.es\/ixuxu\/2026\/02\/josefina-castellvi-pionera-de-la-ciencia-espanola-na-antartida\/","title":{"rendered":"Josefina Castellv\u00ed, pionera de la ciencia espa\u00f1ola na Ant\u00e1rtida"},"content":{"rendered":"<p>La bi\u00f3loga y ocean\u00f3grafa Josefina Castellv\u00ed, pionera de la ciencia espa\u00f1ola na Ant\u00e1rtida y directora de la primer base espa\u00f1ola nel continente blancu, fin\u00f3 a los 90 a\u00f1os. El so leg\u00e1u cient\u00edfico y ambiental va siguir inspirando xeneraciones. <a href=\"https:\/\/mujeresconciencia.com\/2021\/07\/01\/josefina-castellvi-piulachs-oceanografa\/\">Muyeres con ciencia<\/a> \/<\/p>\n<p style=\"text-align: center\"><span class=\"x193iq5w xeuugli x13faqbe x1vvkbs xt0psk2 x1i0vuye xvs91rp xo1l8bm x5n08af x10wh9bi xpm28yp x8viiok x1o7cslx x126k92a\"><span class=\"html-span xexx8yu x4uap5 x18d9i69 xkhd6sd x1hl2dhg x16tdsg8 x1vvkbs x3nfvp2 x1j61x8r x1fcty0u xdj266r xat24cr xgzva0m xhhsvwb xxymvpz xlup9mm x1kky2od\">\n<!-- iframe plugin v.6.0 wordpress.org\/plugins\/iframe\/ -->\n<iframe loading=\"lazy\" src=\"https:\/\/www.instagram.com\/p\/DUYgxPBjEda\/embed\" width=\"460\" height=\"625\" 0=\"\/iframe\" scrolling=\"yes\" class=\"iframe-class\" frameborder=\"0\"><\/iframe>\n<\/span><\/span><\/p>\n<p><!--more--><\/p>\n<p>La ocean\u00f3grafa Josefina Castellv\u00ed Piulachs (1935-2026) naci\u00f3 un 1 de xunetu.<\/p>\n<p>En 1984, ella y Marta Estrada fueron les primeres espa\u00f1oles en participar n&#8217;una espedici\u00f3n internacional na Ant\u00e1rtida. Collabor\u00f3 na instalaci\u00f3n de la Base Ant\u00e1rtica Espa\u00f1ol Juan Carlos I na Isla Livingston, que dirixi\u00f3 ente 1989 y 1997. Ente 1989 y 1995 dirixi\u00f3 Programa Nacional d&#8217;Investigaci\u00f3n Ant\u00e1rtica (Madrid) y en 1994-1995, l&#8217;Institutu de Ciencies del Mar.<\/p>\n<p>Dalgunos de los premios que recibi\u00f3 son la Medaya d&#8217;Oru de la Ciud\u00e1 de Barcelona en 1994, la Cruz de San Jorge en 2003, el Premiu de Mediu Ambiente del IEC en 2006 y la Medaya August Pi i Sunyer en 2015.<\/p>\n<p style=\"text-align: center\">\u00a0Josefina Castellv\u00ed:<span style=\"color: #008080\"><em><strong> \u00abSabemos m\u00e1s del espaciu que de los oc\u00e9anos\u00bb<\/strong><\/em><\/span><\/p>\n<p>Edici\u00f3n realizada por Marta Macho<\/p>\n","protected":false},"excerpt":{"rendered":"<p>La bi\u00f3loga y ocean\u00f3grafa Josefina Castellv\u00ed, pionera de la ciencia espa\u00f1ola na Ant\u00e1rtida y directora de la primer base espa\u00f1ola nel continente blancu, fin\u00f3 a los 90 a\u00f1os. El so leg\u00e1u cient\u00edfico y ambiental va siguir inspirando xeneraciones. Muyeres con ciencia \/<\/p>\n","protected":false},"author":117,"featured_media":0,"comment_status":"closed","ping_status":"closed","sticky":false,"template":"","format":"standard","meta":{"footnotes":""},"categories":[45,162],"tags":[],"class_list":["post-67496","post","type-post","status-publish","format-standard","hentry","category-ciencia","category-dep"],"_links":{"self":[{"href":"https:\/\/edublog.educastur.es\/ixuxu\/wp-json\/wp\/v2\/posts\/67496","targetHints":{"allow":["GET"]}}],"collection":[{"href":"https:\/\/edublog.educastur.es\/ixuxu\/wp-json\/wp\/v2\/posts"}],"about":[{"href":"https:\/\/edublog.educastur.es\/ixuxu\/wp-json\/wp\/v2\/types\/post"}],"author":[{"embeddable":true,"href":"https:\/\/edublog.educastur.es\/ixuxu\/wp-json\/wp\/v2\/users\/117"}],"replies":[{"embeddable":true,"href":"https:\/\/edublog.educastur.es\/ixuxu\/wp-json\/wp\/v2\/comments?post=67496"}],"version-history":[{"count":1,"href":"https:\/\/edublog.educastur.es\/ixuxu\/wp-json\/wp\/v2\/posts\/67496\/revisions"}],"predecessor-version":[{"id":67497,"href":"https:\/\/edublog.educastur.es\/ixuxu\/wp-json\/wp\/v2\/posts\/67496\/revisions\/67497"}],"wp:attachment":[{"href":"https:\/\/edublog.educastur.es\/ixuxu\/wp-json\/wp\/v2\/media?parent=67496"}],"wp:term":[{"taxonomy":"category","embeddable":true,"href":"https:\/\/edublog.educastur.es\/ixuxu\/wp-json\/wp\/v2\/categories?post=67496"},{"taxonomy":"post_tag","embeddable":true,"href":"https:\/\/edublog.educastur.es\/ixuxu\/wp-json\/wp\/v2\/tags?post=67496"}],"curies":[{"name":"wp","href":"https:\/\/api.w.org\/{rel}","templated":true}]}}