{"id":67500,"date":"2026-02-06T11:33:39","date_gmt":"2026-02-06T09:33:39","guid":{"rendered":"https:\/\/edublog.educastur.es\/ixuxu\/?p=67500"},"modified":"2026-02-09T12:55:01","modified_gmt":"2026-02-09T10:55:01","slug":"cartelu-de-lantroxu-xixones","status":"publish","type":"post","link":"https:\/\/edublog.educastur.es\/ixuxu\/2026\/02\/cartelu-de-lantroxu-xixones\/","title":{"rendered":"Cartelu de l&#8217;Antroxu xixon\u00e9s"},"content":{"rendered":"<p style=\"text-align: center\"><span class=\"x193iq5w xeuugli x13faqbe x1vvkbs xt0psk2 x1i0vuye xvs91rp xo1l8bm x5n08af x10wh9bi xpm28yp x8viiok x1o7cslx x126k92a\"><span class=\"html-span xexx8yu x4uap5 x18d9i69 xkhd6sd x1hl2dhg x16tdsg8 x1vvkbs x3nfvp2 x1j61x8r x1fcty0u xdj266r xat24cr xgzva0m xhhsvwb xxymvpz xlup9mm x1kky2od\">\n<!-- iframe plugin v.6.0 wordpress.org\/plugins\/iframe\/ -->\n<iframe loading=\"lazy\" src=\"https:\/\/www.instagram.com\/p\/DUaLH0dkpq9\/embed\" width=\"460\" height=\"625\" 0=\"\/iframe\" scrolling=\"yes\" class=\"iframe-class\" frameborder=\"0\"><\/iframe>\n<\/span><\/span><\/p>\n<p>\ud83c\udfad\ud83c\udf8aLos sua\u00f1os de la sardina y\u00e1 se lluz poles cais de Xix\u00f3n. Tr\u00e1tase d&#8217;una creaci\u00f3n de l&#8217;artista <a href=\"https:\/\/www.instagram.com\/rosariorosesariza\/\"><span style=\"color: #008080\"><strong>Rosario Roses Ariza<\/strong><\/span><\/a>, quien fai tan solo un mes qu&#8217;aterriz\u00f3 n&#8217;Asturies dende la capital espa\u00f1ola. \ud83d\udd8c\ufe0f\ud83c\udfa8Para l&#8217;artista madrilana nun se trata d&#8217;una ilustraci\u00f3n m\u00e1s, ye l&#8217;empiezu d&#8217;una nueva vida y l&#8217;emburri\u00f3n \u00abque precisaba\u00bb para llanzar la so carrera profesional.\u2060<\/p>\n<p><!--more--><\/p>\n<p>La obra de Rosario\u00a0 foi escoyida pola so creativid\u00e1, orixinalid\u00e1 y capacid\u00e1 para reflexar l&#8217;esp\u00edritu de la fiesta.<\/p>\n<p style=\"text-align: center\">\n<!-- iframe plugin v.6.0 wordpress.org\/plugins\/iframe\/ -->\n<iframe loading=\"lazy\" src=\"https:\/\/www.facebook.com\/plugins\/post.php?href=https%3A%2F%2Fwww.facebook.com%2Fpinceladasdeasturias%2Fposts%2Fpfbid0KnRqNGMiD9JKUadDdAVT7i6Yyocxuq1UDVp9tbQsvw4Aa7aTmYAmenSCN7PVyihpl&#038;show_text=false&#038;width=500\" width=\"500\" height=\"272\" style=\"border:none;overflow:hidden\" scrolling=\"no\" frameborder=\"0\" allowfullscreen=\"true\" allow=\"autoplay; clipboard-write; encrypted-media; picture-in-picture; web-share\" 0=\"\/iframe\" class=\"iframe-class\"><\/iframe>\n<\/p>\n<p><em>\u201cQuer\u00eda xugar con imaxes y s\u00edmbolos que representaren otru sentir del Antroxu y de la so guapa simbolox\u00eda de la muerte y el renacer\u201d<\/em>. La sardina, figura central del Antroxu, convi\u00e9rtese asina nun elementu on\u00edricu que convida a cavilgar sobro&#8217;l ciclu festivu y la so dimensi\u00f3n m\u00e1s simb\u00f3lica.<\/p>\n<p style=\"text-align: center\"><a href=\"https:\/\/migijon.com\/wp-content\/uploads\/2026\/01\/CARTEL-ANTROXU-2026_LosSuenosDeLaSardina-OK.png\"><img loading=\"lazy\" decoding=\"async\" class=\"aligncenter \" src=\"https:\/\/migijon.com\/wp-content\/uploads\/2026\/01\/CARTEL-ANTROXU-2026_LosSuenosDeLaSardina-OK.png\" width=\"491\" height=\"703\" \/><\/a><\/p>\n<p>\u2060<br \/>\n\ud83d\udde3\ufe0f Unu de los elementos que llama l&#8217;atenci\u00f3n nesti cartelu del antroxu ye la falta de color. \u00abOpt\u00e9 pol blancu y negru porque quer\u00eda qu&#8217;oldeara colos colores de les charangues y que remembrara esa sensaci\u00f3n d&#8217;entierro\u00bb\u2060<br \/>\n\u2060<br \/>\n\u2712\ufe0f Mar\u00eda S. Cond\u00e1u\u2060 \/ <a href=\"https:\/\/www.lavozdeasturias.es\/noticia\/gijon\/2026\/02\/03\/madrilena-conquista-cartel-antroxu-gijon-queria-contrastara-colores-charangas\/00031770116905882514332.htm?utm_campaign=feed&amp;utm_medium=referral&amp;utm_source=later-linkinbio\">La Voz<\/a><\/p>\n<p style=\"text-align: center\"><a href=\"https:\/\/cflvdg.avoz.es\/sc\/jJZH7bGrzOWf3toY1_HrWkDNlDQ=\/768x\/2026\/02\/03\/00121770117812260847265\/Foto\/6.png\"><img loading=\"lazy\" decoding=\"async\" class=\"aligncenter size-large\" src=\"https:\/\/cflvdg.avoz.es\/sc\/jJZH7bGrzOWf3toY1_HrWkDNlDQ=\/768x\/2026\/02\/03\/00121770117812260847265\/Foto\/6.png\" width=\"768\" height=\"432\" \/><\/a><\/p>\n<p><strong>Los sua\u00f1os de la sardina recueye elementos ic\u00f3nicos de la rex\u00f3n, como&#8217;l cu\u00e9lebre, la gaita o la mesma sardina,<\/strong> protagonista indiscutible de los antroxos. Precisamente esta postrera ocupa un llugar central nel cartelu, representada dientro del so propiu ata\u00fad, conceb\u00edu como una llata de sardines, n&#8217;un chisgo \u00abtantu a la tradici\u00f3n carnavalesca como a la enraigonada cultura sardinera de la zona\u00bb, esplica Roses.<\/p>\n<p>M\u00e1s all\u00e1 del simbolismu, unu de los aspeutos m\u00e1s llamativos del cartelu ye <strong>la t\u00e9cnica emplegada<\/strong>. L&#8217;autora opt\u00f3 pol linograbado, un procedimientu tradicional y artesanal que \u00abremite a la forma na que se realizaben los cartelos antiguos\u00bb. Para llevar a cabu esta t\u00e9cnica, primero \u00abtienes que faer el dise\u00f1u y depu\u00e9s tallalo en llinoleu; tien de faese al aviesu por que, cuando lo estampes, ll\u00e9ase a dereches\u00bb.<\/p>\n<p>Otru de los elementos que llama l&#8217;atenci\u00f3n nesti cartelu del antroxu ye la falta de color. <strong>\u00abOpt\u00e9 pol blancu y negru porque quer\u00eda qu&#8217;oldeara colos colores de les charangues y que remembrara esa sensaci\u00f3n d&#8217;entierru\u00bb,<\/strong> esplica l&#8217;artista.<\/p>\n<p>&nbsp;<\/p>\n<p style=\"text-align: center\"><a href=\"https:\/\/cflvdg.avoz.es\/sc\/FsHRbQa7ukI3V1qIkoR4qU9PD5Y=\/768x\/2026\/02\/03\/00121770118669995792333\/Foto\/55.png\"><img loading=\"lazy\" decoding=\"async\" class=\"aligncenter size-large\" src=\"https:\/\/cflvdg.avoz.es\/sc\/FsHRbQa7ukI3V1qIkoR4qU9PD5Y=\/768x\/2026\/02\/03\/00121770118669995792333\/Foto\/55.png\" width=\"768\" height=\"429\" \/><\/a><\/p>\n<p>El trunfu de Los sua\u00f1os de la sardina nel concursu de cartelos del Antroxu lleg\u00f3 de forma inesperada para l&#8217;artista. Y, m\u00e1s all\u00e1 de la reconocencia al so trabayu, supon \u00abl&#8217;emburri\u00f3n que precisaba pa poder abrise cam\u00edn nel mundu del arte, que ye bien dif\u00edcil y competitivu\u00bb. Mentanto, la madrilana sigue afaci\u00e9ndose a la so nueva vida en Xix\u00f3n, y\u00e1 sua\u00f1a planes de futuru. \u00abGustar\u00edame poder dar talleres para ense\u00f1ar les t\u00e9cniques que fui aprendiendo. Am\u00e1s, toi abriendo una tienda online d&#8217;artesan\u00eda\u00bb.<\/p>\n","protected":false},"excerpt":{"rendered":"<p>\ud83c\udfad\ud83c\udf8aLos sua\u00f1os de la sardina y\u00e1 se lluz poles cais de Xix\u00f3n. Tr\u00e1tase d&#8217;una creaci\u00f3n de l&#8217;artista Rosario Roses Ariza, quien fai tan solo un mes qu&#8217;aterriz\u00f3 n&#8217;Asturies dende la capital espa\u00f1ola. \ud83d\udd8c\ufe0f\ud83c\udfa8Para l&#8217;artista madrilana nun se trata d&#8217;una ilustraci\u00f3n m\u00e1s, ye l&#8217;empiezu d&#8217;una nueva vida y l&#8217;emburri\u00f3n \u00abque precisaba\u00bb para llanzar la so carrera [&hellip;]<\/p>\n","protected":false},"author":117,"featured_media":0,"comment_status":"closed","ping_status":"closed","sticky":false,"template":"","format":"standard","meta":{"footnotes":""},"categories":[214],"tags":[],"class_list":["post-67500","post","type-post","status-publish","format-standard","hentry","category-cartelos"],"_links":{"self":[{"href":"https:\/\/edublog.educastur.es\/ixuxu\/wp-json\/wp\/v2\/posts\/67500","targetHints":{"allow":["GET"]}}],"collection":[{"href":"https:\/\/edublog.educastur.es\/ixuxu\/wp-json\/wp\/v2\/posts"}],"about":[{"href":"https:\/\/edublog.educastur.es\/ixuxu\/wp-json\/wp\/v2\/types\/post"}],"author":[{"embeddable":true,"href":"https:\/\/edublog.educastur.es\/ixuxu\/wp-json\/wp\/v2\/users\/117"}],"replies":[{"embeddable":true,"href":"https:\/\/edublog.educastur.es\/ixuxu\/wp-json\/wp\/v2\/comments?post=67500"}],"version-history":[{"count":8,"href":"https:\/\/edublog.educastur.es\/ixuxu\/wp-json\/wp\/v2\/posts\/67500\/revisions"}],"predecessor-version":[{"id":67582,"href":"https:\/\/edublog.educastur.es\/ixuxu\/wp-json\/wp\/v2\/posts\/67500\/revisions\/67582"}],"wp:attachment":[{"href":"https:\/\/edublog.educastur.es\/ixuxu\/wp-json\/wp\/v2\/media?parent=67500"}],"wp:term":[{"taxonomy":"category","embeddable":true,"href":"https:\/\/edublog.educastur.es\/ixuxu\/wp-json\/wp\/v2\/categories?post=67500"},{"taxonomy":"post_tag","embeddable":true,"href":"https:\/\/edublog.educastur.es\/ixuxu\/wp-json\/wp\/v2\/tags?post=67500"}],"curies":[{"name":"wp","href":"https:\/\/api.w.org\/{rel}","templated":true}]}}