{"id":67512,"date":"2026-02-06T14:41:29","date_gmt":"2026-02-06T12:41:29","guid":{"rendered":"https:\/\/edublog.educastur.es\/ixuxu\/?p=67512"},"modified":"2026-02-06T14:43:53","modified_gmt":"2026-02-06T12:43:53","slug":"67512","status":"publish","type":"post","link":"https:\/\/edublog.educastur.es\/ixuxu\/2026\/02\/67512\/","title":{"rendered":"Dellos eventos astron\u00f3micos d&#8217;inter\u00e9s"},"content":{"rendered":"<p>Si angua\u00f1o te propunxisti mirar menos el m\u00f3vil y m\u00e1s el cielu, equ\u00ed tienes dellos eventos astron\u00f3micos para faelo posible.<a href=\"https:\/\/www.lne.es\/asturias\/2026\/02\/06\/eclipses-diez-lluvias-estrellas-alineacion-126493066.html?fbclid=IwY2xjawPyv7pleHRuA2FlbQIxMABicmlkETBqYXVuMzJTRWl0MXBIRW9Ec3J0YwZhcHBfaWQQMjIyMDM5MTc4ODIwMDg5MgABHuM3EZKuwTBUpd1CahGZykpYS_CIVsfUhrtU6HP_kUlwTyR4FzWHnrSiZEYn_aem_-k8Djrc4KKGMpGbsqUCx_A&amp;utm_campaign=mrf-facebook-nuevaespana&amp;mrfcid=202602066985a0ad707d7242036d8634\"> LNE<\/a><\/p>\n<p style=\"text-align: center\"><a href=\"https:\/\/estaticos-cdn.prensaiberica.es\/clip\/5c0de277-8dc1-4a0a-b8e8-4fdcf62b229c_16-9-discover-aspect-ratio_default_0_x960y426.webp\"><img loading=\"lazy\" decoding=\"async\" class=\"aligncenter size-large\" src=\"https:\/\/estaticos-cdn.prensaiberica.es\/clip\/5c0de277-8dc1-4a0a-b8e8-4fdcf62b229c_16-9-discover-aspect-ratio_default_0_x960y426.webp\" width=\"1200\" height=\"675\" \/><\/a>Luc\u00eda Gonz\u00e1lez, mientres una salida a observar estrelles en Lago (Ayande). <span class=\"ft-helper-fontWeight-800 ft-helper-text-transform-uppercase\" data-aida-captionauthor=\"\"> \/ Glendor D\u00edaz<\/span><\/p>\n<p>Este 2026 va pasar a la hestoria por ser l&#8217;a\u00f1u del primer ecl\u00eds solar total del sieglu XXI n&#8217;Espa\u00f1a : nel pa\u00eds nun se produz unu similar dende 1905, magar el postreru na Tierra foi&#8217;l 8 d&#8217;abril de 2024, visible n&#8217;Am\u00e9rica del Norte. Y para m\u00e1s se\u00f1a <strong>Asturies va ser unu de los llugares col meyor allugamientu para esfrutar de tal acontecimientu astron\u00f3micu<\/strong>, en concretu, en L.luarca as\u00edtiase&#8217;l puntu, seg\u00fan los espertos, nos que podr\u00e1 vese a la Lluna tapando al Sol mientres m\u00e1s tiempu: 1 minutu y 50 segundos. \u00a0<a class=\"ft-link ft-link--decoration\" href=\"https:\/\/allandestars.com\/\" rel=\"nofollow\" data-mrf-recirculation=\"news-enlace-texto\" data-mrf-link=\"https:\/\/allandestars.com\/\">Allande Stars<\/a><\/p>\n<p><!--more--><\/p>\n<p>Naide, o bien pocos, quieren perdelo. D&#8217;ende que les places d&#8217;agospiamientu n&#8217;Asturies tean pr\u00e1cticamente escosaes pal 12 d&#8217;agostu, delles reservaes y\u00e1 dende fai m\u00e1s d&#8217;un a\u00f1u. Pero hasta esi d\u00eda que muncho tiempu y los entusiastes de l&#8217;astronom\u00eda tienen munches m\u00e1s cites nel cielu asturianu hasta esa fecha.<\/p>\n<p>L&#8217;equipu d&#8217;Ayande Stars, una empresa de divulgaci\u00f3n cient\u00edfica asitiada en La Puela Ayande ya impulsada pola astr\u00f3noma Luc\u00eda Gonz\u00e1lez, dise\u00f1\u00f3 un calendariu de lo m\u00e1s completu pa esfrutar de los \u00abeventazos\u00bb astron\u00f3micos de 2026 n&#8217;Asturies, que nun son pocos.<\/p>\n<p><strong>Eclises.\u00a0<\/strong>En cuanto eclises el del 12 d&#8217;agostu va ser el m\u00e1s importante, pero non l&#8217;\u00fanicu. Alejandra Rueda, del equipu d&#8217;Ayande Stars, esplica qu&#8217;el 28 d&#8217;agostu va haber otru, que va ser parcial de Lluna.<\/p>\n<p><strong>Agua d&#8217;estrelles.\u00a0<\/strong>Tami\u00e9n va haber munches oportunidaes, esplica Rueda, d&#8217;esfrutar de l&#8217;agua d&#8217;estrelles angua\u00f1o, que y\u00e1 empez\u00f3 coles Cuadr\u00e1ntides en xineru. Escontra&#8217;l 22 d&#8217;abril va ser el m\u00e1ximu\u00bb de les L\u00edridas \u2013orixinaries na cometa \u00abTatcher\u00bb y de les m\u00e1s antig\u00fces que se tienen conocencia\u2013 y del 5 al 6 de mayu, el meyor momentu pa les Eta Acu\u00e1ridas, los restos del c\u00e9lebre cometa \u00abHalley\u00bb polos que traviesa a estes altures del calendariu la Tierra. A finales de xunetu, el d\u00eda 30, va ser la vez de les Delta acu\u00e1ridas, a les que la Lluna casi llena va enzancar ver.<\/p>\n<p style=\"text-align: center\"><a href=\"https:\/\/estaticos-cdn.prensaiberica.es\/clip\/1a283ce5-512c-4213-837c-83c48dc4aa1d_source-aspect-ratio_default_0.webp\"><img loading=\"lazy\" decoding=\"async\" class=\"aligncenter size-large\" src=\"https:\/\/estaticos-cdn.prensaiberica.es\/clip\/1a283ce5-512c-4213-837c-83c48dc4aa1d_source-aspect-ratio_default_0.webp\" width=\"2000\" height=\"1333\" \/><\/a><\/p>\n<p style=\"text-align: center\"><strong>Equipu d&#8217;Ayande Stars. <\/strong>Irma Coll\u00edn<\/p>\n<p>Depu\u00e9s va haber qu&#8217;esperar precisamente al 12 d&#8217;agostu, marc\u00e1u en collor\u00e1u pa los espertos y aficionaos a l&#8217;astronom\u00eda, porque am\u00e1s del ecl\u00eds solar total nesa fecha toquen les famoses Perseidas o ll\u00e1rimes de San Llorienzo. \u00abSi salisti al campu a ver l&#8217;ecl\u00eds y tas llue\u00f1e de posibles focos de contaminaci\u00f3n llum\u00ednica, aprovecha pa quedar unes hores m\u00e1s esfrutando de l&#8217;agua de meteoros\u00bb, aconseyen n&#8217;Ayande Stars.<\/p>\n<p>&nbsp;<\/p>\n","protected":false},"excerpt":{"rendered":"<p>Si angua\u00f1o te propunxisti mirar menos el m\u00f3vil y m\u00e1s el cielu, equ\u00ed tienes dellos eventos astron\u00f3micos para faelo posible. LNE Luc\u00eda Gonz\u00e1lez, mientres una salida a observar estrelles en Lago (Ayande). \/ Glendor D\u00edaz Este 2026 va pasar a la hestoria por ser l&#8217;a\u00f1u del primer ecl\u00eds solar total del sieglu XXI n&#8217;Espa\u00f1a : [&hellip;]<\/p>\n","protected":false},"author":117,"featured_media":0,"comment_status":"closed","ping_status":"closed","sticky":false,"template":"","format":"standard","meta":{"footnotes":""},"categories":[223,491],"tags":[],"class_list":["post-67512","post","type-post","status-publish","format-standard","hentry","category-astronomia","category-eclis-solar"],"_links":{"self":[{"href":"https:\/\/edublog.educastur.es\/ixuxu\/wp-json\/wp\/v2\/posts\/67512","targetHints":{"allow":["GET"]}}],"collection":[{"href":"https:\/\/edublog.educastur.es\/ixuxu\/wp-json\/wp\/v2\/posts"}],"about":[{"href":"https:\/\/edublog.educastur.es\/ixuxu\/wp-json\/wp\/v2\/types\/post"}],"author":[{"embeddable":true,"href":"https:\/\/edublog.educastur.es\/ixuxu\/wp-json\/wp\/v2\/users\/117"}],"replies":[{"embeddable":true,"href":"https:\/\/edublog.educastur.es\/ixuxu\/wp-json\/wp\/v2\/comments?post=67512"}],"version-history":[{"count":4,"href":"https:\/\/edublog.educastur.es\/ixuxu\/wp-json\/wp\/v2\/posts\/67512\/revisions"}],"predecessor-version":[{"id":67516,"href":"https:\/\/edublog.educastur.es\/ixuxu\/wp-json\/wp\/v2\/posts\/67512\/revisions\/67516"}],"wp:attachment":[{"href":"https:\/\/edublog.educastur.es\/ixuxu\/wp-json\/wp\/v2\/media?parent=67512"}],"wp:term":[{"taxonomy":"category","embeddable":true,"href":"https:\/\/edublog.educastur.es\/ixuxu\/wp-json\/wp\/v2\/categories?post=67512"},{"taxonomy":"post_tag","embeddable":true,"href":"https:\/\/edublog.educastur.es\/ixuxu\/wp-json\/wp\/v2\/tags?post=67512"}],"curies":[{"name":"wp","href":"https:\/\/api.w.org\/{rel}","templated":true}]}}