{"id":67517,"date":"2026-02-06T14:47:57","date_gmt":"2026-02-06T12:47:57","guid":{"rendered":"https:\/\/edublog.educastur.es\/ixuxu\/?p=67517"},"modified":"2026-02-08T12:07:02","modified_gmt":"2026-02-08T10:07:02","slug":"67517","status":"publish","type":"post","link":"https:\/\/edublog.educastur.es\/ixuxu\/2026\/02\/67517\/","title":{"rendered":"Nicanor Pi\u00f1ole pintor d&#8217;Asturies"},"content":{"rendered":"<div class=\"html-div xdj266r x14z9mp xat24cr x1lziwak xexx8yu xyri2b x18d9i69 x1c1uobl\" dir=\"auto\">\n<div class=\"html-div xdj266r x14z9mp xat24cr x1lziwak xexx8yu xyri2b x18d9i69 x1c1uobl\" dir=\"auto\">\n<div class=\"html-div xdj266r x14z9mp xat24cr x1lziwak xexx8yu xyri2b x18d9i69 x1c1uobl\" data-ad-rendering-role=\"story_message\">\n<div class=\"x1l90r2v x1iorvi4 x1g0dm76 xpdmqnj\" data-ad-comet-preview=\"message\" data-ad-preview=\"message\">\n<div class=\"x78zum5 xdt5ytf xz62fqu x16ldp7u\">\n<div class=\"xu06os2 x1ok221b\">\n<div class=\"html-div xdj266r x14z9mp xat24cr x1lziwak xexx8yu xyri2b x18d9i69 x1c1uobl\">\n<div class=\"xdj266r x14z9mp xat24cr x1lziwak x1vvkbs x126k92a\">\n<p>&nbsp;<\/p>\n<p>Nicanor Pi\u00f1ole pintor d&#8217;Asturies por Luciano Casta\u00f1\u00f3n. Nueva entrada nel blogue Xix\u00f3n na Alcordanza. Pi\u00f1ole, pintor d&#8217;Asturies, por Luciano Casta\u00f1\u00f3n, publicose nel Bolet\u00edn del Institutu d&#8217;Estudios Asturianos: payares de 1986 N\u00famberu 120. Biblioteca Virtual del Princip\u00e1u d&#8217;Asturies. <a href=\"https:\/\/gijonenelrecuerdo.elcomercio.es\/2026\/02\/nicanor-pinole-pintor-de-asturias-por-luciano-castanon.html?fbclid=IwY2xjawPywiFleHRuA2FlbQIxMABicmlkETBqYXVuMzJTRWl0MXBIRW9Ec3J0YwZhcHBfaWQQMjIyMDM5MTc4ODIwMDg5MgABHiaecyVzuyO5pmUAUR9RSCKNy_xIQdY6fFLhVj8tVtaAAqnzjN6zS8MKIiwh_aem_27Epjl5MFRpacShZ5H1xHw\">Ver art\u00edculo<\/a><\/p>\n<\/div>\n<div><\/div>\n<div style=\"text-align: center\"><a href=\"https:\/\/gijonenelrecuerdo.elcomercio.es\/wp-content\/uploads\/2025\/06\/1-Plaza-Europa-5-scaled.jpg\"><img loading=\"lazy\" decoding=\"async\" class=\"aligncenter size-large\" src=\"https:\/\/gijonenelrecuerdo.elcomercio.es\/wp-content\/uploads\/2025\/06\/1-Plaza-Europa-5-scaled.jpg\" width=\"2560\" height=\"1274\" \/><\/a><a href=\"https:\/\/gijonenelrecuerdo.elcomercio.es\/...\/nicanor...\">https:\/\/gijonenelrecuerdo.elcomercio.es\/&#8230;\/nicanor&#8230;<\/a><\/div>\n<div><!--more--><\/div>\n<div style=\"text-align: center\">\n<!-- iframe plugin v.6.0 wordpress.org\/plugins\/iframe\/ -->\n<iframe loading=\"lazy\" src=\"https:\/\/www.facebook.com\/plugins\/video.php?height=415&#038;href=https%3A%2F%2Fwww.facebook.com%2Freel%2F1626305425355690%2F&#038;show_text=false&#038;width=560&#038;t=0\" width=\"560\" height=\"415\" style=\"border:none;overflow:hidden\" scrolling=\"no\" frameborder=\"0\" allowfullscreen=\"true\" allow=\"autoplay; clipboard-write; encrypted-media; picture-in-picture; web-share\" 0=\"\/iframe\" class=\"iframe-class\"><\/iframe>\n<\/div>\n<\/div>\n<\/div>\n<\/div>\n<\/div>\n<\/div>\n<\/div>\n<\/div>\n<p>&nbsp;<\/p>\n","protected":false},"excerpt":{"rendered":"<p>&nbsp; Nicanor Pi\u00f1ole pintor d&#8217;Asturies por Luciano Casta\u00f1\u00f3n. Nueva entrada nel blogue Xix\u00f3n na Alcordanza. Pi\u00f1ole, pintor d&#8217;Asturies, por Luciano Casta\u00f1\u00f3n, publicose nel Bolet\u00edn del Institutu d&#8217;Estudios Asturianos: payares de 1986 N\u00famberu 120. Biblioteca Virtual del Princip\u00e1u d&#8217;Asturies. Ver art\u00edculo https:\/\/gijonenelrecuerdo.elcomercio.es\/&#8230;\/nicanor&#8230;<\/p>\n","protected":false},"author":117,"featured_media":0,"comment_status":"closed","ping_status":"closed","sticky":false,"template":"","format":"standard","meta":{"footnotes":""},"categories":[30],"tags":[],"class_list":["post-67517","post","type-post","status-publish","format-standard","hentry","category-pintura"],"_links":{"self":[{"href":"https:\/\/edublog.educastur.es\/ixuxu\/wp-json\/wp\/v2\/posts\/67517","targetHints":{"allow":["GET"]}}],"collection":[{"href":"https:\/\/edublog.educastur.es\/ixuxu\/wp-json\/wp\/v2\/posts"}],"about":[{"href":"https:\/\/edublog.educastur.es\/ixuxu\/wp-json\/wp\/v2\/types\/post"}],"author":[{"embeddable":true,"href":"https:\/\/edublog.educastur.es\/ixuxu\/wp-json\/wp\/v2\/users\/117"}],"replies":[{"embeddable":true,"href":"https:\/\/edublog.educastur.es\/ixuxu\/wp-json\/wp\/v2\/comments?post=67517"}],"version-history":[{"count":3,"href":"https:\/\/edublog.educastur.es\/ixuxu\/wp-json\/wp\/v2\/posts\/67517\/revisions"}],"predecessor-version":[{"id":67589,"href":"https:\/\/edublog.educastur.es\/ixuxu\/wp-json\/wp\/v2\/posts\/67517\/revisions\/67589"}],"wp:attachment":[{"href":"https:\/\/edublog.educastur.es\/ixuxu\/wp-json\/wp\/v2\/media?parent=67517"}],"wp:term":[{"taxonomy":"category","embeddable":true,"href":"https:\/\/edublog.educastur.es\/ixuxu\/wp-json\/wp\/v2\/categories?post=67517"},{"taxonomy":"post_tag","embeddable":true,"href":"https:\/\/edublog.educastur.es\/ixuxu\/wp-json\/wp\/v2\/tags?post=67517"}],"curies":[{"name":"wp","href":"https:\/\/api.w.org\/{rel}","templated":true}]}}