{"id":67520,"date":"2026-02-06T14:51:17","date_gmt":"2026-02-06T12:51:17","guid":{"rendered":"https:\/\/edublog.educastur.es\/ixuxu\/?p=67520"},"modified":"2026-02-06T14:52:01","modified_gmt":"2026-02-06T12:52:01","slug":"alcuentren-restos-duna-aldega-de-fai-4-000-anos","status":"publish","type":"post","link":"https:\/\/edublog.educastur.es\/ixuxu\/2026\/02\/alcuentren-restos-duna-aldega-de-fai-4-000-anos\/","title":{"rendered":"Alcuentren restos d&#8217;una aldega de fai 4.000 a\u00f1os"},"content":{"rendered":"<p>Hist\u00f3ricu afayu n&#8217;Uvi\u00e9u: alcuentren restos d&#8217;una aldega de fai 4.000 a\u00f1os \u00fanica nel centru d&#8217;Asturies. L&#8217;apaici\u00f3n d&#8217;un g\u00fcesu caprino y restos d&#8217;una gran vas\u00eda evidencien el primer asentamientu document\u00e1u na falda del Naranco. <a href=\"https:\/\/www.lne.es\/oviedo\/2026\/02\/02\/historico-hallazgo-oviedo-localizan-restos-126372443.html?fbclid=IwY2xjawPywqlleHRuA2FlbQIxMABicmlkETBqYXVuMzJTRWl0MXBIRW9Ec3J0YwZhcHBfaWQQMjIyMDM5MTc4ODIwMDg5MgABHiaecyVzuyO5pmUAUR9RSCKNy_xIQdY6fFLhVj8tVtaAAqnzjN6zS8MKIiwh_aem_27Epjl5MFRpacShZ5H1xHw&amp;utm_campaign=mrf-facebook-lneoviedo&amp;mrfcid=202602026978a44b54e1b96a3185d6b5\">LNE<\/a><\/p>\n<p style=\"text-align: center\"><a href=\"https:\/\/estaticos-cdn.prensaiberica.es\/clip\/8c260eb8-b8f6-4bdf-a6d7-7bfa7bee3fa9_16-9-discover-aspect-ratio_default_0_x485y702.webp\"><img loading=\"lazy\" decoding=\"async\" class=\"aligncenter size-large\" src=\"https:\/\/estaticos-cdn.prensaiberica.es\/clip\/8c260eb8-b8f6-4bdf-a6d7-7bfa7bee3fa9_16-9-discover-aspect-ratio_default_0_x485y702.webp\" width=\"1200\" height=\"675\" \/><\/a><\/p>\n<p>Importante afayu para esplicar el pas\u00e1u de la capital del Princip\u00e1u. <strong>El parque Purificaci\u00f3n Tom\u00e1s d&#8217;Uvi\u00e9u, en Monte Altu, acaba de desvelar la que ser\u00eda la primer aldega documentada nel valle uvie\u00edn, datada nel Calcol\u00edtico, ente 1886 y 1737 antes de Cristu,<\/strong> gracies a los sondeos realizaos n&#8217;avientu dientro del proyectu arqueol\u00f3xicu Or\u00edxenes, dirix\u00edu por Alfonso Fanjul Peraza y financi\u00e1u con fondos de la Fundaci\u00f3n de Cultura municipal que preside&#8217;l conceyal de Cultura, David \u00c1lvarez.<\/p>\n","protected":false},"excerpt":{"rendered":"<p>Hist\u00f3ricu afayu n&#8217;Uvi\u00e9u: alcuentren restos d&#8217;una aldega de fai 4.000 a\u00f1os \u00fanica nel centru d&#8217;Asturies. L&#8217;apaici\u00f3n d&#8217;un g\u00fcesu caprino y restos d&#8217;una gran vas\u00eda evidencien el primer asentamientu document\u00e1u na falda del Naranco. LNE Importante afayu para esplicar el pas\u00e1u de la capital del Princip\u00e1u. El parque Purificaci\u00f3n Tom\u00e1s d&#8217;Uvi\u00e9u, en Monte Altu, acaba de [&hellip;]<\/p>\n","protected":false},"author":117,"featured_media":0,"comment_status":"closed","ping_status":"closed","sticky":false,"template":"","format":"standard","meta":{"footnotes":""},"categories":[206],"tags":[],"class_list":["post-67520","post","type-post","status-publish","format-standard","hentry","category-arqueoloxia"],"_links":{"self":[{"href":"https:\/\/edublog.educastur.es\/ixuxu\/wp-json\/wp\/v2\/posts\/67520","targetHints":{"allow":["GET"]}}],"collection":[{"href":"https:\/\/edublog.educastur.es\/ixuxu\/wp-json\/wp\/v2\/posts"}],"about":[{"href":"https:\/\/edublog.educastur.es\/ixuxu\/wp-json\/wp\/v2\/types\/post"}],"author":[{"embeddable":true,"href":"https:\/\/edublog.educastur.es\/ixuxu\/wp-json\/wp\/v2\/users\/117"}],"replies":[{"embeddable":true,"href":"https:\/\/edublog.educastur.es\/ixuxu\/wp-json\/wp\/v2\/comments?post=67520"}],"version-history":[{"count":2,"href":"https:\/\/edublog.educastur.es\/ixuxu\/wp-json\/wp\/v2\/posts\/67520\/revisions"}],"predecessor-version":[{"id":67522,"href":"https:\/\/edublog.educastur.es\/ixuxu\/wp-json\/wp\/v2\/posts\/67520\/revisions\/67522"}],"wp:attachment":[{"href":"https:\/\/edublog.educastur.es\/ixuxu\/wp-json\/wp\/v2\/media?parent=67520"}],"wp:term":[{"taxonomy":"category","embeddable":true,"href":"https:\/\/edublog.educastur.es\/ixuxu\/wp-json\/wp\/v2\/categories?post=67520"},{"taxonomy":"post_tag","embeddable":true,"href":"https:\/\/edublog.educastur.es\/ixuxu\/wp-json\/wp\/v2\/tags?post=67520"}],"curies":[{"name":"wp","href":"https:\/\/api.w.org\/{rel}","templated":true}]}}