{"id":67524,"date":"2026-02-07T08:55:24","date_gmt":"2026-02-07T06:55:24","guid":{"rendered":"https:\/\/edublog.educastur.es\/ixuxu\/?p=67524"},"modified":"2026-02-07T21:27:41","modified_gmt":"2026-02-07T19:27:41","slug":"marta-la-nueva-umbada-tras-leonardo","status":"publish","type":"post","link":"https:\/\/edublog.educastur.es\/ixuxu\/2026\/02\/marta-la-nueva-umbada-tras-leonardo\/","title":{"rendered":"Marta, la nueva umbada tr\u00e1s Leonardo"},"content":{"rendered":"<p style=\"text-align: center\"><a href=\"https:\/\/cdns3.eltiempo.es\/eltiempo\/blog\/noticias\/2026\/02\/06101209\/n.isob_sab-7.jpg\"><img loading=\"lazy\" decoding=\"async\" class=\"aligncenter size-large\" src=\"https:\/\/cdns3.eltiempo.es\/eltiempo\/blog\/noticias\/2026\/02\/06101209\/n.isob_sab-7.jpg\" width=\"1920\" height=\"1080\" \/><\/a><\/p>\n<p>Mientres la madrugada del s\u00e1badu la umbada d&#8217;altu impactu Marta va asitiase al noroeste de la Pen\u00ednsula. Les precipitaciones van dir entrando dende l&#8217;oeste peninsular, siendo estes bien intenses.<\/p>\n<p><!--more--><\/p>\n<p style=\"text-align: center\"><a href=\"https:\/\/cdns3.eltiempo.es\/eltiempo\/blog\/noticias\/2026\/02\/06103441\/n.intensidad_sab-7-1024x576.jpg\"><img loading=\"lazy\" decoding=\"async\" class=\"aligncenter size-large\" src=\"https:\/\/cdns3.eltiempo.es\/eltiempo\/blog\/noticias\/2026\/02\/06103441\/n.intensidad_sab-7-1024x576.jpg\" width=\"1024\" height=\"576\" \/><\/a><\/p>\n<p>Domingu<\/p>\n<p style=\"text-align: center\"><a href=\"https:\/\/cdns3.eltiempo.es\/eltiempo\/blog\/noticias\/2026\/02\/06103509\/n.isob_dom-9-1024x576.jpg\"><img loading=\"lazy\" decoding=\"async\" class=\"aligncenter size-large\" src=\"https:\/\/cdns3.eltiempo.es\/eltiempo\/blog\/noticias\/2026\/02\/06103509\/n.isob_dom-9-1024x576.jpg\" width=\"1024\" height=\"576\" \/><\/a><\/p>\n<p>A lo llargo de la tarde un nuevu sistema fronteru va entrar pel oeste d&#8217;Espa\u00f1a, dexando ag\u00fces al so pasu na met\u00e1 oeste del pa\u00eds. Estes van poder ser intenses en zones de Galicia y Huelva, y venir en forma de nieve en puntos de Castiella y Lli\u00f3n y el sistema Central.<\/p>\n<p style=\"text-align: center\"><a href=\"https:\/\/cdns3.eltiempo.es\/eltiempo\/blog\/noticias\/2026\/02\/06103609\/n.acum_-1024x576.jpg\"><img loading=\"lazy\" decoding=\"async\" class=\"aligncenter size-large\" src=\"https:\/\/cdns3.eltiempo.es\/eltiempo\/blog\/noticias\/2026\/02\/06103609\/n.acum_-1024x576.jpg\" width=\"1024\" height=\"576\" \/><\/a><\/p>\n<p style=\"text-align: center\"><a href=\"https:\/\/www.meteovigo.es\/wp-content\/uploads\/2026\/02\/viento_030.jpeg\"><img loading=\"lazy\" decoding=\"async\" class=\"aligncenter size-large\" src=\"https:\/\/www.meteovigo.es\/wp-content\/uploads\/2026\/02\/viento_030.jpeg\" width=\"1600\" height=\"1200\" \/><\/a><\/p>\n<p style=\"text-align: center\"><a href=\"https:\/\/www.meteovigo.es\/wp-content\/uploads\/2026\/02\/Captura-de-pantalla-2026-02-06-a-las-19.30.47.png\"><img loading=\"lazy\" decoding=\"async\" class=\"aligncenter size-large\" src=\"https:\/\/www.meteovigo.es\/wp-content\/uploads\/2026\/02\/Captura-de-pantalla-2026-02-06-a-las-19.30.47.png\" width=\"773\" height=\"610\" \/><\/a><\/p>\n","protected":false},"excerpt":{"rendered":"<p>Mientres la madrugada del s\u00e1badu la umbada d&#8217;altu impactu Marta va asitiase al noroeste de la Pen\u00ednsula. Les precipitaciones van dir entrando dende l&#8217;oeste peninsular, siendo estes bien intenses.<\/p>\n","protected":false},"author":117,"featured_media":0,"comment_status":"closed","ping_status":"closed","sticky":false,"template":"","format":"standard","meta":{"footnotes":""},"categories":[5],"tags":[],"class_list":["post-67524","post","type-post","status-publish","format-standard","hentry","category-tiempu"],"_links":{"self":[{"href":"https:\/\/edublog.educastur.es\/ixuxu\/wp-json\/wp\/v2\/posts\/67524","targetHints":{"allow":["GET"]}}],"collection":[{"href":"https:\/\/edublog.educastur.es\/ixuxu\/wp-json\/wp\/v2\/posts"}],"about":[{"href":"https:\/\/edublog.educastur.es\/ixuxu\/wp-json\/wp\/v2\/types\/post"}],"author":[{"embeddable":true,"href":"https:\/\/edublog.educastur.es\/ixuxu\/wp-json\/wp\/v2\/users\/117"}],"replies":[{"embeddable":true,"href":"https:\/\/edublog.educastur.es\/ixuxu\/wp-json\/wp\/v2\/comments?post=67524"}],"version-history":[{"count":2,"href":"https:\/\/edublog.educastur.es\/ixuxu\/wp-json\/wp\/v2\/posts\/67524\/revisions"}],"predecessor-version":[{"id":67584,"href":"https:\/\/edublog.educastur.es\/ixuxu\/wp-json\/wp\/v2\/posts\/67524\/revisions\/67584"}],"wp:attachment":[{"href":"https:\/\/edublog.educastur.es\/ixuxu\/wp-json\/wp\/v2\/media?parent=67524"}],"wp:term":[{"taxonomy":"category","embeddable":true,"href":"https:\/\/edublog.educastur.es\/ixuxu\/wp-json\/wp\/v2\/categories?post=67524"},{"taxonomy":"post_tag","embeddable":true,"href":"https:\/\/edublog.educastur.es\/ixuxu\/wp-json\/wp\/v2\/tags?post=67524"}],"curies":[{"name":"wp","href":"https:\/\/api.w.org\/{rel}","templated":true}]}}