{"id":67526,"date":"2026-02-07T19:58:41","date_gmt":"2026-02-07T17:58:41","guid":{"rendered":"https:\/\/edublog.educastur.es\/ixuxu\/?p=67526"},"modified":"2026-02-07T19:58:41","modified_gmt":"2026-02-07T17:58:41","slug":"asturies-ente-les-comunidaes-con-mas-vivienda-en-propieda-y-menos-narriendu","status":"publish","type":"post","link":"https:\/\/edublog.educastur.es\/ixuxu\/2026\/02\/asturies-ente-les-comunidaes-con-mas-vivienda-en-propieda-y-menos-narriendu\/","title":{"rendered":"Asturies, ente les comunidaes con m\u00e1s vivienda en propied\u00e1 y menos n&#8217;arriendu"},"content":{"rendered":"<p style=\"text-align: center\"><a href=\"https:\/\/img.lavdg.com\/sc\/7keu14vh8Y5xdeurA9Bo-8qqw0Q=\/768x\/2025\/08\/28\/00121756390399033917300\/Foto\/vivi.jpg\"><img loading=\"lazy\" decoding=\"async\" class=\"aligncenter size-large\" src=\"https:\/\/img.lavdg.com\/sc\/7keu14vh8Y5xdeurA9Bo-8qqw0Q=\/768x\/2025\/08\/28\/00121756390399033917300\/Foto\/vivi.jpg\" width=\"768\" height=\"432\" \/><\/a><\/p>\n<p><a href=\"https:\/\/www.lavozdeasturias.es\/noticia\/asturias\/2026\/02\/05\/asturias-comunidades-vivienda-propiedad-alquiler\/00031770306759949447947.htm\">La Voz<\/a> \/ El 56,2% de los llares asturianos mora n&#8217;una vivienda totalmente paga y otru 20,6% fenlo n&#8217;una propied\u00e1 con hipoteca.<\/p>\n<p><!--more--><br \/>\nL&#8217;accesu a la vivienda convirti\u00f3se n&#8217;unu de les principales exes del alderique social y pol\u00edticu n&#8217;Asturies, especialmente a midida que el merc\u00e1u del arriendu gana pesu na axenda p\u00fablica. Sicas\u00ed, los \u00faltimos datos del Institutu Nacional d&#8217;Estad\u00edstica amuesen que&#8217;l modelu residencial del Princip\u00e1u sigue asiti\u00e1u de forma bien mayoritaria na vivienda en propied\u00e1. El 56,2% de los llares asturianos mora n&#8217;una vivienda totalmente paga y otru 20,6%\u00a0 faenlo n&#8217;una propied\u00e1 con hipoteca, lo qu&#8217;<strong>asitia a Asturies ente les comunidaes con mayor proporci\u00f3n de propietarios<\/strong> y con un pesu del arriendu inda llind\u00e1u en t\u00e9rminos estructurales.<\/p>\n<p>Solo&#8217;l 13,1% de los llares asturianos vive en condiciones d&#8217;arriendu a preciu de merc\u00e1u y un 3,1% adicional faenlo en viviendes con rentes per debaxo del preciu de merc\u00e1u, y\u00e1 s\u00eda por f\u00f3rmules p\u00fabliques o alcuerdos privaos ventaxosos. Estes cifres asitien al Princip\u00e1u per debaxo de comunidaes como Madrid o Catalu\u00f1a, onde l&#8217;arriendu de merc\u00e1u supera&#8217;l 22%, y llixeramente per debaxo tami\u00e9n de Galicia, onde algama&#8217;l 14,6%. En Cantabria, el porcentaxe d&#8217;arriendu a preciu de merc\u00e1u ye daqu\u00e9 inferior, del 12,4%, ente que en Castiella y Lli\u00f3n qu\u00e9dase nel 11,2%.<\/p>\n<p>Les diferencies ente territorios reflexen modelos residenciales distintos. <strong>Asturies comparte con Galicia y Castiella y Lli\u00f3n un altu porcentaxe de vivienda en propied\u00e1 ensin hipoteca<\/strong>, bien cimera al de les grandes \u00e1rees metropolitanes. En Galicia, el 55,8% de los llares tien la vivienda totalmente paga y en Castiella y Lli\u00f3n esi porcentaxe xube al 58,4%. En Madrid y Catalu\u00f1a, sicas\u00ed, la propied\u00e1 ensin hipoteca cai hasta&#8217;l 44% y el 40,9%, respectivamente, de la que crez tanto la vivienda hipotecada como l&#8217;arriendu. Nestes dos comunidaes, m\u00e1s d&#8217;unu de cada cuatro llares vive nuna vivienda en propied\u00e1 con hipoteca y casi uno de cada cuatro faese d&#8217;arriendu a preciu de merc\u00e1u.<\/p>\n","protected":false},"excerpt":{"rendered":"<p>La Voz \/ El 56,2% de los llares asturianos mora n&#8217;una vivienda totalmente paga y otru 20,6% fenlo n&#8217;una propied\u00e1 con hipoteca.<\/p>\n","protected":false},"author":117,"featured_media":0,"comment_status":"closed","ping_status":"closed","sticky":false,"template":"","format":"standard","meta":{"footnotes":""},"categories":[455],"tags":[],"class_list":["post-67526","post","type-post","status-publish","format-standard","hentry","category-vivienda"],"_links":{"self":[{"href":"https:\/\/edublog.educastur.es\/ixuxu\/wp-json\/wp\/v2\/posts\/67526","targetHints":{"allow":["GET"]}}],"collection":[{"href":"https:\/\/edublog.educastur.es\/ixuxu\/wp-json\/wp\/v2\/posts"}],"about":[{"href":"https:\/\/edublog.educastur.es\/ixuxu\/wp-json\/wp\/v2\/types\/post"}],"author":[{"embeddable":true,"href":"https:\/\/edublog.educastur.es\/ixuxu\/wp-json\/wp\/v2\/users\/117"}],"replies":[{"embeddable":true,"href":"https:\/\/edublog.educastur.es\/ixuxu\/wp-json\/wp\/v2\/comments?post=67526"}],"version-history":[{"count":1,"href":"https:\/\/edublog.educastur.es\/ixuxu\/wp-json\/wp\/v2\/posts\/67526\/revisions"}],"predecessor-version":[{"id":67527,"href":"https:\/\/edublog.educastur.es\/ixuxu\/wp-json\/wp\/v2\/posts\/67526\/revisions\/67527"}],"wp:attachment":[{"href":"https:\/\/edublog.educastur.es\/ixuxu\/wp-json\/wp\/v2\/media?parent=67526"}],"wp:term":[{"taxonomy":"category","embeddable":true,"href":"https:\/\/edublog.educastur.es\/ixuxu\/wp-json\/wp\/v2\/categories?post=67526"},{"taxonomy":"post_tag","embeddable":true,"href":"https:\/\/edublog.educastur.es\/ixuxu\/wp-json\/wp\/v2\/tags?post=67526"}],"curies":[{"name":"wp","href":"https:\/\/api.w.org\/{rel}","templated":true}]}}