{"id":67528,"date":"2026-02-07T10:00:04","date_gmt":"2026-02-07T08:00:04","guid":{"rendered":"https:\/\/edublog.educastur.es\/ixuxu\/?p=67528"},"modified":"2026-02-07T20:55:43","modified_gmt":"2026-02-07T18:55:43","slug":"primer-dia-del-intercambiador-del-huca-con-suxerencies-dusuarios","status":"publish","type":"post","link":"https:\/\/edublog.educastur.es\/ixuxu\/2026\/02\/primer-dia-del-intercambiador-del-huca-con-suxerencies-dusuarios\/","title":{"rendered":"Primer d\u00eda del intercambiador del HUCA con suxerencies d&#8217;usuarios"},"content":{"rendered":"<p><a href=\"https:\/\/www.rtpa.es\/noticias-asturias\/2026-02-07\/Primer-dia-del-intercambiador-del-HUCA-con-sugerencias-de-usuarios_111770466335.html?fbclid=IwY2xjawP0XOdleHRuA2FlbQIxMQBzcnRjBmFwcF9pZBAyMjIwMzkxNzg4MjAwODkyAAEeYheybV127fn4JQayuJ0x-oRcvUpLLhziswN7eLFk_AasZvLZiokLViKkfVs_aem_pstubcNaCXRmbaenN5m83A\">RTPA<\/a> \/ <a href=\"https:\/\/www.lne.es\/fotos\/oviedo\/2026\/02\/06\/imagenes-barbon-inaugura-pasillos-rodantes-126528024.html?fbclid=IwY2xjawP0YVxleHRuA2FlbQIxMABicmlkETFRaWFOMU5qd0k0MTZ1T0Jwc3J0YwZhcHBfaWQQMjIyMDM5MTc4ODIwMDg5MgABHjGoztAw2r6d2XsG80hU2hc0CW5C94-qtBXLY-NkCVOtwRV3DUBnSapvDSRr_aem_Dzy05OEdzNQLMJAi4U4dzA&amp;utm_campaign=mrf-facebook-nuevaespana&amp;mrfcid=202602066985f7bdf95f614262e333fa\">LNE<\/a> \/ <a class=\"\" href=\"https:\/\/www.rtpa.es\/noticias-asturias-ast\/2026-02-06\/L'HUCA-tresportase-al-futuru-meyorando-la-so-accesibilida-peatonal-y-n'autobus_111770383198.html\">L&#8217;HUCA tresp\u00f3rtase al futuru meyorando la so accesibilid\u00e1 peatonal y n&#8217;autob\u00fas.<\/a><\/p>\n<p style=\"text-align: center\">\n<!-- iframe plugin v.6.0 wordpress.org\/plugins\/iframe\/ -->\n<iframe loading=\"lazy\" src=\"https:\/\/www.facebook.com\/plugins\/video.php?height=314&#038;href=https%3A%2F%2Fwww.facebook.com%2Freel%2F1430828501764267%2F&#038;show_text=false&#038;width=560&#038;t=0\" width=\"560\" height=\"314\" style=\"border:none;overflow:hidden\" scrolling=\"no\" frameborder=\"0\" allowfullscreen=\"true\" allow=\"autoplay; clipboard-write; encrypted-media; picture-in-picture; web-share\" 0=\"\/iframe\" class=\"iframe-class\"><\/iframe>\n<\/p>\n<p><!--more--><\/p>\n<p style=\"text-align: center\">\n<!-- iframe plugin v.6.0 wordpress.org\/plugins\/iframe\/ -->\n<iframe loading=\"lazy\" src=\"https:\/\/www.facebook.com\/plugins\/video.php?height=476&#038;href=https%3A%2F%2Fwww.facebook.com%2Freel%2F1169615618586848%2F&#038;show_text=false&#038;width=267&#038;t=0\" width=\"267\" height=\"476\" style=\"border:none;overflow:hidden\" scrolling=\"no\" frameborder=\"0\" allowfullscreen=\"true\" allow=\"autoplay; clipboard-write; encrypted-media; picture-in-picture; web-share\" 0=\"\/iframe\" class=\"iframe-class\"><\/iframe>\n<\/p>\n<p style=\"text-align: center\"><a href=\"https:\/\/www.rtpa.es\/fotos\/\/26\/02\/20260206201021_RTPA7687780.webp\"><img loading=\"lazy\" decoding=\"async\" class=\"aligncenter size-large\" src=\"https:\/\/www.rtpa.es\/fotos\/\/26\/02\/20260206201021_RTPA7687780.webp\" width=\"853\" height=\"480\" \/><\/a><\/p>\n<div class=\"flow rtpa-prose text-lg leading-tight mb-6\"><strong>La marquesina y les pasareles d&#8217;accesu a Consultes Esternes y\u00e1 t\u00e1n operatives.<\/strong><\/div>\n<div><\/div>\n<p>Diez a\u00f1os dempu\u00e9s de la so inauguraci\u00f3n, l&#8217;Hospital Universitariu Central d&#8217;Asturies (HUCA) va ver meyoraes dende ma\u00f1ana la so accesibilid\u00e1 peatonal y n&#8217;autob\u00fas cola puesta en serviciu de los tapices rodantes que faciliten la llegada al edificiu de Consultes Esternes y l&#8217;intercambiador de tresporte p\u00fablicu colos que\u2019l centru sanitariu \u00abtresp\u00f3rtate al futuru\u00bb, seg\u00fan el presidente del Princip\u00e1u, Adri\u00e1n Barb\u00f3n.<\/p>\n<p style=\"text-align: center\"><a href=\"https:\/\/estaticos-cdn.prensaiberica.es\/clip\/55533026-9413-4c86-9267-7e318f8bfd87_alta-libre-aspect-ratio_default_0_x1000y444.jpg\"><img loading=\"lazy\" decoding=\"async\" class=\"aligncenter size-large\" src=\"https:\/\/estaticos-cdn.prensaiberica.es\/clip\/55533026-9413-4c86-9267-7e318f8bfd87_alta-libre-aspect-ratio_default_0_x1000y444.jpg\" width=\"1200\" height=\"800\" \/><\/a><\/p>\n<div class=\"flow rtpa-prose text-base text-neutral-700\">\n<p>Xunto a la delegada del Gobiernu, Adriana Lastra, y el conceyal d&#8217;Infraestructures d&#8217;Uvi\u00e9u, Ignacio Cuesta, Barb\u00f3n inaugur\u00f3 esti vienres dambes infraestructures que supunxeron una inversi\u00f3n conxunta de 3,9 millones d&#8217;euros procedentes de fondos europeos Next Generation nunu de los nuedos urbanos de movilid\u00e1 con mayor intensid\u00e1 de viaxeros del Princip\u00e1u.<\/p>\n<p>L&#8217;intercambiador, con un costu de 1,3 millones, habilita un espaciu d&#8217;espera m\u00e1s alcontradizu a los usuarios del tresporte p\u00fablicu y cuenta con una superficie de 300 metros cuadraos onde tien moblame y servicios como la recarga el\u00e9ctrica o aparcamientos pa bicicletes a los que se van sumar otros nuevos como l&#8217;as\u00e9u autollimpiable.<\/p>\n<p style=\"text-align: center\"><a href=\"https:\/\/estaticos-cdn.prensaiberica.es\/clip\/ae15b54e-d068-477c-b322-5e710527de8d_alta-libre-aspect-ratio_default_0_x1000y444.jpg\"><img loading=\"lazy\" decoding=\"async\" class=\"aligncenter \" src=\"https:\/\/estaticos-cdn.prensaiberica.es\/clip\/ae15b54e-d068-477c-b322-5e710527de8d_alta-libre-aspect-ratio_default_0_x1000y444.jpg\" width=\"740\" height=\"493\" \/><\/a><\/p>\n<p>La infraestructura tien dos d\u00e1rsenes d&#8217;embarque: una pa los servicios interurbanos del Consorciu de Tresportes d&#8217;Asturies (CTA), y otra pa los municipales de la empresa TUA y calc\u00falase que nuna xornada llaborable van parar na mesma 436 autobuses, mientres que los servicios especiales destinaos al personal del HUCA van caltener la so parada actual cabo la capiya de La Cadellada.<\/p>\n<p>La so puesta en serviciu implica que les paraes d&#8217;autob\u00fas allugaes hasta agora na cai L&#8217;Aldea Cerde\u00f1o, nel llateral de Consultes Esternes, tresll\u00e1dense al nuevu equipamientu, asiti\u00e1u na v\u00eda Juan Antonio \u00c1lvarez Rabanal, lo que dexa allo\u00f1ar del recintu sanitariu unos 150.000 autobuses al a\u00f1u y amenorgar la contaminaci\u00f3n y el ru\u00edu.<\/p>\n<p style=\"text-align: center\"><a href=\"https:\/\/estaticos-cdn.prensaiberica.es\/clip\/041cac98-a0e7-45b8-987f-c79f0f623c2b_alta-libre-aspect-ratio_default_0_x1000y538.jpg\"><img loading=\"lazy\" decoding=\"async\" class=\"aligncenter size-large\" src=\"https:\/\/estaticos-cdn.prensaiberica.es\/clip\/041cac98-a0e7-45b8-987f-c79f0f623c2b_alta-libre-aspect-ratio_default_0_x1000y538.jpg\" width=\"1200\" height=\"969\" \/><\/a><\/p>\n<\/div>\n","protected":false},"excerpt":{"rendered":"<p>RTPA \/ LNE \/ L&#8217;HUCA tresp\u00f3rtase al futuru meyorando la so accesibilid\u00e1 peatonal y n&#8217;autob\u00fas.<\/p>\n","protected":false},"author":117,"featured_media":0,"comment_status":"closed","ping_status":"closed","sticky":false,"template":"","format":"standard","meta":{"footnotes":""},"categories":[165,232],"tags":[],"class_list":["post-67528","post","type-post","status-publish","format-standard","hentry","category-huca","category-tresportes"],"_links":{"self":[{"href":"https:\/\/edublog.educastur.es\/ixuxu\/wp-json\/wp\/v2\/posts\/67528","targetHints":{"allow":["GET"]}}],"collection":[{"href":"https:\/\/edublog.educastur.es\/ixuxu\/wp-json\/wp\/v2\/posts"}],"about":[{"href":"https:\/\/edublog.educastur.es\/ixuxu\/wp-json\/wp\/v2\/types\/post"}],"author":[{"embeddable":true,"href":"https:\/\/edublog.educastur.es\/ixuxu\/wp-json\/wp\/v2\/users\/117"}],"replies":[{"embeddable":true,"href":"https:\/\/edublog.educastur.es\/ixuxu\/wp-json\/wp\/v2\/comments?post=67528"}],"version-history":[{"count":8,"href":"https:\/\/edublog.educastur.es\/ixuxu\/wp-json\/wp\/v2\/posts\/67528\/revisions"}],"predecessor-version":[{"id":67561,"href":"https:\/\/edublog.educastur.es\/ixuxu\/wp-json\/wp\/v2\/posts\/67528\/revisions\/67561"}],"wp:attachment":[{"href":"https:\/\/edublog.educastur.es\/ixuxu\/wp-json\/wp\/v2\/media?parent=67528"}],"wp:term":[{"taxonomy":"category","embeddable":true,"href":"https:\/\/edublog.educastur.es\/ixuxu\/wp-json\/wp\/v2\/categories?post=67528"},{"taxonomy":"post_tag","embeddable":true,"href":"https:\/\/edublog.educastur.es\/ixuxu\/wp-json\/wp\/v2\/tags?post=67528"}],"curies":[{"name":"wp","href":"https:\/\/api.w.org\/{rel}","templated":true}]}}