{"id":67532,"date":"2026-02-07T09:10:14","date_gmt":"2026-02-07T07:10:14","guid":{"rendered":"https:\/\/edublog.educastur.es\/ixuxu\/?p=67532"},"modified":"2026-02-07T20:04:51","modified_gmt":"2026-02-07T18:04:51","slug":"aumental-numberu-de-nacencies-nasturies-per-primer-vegada-en-tres-anos","status":"publish","type":"post","link":"https:\/\/edublog.educastur.es\/ixuxu\/2026\/02\/aumental-numberu-de-nacencies-nasturies-per-primer-vegada-en-tres-anos\/","title":{"rendered":"Aumenta&#8217;l n\u00famberu de nacencies n&#8217;Asturies, per primer vegada en tres a\u00f1os"},"content":{"rendered":"<p class=\"text-2xl font-bold font-serif leading-tight max-w-[65ch] mb-1.5\"><a href=\"https:\/\/www.rtpa.es\/noticias-asturias-ast\/2026-02-06\/Aumenta'l-numberu-de-nacencies-n'Asturies,-per-primer-vegada-en-tres-a\u00f1os_111770383641.html\">Aumenta&#8217;l n\u00famberu de nacencies n&#8217;Asturies, per primer vegada en tres a\u00f1os.\u00a0<\/a><\/p>\n<p style=\"text-align: center\"><a href=\"https:\/\/www.rtpa.es\/fotos\/\/26\/02\/20260206134113_RTPA7686153.webp\"><img loading=\"lazy\" decoding=\"async\" class=\"aligncenter size-large\" src=\"https:\/\/www.rtpa.es\/fotos\/\/26\/02\/20260206134113_RTPA7686153.webp\" width=\"853\" height=\"480\" \/><\/a><\/p>\n<div class=\"flow rtpa-prose text-lg leading-tight mb-6\">Aumenta&#8217;l n\u00famberu de nacencies n&#8217;Asturies, per primer vegada en tres a\u00f1os. Xubieron en 2025 un 3,1%, en total nacieron 4.675 ne\u00f1os n&#8217;Asturies. Precisamente l&#8217;a\u00f1u anterior, en 2024 rex\u00edstrose&#8217;l m\u00ednimu de nacencies desque Sadei empez\u00f3&#8217;l rexistru nel a\u00f1u 1990.<\/div>\n<div class=\"flow rtpa-prose text-base text-neutral-700\">\n<p>La cifra de fallecimientos en 2025 xubi\u00f3 per segundu a\u00f1u consecutivu, con un repique del 0,8%, hasta 13.211. D&#8217;esta manera, la diferencia en nacencies y muertes da un saldu vexetativu negativu de 8.536 persones.\u00a0\u00a0Un datu m\u00e1s de Sadei, l&#8217;a\u00f1u pas\u00e1u hebo 3.867 matrimonios, un 9,8% m\u00e1s qu&#8217;en 2024, la mayor cifra dende 2012.<\/p>\n<\/div>\n","protected":false},"excerpt":{"rendered":"<p>Aumenta&#8217;l n\u00famberu de nacencies n&#8217;Asturies, per primer vegada en tres a\u00f1os.\u00a0 Aumenta&#8217;l n\u00famberu de nacencies n&#8217;Asturies, per primer vegada en tres a\u00f1os. Xubieron en 2025 un 3,1%, en total nacieron 4.675 ne\u00f1os n&#8217;Asturies. Precisamente l&#8217;a\u00f1u anterior, en 2024 rex\u00edstrose&#8217;l m\u00ednimu de nacencies desque Sadei empez\u00f3&#8217;l rexistru nel a\u00f1u 1990. La cifra de fallecimientos en 2025 [&hellip;]<\/p>\n","protected":false},"author":117,"featured_media":0,"comment_status":"closed","ping_status":"closed","sticky":false,"template":"","format":"standard","meta":{"footnotes":""},"categories":[258],"tags":[],"class_list":["post-67532","post","type-post","status-publish","format-standard","hentry","category-estadistiques"],"_links":{"self":[{"href":"https:\/\/edublog.educastur.es\/ixuxu\/wp-json\/wp\/v2\/posts\/67532","targetHints":{"allow":["GET"]}}],"collection":[{"href":"https:\/\/edublog.educastur.es\/ixuxu\/wp-json\/wp\/v2\/posts"}],"about":[{"href":"https:\/\/edublog.educastur.es\/ixuxu\/wp-json\/wp\/v2\/types\/post"}],"author":[{"embeddable":true,"href":"https:\/\/edublog.educastur.es\/ixuxu\/wp-json\/wp\/v2\/users\/117"}],"replies":[{"embeddable":true,"href":"https:\/\/edublog.educastur.es\/ixuxu\/wp-json\/wp\/v2\/comments?post=67532"}],"version-history":[{"count":1,"href":"https:\/\/edublog.educastur.es\/ixuxu\/wp-json\/wp\/v2\/posts\/67532\/revisions"}],"predecessor-version":[{"id":67533,"href":"https:\/\/edublog.educastur.es\/ixuxu\/wp-json\/wp\/v2\/posts\/67532\/revisions\/67533"}],"wp:attachment":[{"href":"https:\/\/edublog.educastur.es\/ixuxu\/wp-json\/wp\/v2\/media?parent=67532"}],"wp:term":[{"taxonomy":"category","embeddable":true,"href":"https:\/\/edublog.educastur.es\/ixuxu\/wp-json\/wp\/v2\/categories?post=67532"},{"taxonomy":"post_tag","embeddable":true,"href":"https:\/\/edublog.educastur.es\/ixuxu\/wp-json\/wp\/v2\/tags?post=67532"}],"curies":[{"name":"wp","href":"https:\/\/api.w.org\/{rel}","templated":true}]}}