{"id":67534,"date":"2026-02-07T20:06:17","date_gmt":"2026-02-07T18:06:17","guid":{"rendered":"https:\/\/edublog.educastur.es\/ixuxu\/?p=67534"},"modified":"2026-02-07T20:06:17","modified_gmt":"2026-02-07T18:06:17","slug":"el-consumu-delectricida-nasturies-baxo-un-09-en-2025","status":"publish","type":"post","link":"https:\/\/edublog.educastur.es\/ixuxu\/2026\/02\/el-consumu-delectricida-nasturies-baxo-un-09-en-2025\/","title":{"rendered":"El consumu d&#8217;electricid\u00e1 n&#8217;Asturies bax\u00f3 un 0,9% en 2025"},"content":{"rendered":"<p class=\"text-2xl font-bold font-serif leading-tight max-w-[65ch] mb-1.5\" style=\"text-align: center\"><a href=\"https:\/\/www.rtpa.es\/noticias-asturias-ast\/2026-02-05\/El-consumu-d'electricida-n'Asturies-baxo-un-0,9-en-2025-y-el-de-gas-xubio-un-36,3_111770320504.html\">El consumu d&#8217;electricid\u00e1 n&#8217;Asturies bax\u00f3 un 0,9% en 2025 y el de gas xubi\u00f3 un 36,3%.<\/a><\/p>\n<p style=\"text-align: center\"><a href=\"https:\/\/www.rtpa.es\/fotos\/\/24\/04\/20240401202653_RTPA4815723.jpg\"><img loading=\"lazy\" decoding=\"async\" class=\"aligncenter size-large\" src=\"https:\/\/www.rtpa.es\/fotos\/\/24\/04\/20240401202653_RTPA4815723.jpg\" width=\"853\" height=\"480\" \/><\/a><\/p>\n<div class=\"flow rtpa-prose text-lg leading-tight mb-6\">La mengua contrasta colos datos de 2024 cuando hubo una medria del consumu d&#8217;electricid\u00e1 en 3 puntos.<\/div>\n<div><\/div>\n<p><!--more--><\/p>\n<div class=\"flow rtpa-prose text-base text-neutral-700\">\n<p>El consumu d\u2019electricid\u00e1 n\u2019Asturies mengu\u00f3 l\u2019a\u00f1u pas\u00e1u un 0,9 por cientu, hasta 7.817,4 xigavatios\/hora (Xw\/h), mientres que\u2019l de gas natural dispar\u00f3se un 36,3 por cientu, hasta 13.057 Xw\/h, impuls\u00e1u pola mayor activid\u00e1 de les centrales de ciclu combin\u00e1u.<\/p>\n<p>Seg\u00fan los datos asoleyaos pola Socied\u00e1 Asturiana d\u2019Estudios Econ\u00f3micos y Industriales (Sadei), la mengua del consumu el\u00e9ctricu foi por mor de la fuerza industrial y otros usos, que rexistr\u00f3 una baxada del 1,3 por cientu, hasta 6.473,5 Xw\/h, mientres que\u2019l correspondiente al consumu dom\u00e9sticu medr\u00f3 un 1,1 por cientu, hasta 1.343,8 Xw\/h.<\/p>\n<p>La mengua del consumu el\u00e9ctricu nel a\u00f1u pas\u00e1u contrasta cola medr\u00eda del 3 por cientu rexistr\u00e1u en 2024, y que foi dempu\u00e9s de qu\u2019en 2023 hubiere un m\u00ednimu dende 2020.<\/p>\n<\/div>\n","protected":false},"excerpt":{"rendered":"<p>El consumu d&#8217;electricid\u00e1 n&#8217;Asturies bax\u00f3 un 0,9% en 2025 y el de gas xubi\u00f3 un 36,3%. La mengua contrasta colos datos de 2024 cuando hubo una medria del consumu d&#8217;electricid\u00e1 en 3 puntos.<\/p>\n","protected":false},"author":117,"featured_media":0,"comment_status":"closed","ping_status":"closed","sticky":false,"template":"","format":"standard","meta":{"footnotes":""},"categories":[305],"tags":[],"class_list":["post-67534","post","type-post","status-publish","format-standard","hentry","category-enerxia"],"_links":{"self":[{"href":"https:\/\/edublog.educastur.es\/ixuxu\/wp-json\/wp\/v2\/posts\/67534","targetHints":{"allow":["GET"]}}],"collection":[{"href":"https:\/\/edublog.educastur.es\/ixuxu\/wp-json\/wp\/v2\/posts"}],"about":[{"href":"https:\/\/edublog.educastur.es\/ixuxu\/wp-json\/wp\/v2\/types\/post"}],"author":[{"embeddable":true,"href":"https:\/\/edublog.educastur.es\/ixuxu\/wp-json\/wp\/v2\/users\/117"}],"replies":[{"embeddable":true,"href":"https:\/\/edublog.educastur.es\/ixuxu\/wp-json\/wp\/v2\/comments?post=67534"}],"version-history":[{"count":1,"href":"https:\/\/edublog.educastur.es\/ixuxu\/wp-json\/wp\/v2\/posts\/67534\/revisions"}],"predecessor-version":[{"id":67535,"href":"https:\/\/edublog.educastur.es\/ixuxu\/wp-json\/wp\/v2\/posts\/67534\/revisions\/67535"}],"wp:attachment":[{"href":"https:\/\/edublog.educastur.es\/ixuxu\/wp-json\/wp\/v2\/media?parent=67534"}],"wp:term":[{"taxonomy":"category","embeddable":true,"href":"https:\/\/edublog.educastur.es\/ixuxu\/wp-json\/wp\/v2\/categories?post=67534"},{"taxonomy":"post_tag","embeddable":true,"href":"https:\/\/edublog.educastur.es\/ixuxu\/wp-json\/wp\/v2\/tags?post=67534"}],"curies":[{"name":"wp","href":"https:\/\/api.w.org\/{rel}","templated":true}]}}