{"id":67536,"date":"2026-02-07T11:06:33","date_gmt":"2026-02-07T09:06:33","guid":{"rendered":"https:\/\/edublog.educastur.es\/ixuxu\/?p=67536"},"modified":"2026-02-08T12:15:22","modified_gmt":"2026-02-08T10:15:22","slug":"el-20-de-los-tuits-tien-desinformacion","status":"publish","type":"post","link":"https:\/\/edublog.educastur.es\/ixuxu\/2026\/02\/el-20-de-los-tuits-tien-desinformacion\/","title":{"rendered":"El 20% de los tuits tien desinformaci\u00f3n"},"content":{"rendered":"<p class=\"text-2xl font-bold font-serif leading-tight max-w-[65ch] mb-1.5\"><a href=\"https:\/\/www.rtpa.es\/noticias-nacional-ast\/2026-02-05\/El-20-de-los-tuits-tien-desinformacion_111770296278.html\">El 20% de los tuits tien desinformaci\u00f3n.<\/a><\/p>\n<p style=\"text-align: center\"><a href=\"https:\/\/www.rtpa.es\/fotos\/\/26\/02\/20260205133222_RTPA7681635.webp\"><img loading=\"lazy\" decoding=\"async\" class=\"aligncenter size-large\" src=\"https:\/\/www.rtpa.es\/fotos\/\/26\/02\/20260205133222_RTPA7681635.webp\" width=\"853\" height=\"480\" \/><\/a><\/p>\n<div class=\"flow rtpa-prose text-lg leading-tight mb-6\"><strong>Formar a los mozos pa nun cayer en bulos y desenvolver el pensamientu cr\u00edticu. <\/strong><strong>Inmigraci\u00f3n, xusticia, relix\u00f3n, conflictos y pol\u00edtica.<\/strong> Esti ye&#8217;l campu de batalla de la desinformaci\u00f3n na rede social X. Dominen mensaxes manipulaos, descontestualizaos o dise\u00f1aos pa xenerar polarizaci\u00f3n. El 20% de los tuits tien desinformaci\u00f3n y ataquen principalmente a periodistes, pol\u00edticos y xueces.<\/div>\n<div class=\"flow rtpa-prose text-base text-neutral-700\">\n<p><strong><!--more--><\/strong><\/p>\n<p>Cuasi la met\u00e1 de los propagadores son creadores de conten\u00edu especializaos en desinformar. Frente a esto, nun basta solo con prohibir les redes a menores de 16, sin\u00f3n ense\u00f1ar a los mozos a xestionar la informaci\u00f3n y formar esp\u00edritu cr\u00edticu.<\/p>\n<p>Son datos d&#8217;un estudiu de FAD Moced\u00e1 qu&#8217;analiza l&#8217;espardimientu de los bulos ente adolescentes y c\u00f3mo formar a los mozos pa que desenvuelvan el pensamientu cr\u00edticu. El programa va formar a 16.000 mozos y a families y docentes.<\/p>\n<\/div>\n<p>&nbsp;<\/p>\n","protected":false},"excerpt":{"rendered":"<p>El 20% de los tuits tien desinformaci\u00f3n. Formar a los mozos pa nun cayer en bulos y desenvolver el pensamientu cr\u00edticu. Inmigraci\u00f3n, xusticia, relix\u00f3n, conflictos y pol\u00edtica. Esti ye&#8217;l campu de batalla de la desinformaci\u00f3n na rede social X. Dominen mensaxes manipulaos, descontestualizaos o dise\u00f1aos pa xenerar polarizaci\u00f3n. El 20% de los tuits tien desinformaci\u00f3n [&hellip;]<\/p>\n","protected":false},"author":117,"featured_media":0,"comment_status":"closed","ping_status":"closed","sticky":false,"template":"","format":"standard","meta":{"footnotes":""},"categories":[1],"tags":[],"class_list":["post-67536","post","type-post","status-publish","format-standard","hentry","category-sin-categoria"],"_links":{"self":[{"href":"https:\/\/edublog.educastur.es\/ixuxu\/wp-json\/wp\/v2\/posts\/67536","targetHints":{"allow":["GET"]}}],"collection":[{"href":"https:\/\/edublog.educastur.es\/ixuxu\/wp-json\/wp\/v2\/posts"}],"about":[{"href":"https:\/\/edublog.educastur.es\/ixuxu\/wp-json\/wp\/v2\/types\/post"}],"author":[{"embeddable":true,"href":"https:\/\/edublog.educastur.es\/ixuxu\/wp-json\/wp\/v2\/users\/117"}],"replies":[{"embeddable":true,"href":"https:\/\/edublog.educastur.es\/ixuxu\/wp-json\/wp\/v2\/comments?post=67536"}],"version-history":[{"count":2,"href":"https:\/\/edublog.educastur.es\/ixuxu\/wp-json\/wp\/v2\/posts\/67536\/revisions"}],"predecessor-version":[{"id":67594,"href":"https:\/\/edublog.educastur.es\/ixuxu\/wp-json\/wp\/v2\/posts\/67536\/revisions\/67594"}],"wp:attachment":[{"href":"https:\/\/edublog.educastur.es\/ixuxu\/wp-json\/wp\/v2\/media?parent=67536"}],"wp:term":[{"taxonomy":"category","embeddable":true,"href":"https:\/\/edublog.educastur.es\/ixuxu\/wp-json\/wp\/v2\/categories?post=67536"},{"taxonomy":"post_tag","embeddable":true,"href":"https:\/\/edublog.educastur.es\/ixuxu\/wp-json\/wp\/v2\/tags?post=67536"}],"curies":[{"name":"wp","href":"https:\/\/api.w.org\/{rel}","templated":true}]}}