{"id":67547,"date":"2026-02-06T20:22:06","date_gmt":"2026-02-06T18:22:06","guid":{"rendered":"https:\/\/edublog.educastur.es\/ixuxu\/?p=67547"},"modified":"2026-02-08T20:29:37","modified_gmt":"2026-02-08T18:29:37","slug":"entamen-los-xuegos-diviernu-nitalia","status":"publish","type":"post","link":"https:\/\/edublog.educastur.es\/ixuxu\/2026\/02\/entamen-los-xuegos-diviernu-nitalia\/","title":{"rendered":"Entamen los Xuegos Ol\u00edmpicos d&#8217;iviernu n&#8217;Italia"},"content":{"rendered":"<div class=\"html-div xdj266r x14z9mp xat24cr x1lziwak xexx8yu x1a8lsjc xf7dkkf xv54qhq\">\n<div class=\"html-div xdj266r x14z9mp xat24cr x1lziwak xexx8yu xyri2b x18d9i69 x1c1uobl x1jx94hy x78zum5 x1q0g3np\">\n<div class=\"x78zum5 xdt5ytf xz62fqu x16ldp7u\">\n<div class=\"xu06os2 x1ok221b\">\n<div class=\"html-div xdj266r x14z9mp xat24cr x1lziwak xexx8yu xyri2b x18d9i69 x1c1uobl\" data-ad-rendering-role=\"profile_name\">\n<ul>\n<li class=\"html-h3 x14z9mp xat24cr x1lziwak xexx8yu xyri2b x18d9i69 x1c1uobl x1vvkbs x1heor9g x1qlqyl8 x1pd3egz x1a2a7pz x1gslohp x1yc453h\"><span class=\"x1lliihq x6ikm8r x10wlt62 x1n2onr6\"><span class=\"xt0psk2\"><a class=\"x1i10hfl xjbqb8w x1ejq31n x18oe1m7 x1sy0etr xstzfhl x972fbf x10w94by x1qhh985 x14e42zd x9f619 x1ypdohk xt0psk2 x3ct3a4 xdj266r x14z9mp xat24cr x1lziwak xexx8yu xyri2b x18d9i69 x1c1uobl x16tdsg8 x1hl2dhg xggy1nq x1a2a7pz xkrqix3 x1sur9pj xzsf02u x1s688f\" role=\"link\" href=\"https:\/\/www.facebook.com\/ComiteOlimpico?__cft__[0]=AZbcCne4OB2vhp6BPVV4syJM-ieW6aK6oSxVK2uscD_mdH3vMfluB4sS1YO7F1YnLTS76YZkTtk2xA7JgDKS-TjGKzUIZTDOWhtTm4zRGDU9Tadw-_Px_awoSXWiKRdAo1JGNk_5iYJG4tdeeUSGK6oDGk0fe14egGzQ7i878z90tODzIYzLCrIJYXY2WuL5aQSwVxwByx8NCs_3wlwpFRG1&amp;__tn__=-UC%2CP-y-R\"><b class=\"html-b xdj266r x14z9mp xat24cr x1lziwak xexx8yu xyri2b x18d9i69 x1c1uobl x1hl2dhg x16tdsg8 x1vvkbs x1s688f\"><span class=\"html-span xdj266r x14z9mp xat24cr x1lziwak xexx8yu xyri2b x18d9i69 x1c1uobl x1hl2dhg x16tdsg8 x1vvkbs\">Comit\u00e9 Ol\u00edmpico Espa\u00f1ol (COE)<\/span><\/b><\/a><\/span><span class=\"html-span xdj266r x14z9mp xat24cr x1lziwak xexx8yu xyri2b x18d9i69 x1c1uobl x1hl2dhg x16tdsg8 x1vvkbs x1dor1uw x1n2onr6 xxymvpz\"> \/ <a href=\"https:\/\/www.instagram.com\/reels\/DUbwUPFCKGW\/\">Reel<\/a> \/<\/span><\/span><\/li>\n<li class=\"html-h3 x14z9mp xat24cr x1lziwak xexx8yu xyri2b x18d9i69 x1c1uobl x1vvkbs x1heor9g x1qlqyl8 x1pd3egz x1a2a7pz x1gslohp x1yc453h\"><span class=\"x1lliihq x6ikm8r x10wlt62 x1n2onr6\"><span class=\"html-span xdj266r x14z9mp xat24cr x1lziwak xexx8yu xyri2b x18d9i69 x1c1uobl x1hl2dhg x16tdsg8 x1vvkbs x1dor1uw x1n2onr6 xxymvpz\"> <a href=\"https:\/\/www.instagram.com\/reels\/DUblcFuCqD-\/\"><strong>desfile d&#8217;Espa\u00f1a<\/strong><\/a> \/ <a href=\"https:\/\/www.instagram.com\/reel\/DUbqxJRD0e7\/\">Abanderaos<\/a> \/ <a href=\"https:\/\/www.instagram.com\/reel\/DUboXGggiNJ\/\">Olivia Smart<\/a> \/ <a href=\"https:\/\/www.instagram.com\/reel\/DUblcFuCqD-\/\">Espa\u00f1a<\/a> \/ <a href=\"https:\/\/twitter.com\/i\/status\/2019878628545425655\"><strong>salida<\/strong> <\/a>\/<\/span><\/span><\/li>\n<li><span class=\"css-1jxf684 r-bcqeeo r-1ttztb7 r-qvutc0 r-poiln3\">s <\/span><span class=\"r-18u37iz\"><a class=\"css-1jxf684 r-bcqeeo r-1ttztb7 r-qvutc0 r-poiln3 r-1ny4l3l r-1ddef8g r-tjvw6i r-1loqt21\" dir=\"ltr\" role=\"link\" href=\"https:\/\/x.com\/hashtag\/JJOOInviernoRTVE?src=hashtag_click\">#JJOOInviernoRTVE<\/a><\/span><span class=\"css-1jxf684 r-bcqeeo r-1ttztb7 r-qvutc0 r-poiln3\">\u00a0 Olivia Smart y Quim Salarich.<\/span>\u00a0<span class=\"r-18u37iz\"><a class=\"css-1jxf684 r-bcqeeo r-1ttztb7 r-qvutc0 r-poiln3 r-1loqt21\" dir=\"ltr\" role=\"link\" href=\"https:\/\/x.com\/hashtag\/MilanoCortina2026?src=hashtag_click\">#MilanoCortina2026<\/a><\/span><span class=\"css-1jxf684 r-bcqeeo r-1ttztb7 r-qvutc0 r-poiln3\">\u00a0<\/span><\/li>\n<\/ul>\n<p style=\"text-align: center\"><a href=\"https:\/\/www.mundodeportivo.com\/files\/image_948_465\/files\/fp\/uploads\/2026\/02\/06\/698660af04906.r_d.1363-863-3556.jpeg\"><img loading=\"lazy\" decoding=\"async\" class=\"aligncenter size-large\" src=\"https:\/\/www.mundodeportivo.com\/files\/image_948_465\/files\/fp\/uploads\/2026\/02\/06\/698660af04906.r_d.1363-863-3556.jpeg\" width=\"948\" height=\"465\" \/><\/a><\/p>\n<p style=\"text-align: center\">\n<\/div>\n<\/div>\n<div class=\"xu06os2 x1ok221b\">\n<div class=\"html-div xdj266r x14z9mp xat24cr x1lziwak xexx8yu xyri2b x18d9i69 x1c1uobl x6s0dn4 x17zd0t2 x78zum5 x1q0g3np x1a02dak\"><span class=\"html-span xexx8yu xyri2b x18d9i69 x1c1uobl x1hl2dhg x16tdsg8 x1vvkbs x3nfvp2 x1j61x8r x1fcty0u xdj266r xat24cr xm2jcoa x1mpyi22 xxymvpz xlup9mm x1kky2od\"><img loading=\"lazy\" decoding=\"async\" class=\"xz74otr x15mokao x1ga7v0g x16uus16 xbiv7yw\" src=\"https:\/\/static.xx.fbcdn.net\/images\/emoji.php\/v9\/t2\/1\/16\/1f60d.png\" alt=\"\ud83d\ude0d\" width=\"16\" height=\"16\" \/><\/span>Asina foi el desfile de la Delegaci\u00f3n epa\u00f1ola en @milanocortina2026.\u00a0 <span class=\"html-span xexx8yu xyri2b x18d9i69 x1c1uobl x1hl2dhg x16tdsg8 x1vvkbs x3nfvp2 x1j61x8r x1fcty0u xdj266r xat24cr xm2jcoa x1mpyi22 xxymvpz xlup9mm x1kky2od\"><img loading=\"lazy\" decoding=\"async\" class=\"xz74otr x15mokao x1ga7v0g x16uus16 xbiv7yw\" src=\"https:\/\/static.xx.fbcdn.net\/images\/emoji.php\/v9\/tac\/1\/16\/1f4cc.png\" alt=\"\ud83d\udccc\" width=\"16\" height=\"16\" \/><\/span>Mil\u00e1n, Livigno y Pedrazzo \/ <span class=\"html-span xexx8yu xyri2b x18d9i69 x1c1uobl x1hl2dhg x16tdsg8 x1vvkbs x3nfvp2 x1j61x8r x1fcty0u xdj266r xat24cr xm2jcoa x1mpyi22 xxymvpz xlup9mm x1kky2od\"><img loading=\"lazy\" decoding=\"async\" class=\"xz74otr x15mokao x1ga7v0g x16uus16 xbiv7yw\" src=\"https:\/\/static.xx.fbcdn.net\/images\/emoji.php\/v9\/t34\/1\/16\/1f1ea_1f1f8.png\" alt=\"\ud83c\uddea\ud83c\uddf8\" width=\"16\" height=\"16\" \/><\/span> \u00a1Vamos, Equipo <span class=\"x1lliihq x6ikm8r x10wlt62 x1n2onr6\"><span class=\"xt0psk2\"><a class=\"x1i10hfl xjbqb8w x1ejq31n x18oe1m7 x1sy0etr xstzfhl x972fbf x10w94by x1qhh985 x14e42zd x9f619 x1ypdohk xt0psk2 x3ct3a4 xdj266r x14z9mp xat24cr x1lziwak xexx8yu xyri2b x18d9i69 x1c1uobl x16tdsg8 x1hl2dhg xggy1nq x1a2a7pz xkrqix3 x1sur9pj xzsf02u x1s688f\" role=\"link\" href=\"https:\/\/www.facebook.com\/EUIPO.eu?__cft__[0]=AZavMS94onMJDuhm5anc3cbdz36zFJX8jlktDYg3anoVR09xGumIocVipoOVWDqJE9Jm9yCuNBF2cmiH9YXr4B2GV7W_x9K-ENs5Ig-ZA0mVqDdWFPqlB63o1xqA3_Fmxc6pscylse65ySeAzwH5qaUizHODLkSdx5Dh3Ds1pC8k3LnI0CH7rLSwItZR_4rnmpYY-1WNHaLTRUlNCKUraR_5&amp;__tn__=-UC%2CP-y-R\"><b class=\"html-b xdj266r x14z9mp xat24cr x1lziwak xexx8yu xyri2b x18d9i69 x1c1uobl x1hl2dhg x16tdsg8 x1vvkbs x1s688f\"><span class=\"html-span xdj266r x14z9mp xat24cr x1lziwak xexx8yu xyri2b x18d9i69 x1c1uobl x1hl2dhg x16tdsg8 x1vvkbs\">European Union Intellectual Property Office &#8211; EUIPO<\/span><\/b><\/a><\/span> <\/span>The Winter Olympic Games are here!<span class=\"html-span xexx8yu xyri2b x18d9i69 x1c1uobl x1hl2dhg x16tdsg8 x1vvkbs x3nfvp2 x1j61x8r x1fcty0u xdj266r xat24cr xm2jcoa x1mpyi22 xxymvpz xlup9mm x1kky2od\"><img loading=\"lazy\" decoding=\"async\" class=\"xz74otr x15mokao x1ga7v0g x16uus16 xbiv7yw\" src=\"https:\/\/static.xx.fbcdn.net\/images\/emoji.php\/v9\/t7e\/1\/16\/26f7.png\" alt=\"\u26f7\ufe0f\" width=\"16\" height=\"16\" \/><\/span><span class=\"html-span xexx8yu xyri2b x18d9i69 x1c1uobl x1hl2dhg x16tdsg8 x1vvkbs x3nfvp2 x1j61x8r x1fcty0u xdj266r xat24cr xm2jcoa x1mpyi22 xxymvpz xlup9mm x1kky2od\"><img loading=\"lazy\" decoding=\"async\" class=\"xz74otr x15mokao x1ga7v0g x16uus16 xbiv7yw\" src=\"https:\/\/static.xx.fbcdn.net\/images\/emoji.php\/v9\/tc0\/1\/16\/1f94c.png\" alt=\"\ud83e\udd4c\" width=\"16\" height=\"16\" \/><\/span><span class=\"html-span xexx8yu xyri2b x18d9i69 x1c1uobl x1hl2dhg x16tdsg8 x1vvkbs x3nfvp2 x1j61x8r x1fcty0u xdj266r xat24cr xm2jcoa x1mpyi22 xxymvpz xlup9mm x1kky2od\"><img loading=\"lazy\" decoding=\"async\" class=\"xz74otr x15mokao x1ga7v0g x16uus16 xbiv7yw\" src=\"https:\/\/static.xx.fbcdn.net\/images\/emoji.php\/v9\/t3d\/1\/16\/1f3c5.png\" alt=\"\ud83c\udfc5\" width=\"16\" height=\"16\" \/><strong>\u00a0Del 6 al 22 de febreru, 2.916 atletes de 92 pa\u00edses van competir en 16 disciplines.<\/strong><\/span><\/div>\n<div style=\"text-align: center\"><a href=\"https:\/\/img.olympics.com\/images\/image\/private\/t_s_16_9_g_auto\/t_s_w2440\/f_auto\/primary\/vocy5tirq3l5yshfjt4n\"><img loading=\"lazy\" decoding=\"async\" class=\"aligncenter size-large\" src=\"https:\/\/img.olympics.com\/images\/image\/private\/t_s_16_9_g_auto\/t_s_w2440\/f_auto\/primary\/vocy5tirq3l5yshfjt4n\" width=\"2440\" height=\"1372\" \/><\/a><\/div>\n<div><!--more--><\/div>\n<div class=\"html-div xdj266r x14z9mp xat24cr x1lziwak xexx8yu xyri2b x18d9i69 x1c1uobl x6s0dn4 x17zd0t2 x78zum5 x1q0g3np x1a02dak\" style=\"text-align: center\"><span class=\"html-span xexx8yu xyri2b x18d9i69 x1c1uobl x1hl2dhg x16tdsg8 x1vvkbs x3nfvp2 x1j61x8r x1fcty0u xdj266r xat24cr xm2jcoa x1mpyi22 xxymvpz xlup9mm x1kky2od\"><strong> <a class=\"x1i10hfl xjbqb8w x1ejq31n x18oe1m7 x1sy0etr xstzfhl x972fbf x10w94by x1qhh985 x14e42zd x9f619 x1ypdohk xt0psk2 x3ct3a4 xdj266r x14z9mp xat24cr x1lziwak xexx8yu xyri2b x18d9i69 x1c1uobl x16tdsg8 x1hl2dhg xggy1nq x1a2a7pz _aa9_ _a6hd\" role=\"link\" href=\"https:\/\/www.instagram.com\/explore\/tags\/milanocortina\/\">#milanocortina<\/a>\u00a0<a class=\"x1i10hfl xjbqb8w x1ejq31n x18oe1m7 x1sy0etr xstzfhl x972fbf x10w94by x1qhh985 x14e42zd x9f619 x1ypdohk xt0psk2 x3ct3a4 xdj266r x14z9mp xat24cr x1lziwak xexx8yu xyri2b x18d9i69 x1c1uobl x16tdsg8 x1hl2dhg xggy1nq x1a2a7pz _aa9_ _a6hd\" role=\"link\" href=\"https:\/\/www.instagram.com\/explore\/tags\/olympics\/\">#olympics<\/a>\u00a0<a class=\"x1i10hfl xjbqb8w x1ejq31n x18oe1m7 x1sy0etr xstzfhl x972fbf x10w94by x1qhh985 x14e42zd x9f619 x1ypdohk xt0psk2 x3ct3a4 xdj266r x14z9mp xat24cr x1lziwak xexx8yu xyri2b x18d9i69 x1c1uobl x16tdsg8 x1hl2dhg xggy1nq x1a2a7pz _aa9_ _a6hd\" role=\"link\" href=\"https:\/\/www.instagram.com\/explore\/tags\/olympicgames\/\">#olympicgames<\/a>\u00a0<a class=\"x1i10hfl xjbqb8w x1ejq31n x18oe1m7 x1sy0etr xstzfhl x972fbf x10w94by x1qhh985 x14e42zd x9f619 x1ypdohk xt0psk2 x3ct3a4 xdj266r x14z9mp xat24cr x1lziwak xexx8yu xyri2b x18d9i69 x1c1uobl x16tdsg8 x1hl2dhg xggy1nq x1a2a7pz _aa9_ _a6hd\" role=\"link\" href=\"https:\/\/www.instagram.com\/explore\/tags\/winterolympics\/\">#winterolympics<\/a>\u00a0<a class=\"x1i10hfl xjbqb8w x1ejq31n x18oe1m7 x1sy0etr xstzfhl x972fbf x10w94by x1qhh985 x14e42zd x9f619 x1ypdohk xt0psk2 x3ct3a4 xdj266r x14z9mp xat24cr x1lziwak xexx8yu xyri2b x18d9i69 x1c1uobl x16tdsg8 x1hl2dhg xggy1nq x1a2a7pz _aa9_ _a6hd\" role=\"link\" href=\"https:\/\/www.instagram.com\/explore\/tags\/milanocortinaolympics\/\">#milanocortinaolympics<\/a>\u00a0<\/strong><\/span><\/div>\n<\/div>\n<\/div>\n<\/div>\n<\/div>\n<div class=\"html-div xdj266r x14z9mp xat24cr x1lziwak xexx8yu xyri2b x18d9i69 x1c1uobl\" dir=\"auto\">\n<div class=\"html-div xdj266r x14z9mp xat24cr x1lziwak xexx8yu xyri2b x18d9i69 x1c1uobl\" dir=\"auto\">\n<div class=\"html-div xdj266r x14z9mp xat24cr x1lziwak xexx8yu xyri2b x18d9i69 x1c1uobl\" data-ad-rendering-role=\"story_message\">\n<div class=\"x1l90r2v x1iorvi4 x1g0dm76 xpdmqnj\" data-ad-comet-preview=\"message\" data-ad-preview=\"message\">\n<div class=\"x78zum5 xdt5ytf xz62fqu x16ldp7u\">\n<div class=\"xu06os2 x1ok221b\">\n<div class=\"html-div xdj266r x14z9mp xat24cr x1lziwak xexx8yu xyri2b x18d9i69 x1c1uobl\">\n<div class=\"xdj266r x14z9mp xat24cr x1lziwak x1vvkbs x126k92a\">\n<div dir=\"auto\"><\/div>\n<div dir=\"auto\" style=\"text-align: center\"><span class=\"x193iq5w xeuugli x13faqbe x1vvkbs xt0psk2 x1i0vuye xvs91rp xo1l8bm x5n08af x10wh9bi xpm28yp x8viiok x1o7cslx x126k92a\"><span class=\"html-span xexx8yu x4uap5 x18d9i69 xkhd6sd x1hl2dhg x16tdsg8 x1vvkbs x3nfvp2 x1j61x8r x1fcty0u xdj266r xat24cr xgzva0m xhhsvwb xxymvpz xlup9mm x1kky2od\">\n<!-- iframe plugin v.6.0 wordpress.org\/plugins\/iframe\/ -->\n<iframe loading=\"lazy\" src=\"https:\/\/www.instagram.com\/p\/DUYmOLKiH14\/embed\" width=\"460\" height=\"625\" 0=\"\/iframe\" scrolling=\"yes\" class=\"iframe-class\" frameborder=\"0\"><\/iframe>\n<\/span><\/span><\/div>\n<div dir=\"auto\"><\/div>\n<div dir=\"auto\" style=\"text-align: center\"><span class=\"x193iq5w xeuugli x13faqbe x1vvkbs xt0psk2 x1i0vuye xvs91rp xo1l8bm x5n08af x10wh9bi xpm28yp x8viiok x1o7cslx x126k92a\"><span class=\"html-span xexx8yu x4uap5 x18d9i69 xkhd6sd x1hl2dhg x16tdsg8 x1vvkbs x3nfvp2 x1j61x8r x1fcty0u xdj266r xat24cr xgzva0m xhhsvwb xxymvpz xlup9mm x1kky2od\">\n<!-- iframe plugin v.6.0 wordpress.org\/plugins\/iframe\/ -->\n<iframe loading=\"lazy\" src=\"https:\/\/www.instagram.com\/p\/DUbdfCqDaTh\/embed\" width=\"460\" height=\"625\" 0=\"\/iframe\" scrolling=\"yes\" class=\"iframe-class\" frameborder=\"0\"><\/iframe>\n<\/span><\/span><\/div>\n<div dir=\"auto\">\n<p>Con una ceremonia colorida y elegante qu&#8217;incluy\u00f3 actuaciones de <strong>Mariah Carey, Andrea Bocelli y Laura Pausini<\/strong>, quedaron inauguraos los<strong><span style=\"color: #008080\"> Xuegos Ol\u00edmpicos d&#8217;Iviernu Mil\u00e1n-Cortina d\u2019Ampezzo 2026. <\/span><\/strong>L&#8217;eventu destac\u00f3 elementos de la cultura italiana, como los sos compositores, les sos cafeteres y el c\u00e9lebre Colis\u00e9u Romanu. <strong>Ye la tercer vegada que&#8217;l pa\u00eds acueye les Olimpiaes d&#8217;iviernu.<\/strong><\/p>\n<p style=\"text-align: center\"><span class=\"x193iq5w xeuugli x13faqbe x1vvkbs xt0psk2 x1i0vuye xvs91rp xo1l8bm x5n08af x10wh9bi xpm28yp x8viiok x1o7cslx x126k92a\"><span class=\"html-span xexx8yu x4uap5 x18d9i69 xkhd6sd x1hl2dhg x16tdsg8 x1vvkbs x3nfvp2 x1j61x8r x1fcty0u xdj266r xat24cr xgzva0m xhhsvwb xxymvpz xlup9mm x1kky2od\">\n<!-- iframe plugin v.6.0 wordpress.org\/plugins\/iframe\/ -->\n<iframe loading=\"lazy\" src=\"https:\/\/www.instagram.com\/p\/DUdjOxYjqK_\/embed\" width=\"460\" height=\"595\" 0=\"\/iframe\" scrolling=\"yes\" class=\"iframe-class\" frameborder=\"0\"><\/iframe>\n<\/span><\/span><\/p>\n<p>L&#8217;eventu destac\u00f3 elementos de la cultura italiana, como los sos compositores, les sos cafeteres y el c\u00e9lebre Colis\u00e9u Romanu. Ye la tercer vegada que&#8217;l pa\u00eds acueye les Olimpiaes d&#8217;iviernu.<\/p>\n<p><strong>Del 6 al 22 de febreru, 2.916 atletes de 92 pa\u00edses van competir en 16 disciplines.\u00a0<\/strong>Los xuegos van cuntar con una significativa participaci\u00f3n llatinoamericana. Arxentina, Bolivia, Chile, Colombia, Ecuador, Hait\u00ed, M\u00e9xico, Puertu Ricu, Uruguai y Venezuela van buscar la so primer medaya n&#8217;unos xuegos ivernizos.<\/p>\n<\/div>\n<div dir=\"auto\" style=\"text-align: center\"><span class=\"x193iq5w xeuugli x13faqbe x1vvkbs xt0psk2 x1i0vuye xvs91rp xo1l8bm x5n08af x10wh9bi xpm28yp x8viiok x1o7cslx x126k92a\"><span class=\"html-span xexx8yu x4uap5 x18d9i69 xkhd6sd x1hl2dhg x16tdsg8 x1vvkbs x3nfvp2 x1j61x8r x1fcty0u xdj266r xat24cr xgzva0m xhhsvwb xxymvpz xlup9mm x1kky2od\">\n<!-- iframe plugin v.6.0 wordpress.org\/plugins\/iframe\/ -->\n<iframe loading=\"lazy\" src=\"https:\/\/www.instagram.com\/p\/DUbvienDIjx\/embed\" width=\"460\" height=\"595\" 0=\"\/iframe\" scrolling=\"yes\" class=\"iframe-class\" frameborder=\"0\"><\/iframe>\n<\/span><\/span><\/div>\n<div dir=\"auto\"><\/div>\n<div dir=\"auto\" style=\"text-align: center\">\n<!-- iframe plugin v.6.0 wordpress.org\/plugins\/iframe\/ -->\n<iframe loading=\"lazy\" src=\"https:\/\/www.facebook.com\/plugins\/post.php?href=https%3A%2F%2Fwww.facebook.com%2Fphoto.php%3Ffbid%3D1330490072439258%26set%3Da.294623072692635%26type%3D3&#038;show_text=false&#038;width=500\" width=\"500\" height=\"753\" style=\"border:none;overflow:hidden\" scrolling=\"no\" frameborder=\"0\" allowfullscreen=\"true\" allow=\"autoplay; clipboard-write; encrypted-media; picture-in-picture; web-share\" 0=\"\/iframe\" class=\"iframe-class\"><\/iframe>\n<\/div>\n<div dir=\"auto\"><\/div>\n<div dir=\"auto\" style=\"text-align: center\"><a href=\"https:\/\/e00-especiales-marca.uecdn.es\/juegos-olimpicos\/images\/invierno2026\/foto1.jpg\"><img loading=\"lazy\" decoding=\"async\" class=\"aligncenter size-large\" src=\"https:\/\/e00-especiales-marca.uecdn.es\/juegos-olimpicos\/images\/invierno2026\/foto1.jpg\" width=\"990\" height=\"660\" \/><\/a><\/div>\n<\/div>\n<div dir=\"auto\" style=\"text-align: center\"><span class=\"x193iq5w xeuugli x13faqbe x1vvkbs xt0psk2 x1i0vuye xvs91rp xo1l8bm x5n08af x10wh9bi xpm28yp x8viiok x1o7cslx x126k92a\"><span class=\"html-span xexx8yu x4uap5 x18d9i69 xkhd6sd x1hl2dhg x16tdsg8 x1vvkbs x3nfvp2 x1j61x8r x1fcty0u xdj266r xat24cr xgzva0m xhhsvwb xxymvpz xlup9mm x1kky2od\">\n<!-- iframe plugin v.6.0 wordpress.org\/plugins\/iframe\/ -->\n<iframe loading=\"lazy\" src=\"https:\/\/www.instagram.com\/p\/DUd4Njdkg8f\/embed\" width=\"460\" height=\"625\" 0=\"\/iframe\" scrolling=\"yes\" class=\"iframe-class\" frameborder=\"0\"><\/iframe>\n<\/span><\/span><\/div>\n<div dir=\"auto\" style=\"text-align: center\"><a href=\"https:\/\/e00-especiales-marca.uecdn.es\/juegos-olimpicos\/images\/invierno2026\/foto2.jpg\"><img loading=\"lazy\" decoding=\"async\" class=\"aligncenter size-large\" src=\"https:\/\/e00-especiales-marca.uecdn.es\/juegos-olimpicos\/images\/invierno2026\/foto2.jpg\" width=\"990\" height=\"660\" \/><\/a><\/div>\n<div dir=\"auto\">\n<h2 style=\"text-align: center\"><span class=\"x193iq5w xeuugli x13faqbe x1vvkbs xt0psk2 x1i0vuye xvs91rp xo1l8bm x5n08af x10wh9bi xpm28yp x8viiok x1o7cslx x126k92a\"><span class=\"html-span xexx8yu x4uap5 x18d9i69 xkhd6sd x1hl2dhg x16tdsg8 x1vvkbs x3nfvp2 x1j61x8r x1fcty0u xdj266r xat24cr xgzva0m xhhsvwb xxymvpz xlup9mm x1kky2od\">\n<!-- iframe plugin v.6.0 wordpress.org\/plugins\/iframe\/ -->\n<iframe loading=\"lazy\" src=\"https:\/\/www.instagram.com\/p\/DUDZiUXDfYB\/embed\" width=\"460\" height=\"625\" 0=\"\/iframe\" scrolling=\"yes\" class=\"iframe-class\" frameborder=\"0\"><\/iframe>\n<\/span><\/span><\/h2>\n<h2><\/h2>\n<h2 class=\"titulo__interior2\"><span style=\"font-size: 16px\">La <\/span><strong style=\"font-size: 16px\">Real Federaci\u00f3n Espa\u00f1ola de Deportes de Invierno<\/strong><span style=\"font-size: 16px\">\u00a0aporta nueve deportistas. En\u00a0<\/span><strong style=\"font-size: 16px\">esqu\u00ed alpino<\/strong><span style=\"font-size: 16px\">\u00a0estar\u00e1n\u00a0<\/span><strong style=\"font-size: 16px\">Joaquim Salarich y Arrieta Rodr\u00edguez<\/strong><span style=\"font-size: 16px\">, mientras que en\u00a0<\/span><strong style=\"font-size: 16px\">esqu\u00ed de fondo<\/strong><span style=\"font-size: 16px\">\u00a0participar\u00e1n\u00a0<\/span><strong style=\"font-size: 16px\">Bernat Sell\u00e9s, Jaume Pueyo y Marc Colell.<\/strong><span style=\"font-size: 16px\">\u00a0Tambi\u00e9n\u00a0<\/span><strong style=\"font-size: 16px\">Lucas Eguibar y \u00c1lvaro Romero<\/strong><span style=\"font-size: 16px\">\u00a0representar\u00e1n a Espa\u00f1a en\u00a0<\/span><strong style=\"font-size: 16px\">snowboard cross<\/strong><span style=\"font-size: 16px\">,\u00a0<\/span><strong style=\"font-size: 16px\">Queralt Castellet en halfpipe y Nora Cornell en slopestyle y big air.<\/strong><\/h2>\n<div class=\"articulo__cuerpo\">\n<p>Por su parte, la\u00a0<strong>Real Federaci\u00f3n Espa\u00f1ola de Deportes de Hielo<\/strong>\u00a0cuenta con\u00a0<strong>Olivia Smart (nuestra abanderada junto a Quim Salarich) y Tim Dieck<\/strong>, m\u00e1s\u00a0<strong>Sof\u00eda Val y Asaf Kazimov<\/strong>\u00a0en la\u00a0<strong>danza del patinaje art\u00edstico<\/strong>, m\u00e1s\u00a0<strong>Tom\u00e1s Guarino<\/strong>\u00a0en la competici\u00f3n individual masculina. Adem\u00e1s, se estrena en el\u00a0<strong>patinaje de velocidad<\/strong>\u00a0con\u00a0<strong>Nil Llop y Daniel Milagros<\/strong>, en los 500 metros y 1.000 metros, respectivamente.<\/p>\n<p>La\u00a0<strong>Federaci\u00f3n Espa\u00f1ola de Escalada y Monta\u00f1a<\/strong>, la \u00fanica presente en Juegos de Verano e Invierno, se estrena en una cita invernal al debutar la especialidad del\u00a0<strong>esqu\u00ed de monta\u00f1a<\/strong>.\u00a0<strong>Oriol Cardona, Ana Alonso, Ot Ferrer y Mar\u00eda Costa<\/strong>\u00a0ser\u00e1n los representantes espa\u00f1oles.<\/p>\n<p style=\"text-align: center\"><a href=\"https:\/\/e00-especiales-marca.uecdn.es\/juegos-olimpicos\/images\/invierno2026\/espanoles.jpg\"><img loading=\"lazy\" decoding=\"async\" class=\"aligncenter size-large\" src=\"https:\/\/e00-especiales-marca.uecdn.es\/juegos-olimpicos\/images\/invierno2026\/espanoles.jpg\" width=\"1320\" height=\"3724\" \/><\/a><\/p>\n<\/div>\n<p>Calendariu<\/p>\n<p style=\"text-align: center\"><a href=\"https:\/\/e00-especiales-marca.uecdn.es\/juegos-olimpicos\/images\/invierno2026\/calendario.jpg\"><img loading=\"lazy\" decoding=\"async\" class=\"aligncenter size-large\" src=\"https:\/\/e00-especiales-marca.uecdn.es\/juegos-olimpicos\/images\/invierno2026\/calendario.jpg\" width=\"1320\" height=\"872\" \/><\/a><\/p>\n<\/div>\n<\/div>\n<\/div>\n<\/div>\n<\/div>\n<\/div>\n<\/div>\n<\/div>\n<p>&nbsp;<\/p>\n","protected":false},"excerpt":{"rendered":"<p>Comit\u00e9 Ol\u00edmpico Espa\u00f1ol (COE) \/ Reel \/ desfile d&#8217;Espa\u00f1a \/ Abanderaos \/ Olivia Smart \/ Espa\u00f1a \/ salida \/ s #JJOOInviernoRTVE\u00a0 Olivia Smart y Quim Salarich.\u00a0#MilanoCortina2026\u00a0 Asina foi el desfile de la Delegaci\u00f3n epa\u00f1ola en @milanocortina2026.\u00a0 Mil\u00e1n, Livigno y Pedrazzo \/ \u00a1Vamos, Equipo European Union Intellectual Property Office &#8211; EUIPO The Winter Olympic Games are [&hellip;]<\/p>\n","protected":false},"author":117,"featured_media":0,"comment_status":"closed","ping_status":"closed","sticky":false,"template":"","format":"standard","meta":{"footnotes":""},"categories":[186],"tags":[],"class_list":["post-67547","post","type-post","status-publish","format-standard","hentry","category-xuegos-olimpicos"],"_links":{"self":[{"href":"https:\/\/edublog.educastur.es\/ixuxu\/wp-json\/wp\/v2\/posts\/67547","targetHints":{"allow":["GET"]}}],"collection":[{"href":"https:\/\/edublog.educastur.es\/ixuxu\/wp-json\/wp\/v2\/posts"}],"about":[{"href":"https:\/\/edublog.educastur.es\/ixuxu\/wp-json\/wp\/v2\/types\/post"}],"author":[{"embeddable":true,"href":"https:\/\/edublog.educastur.es\/ixuxu\/wp-json\/wp\/v2\/users\/117"}],"replies":[{"embeddable":true,"href":"https:\/\/edublog.educastur.es\/ixuxu\/wp-json\/wp\/v2\/comments?post=67547"}],"version-history":[{"count":13,"href":"https:\/\/edublog.educastur.es\/ixuxu\/wp-json\/wp\/v2\/posts\/67547\/revisions"}],"predecessor-version":[{"id":67639,"href":"https:\/\/edublog.educastur.es\/ixuxu\/wp-json\/wp\/v2\/posts\/67547\/revisions\/67639"}],"wp:attachment":[{"href":"https:\/\/edublog.educastur.es\/ixuxu\/wp-json\/wp\/v2\/media?parent=67547"}],"wp:term":[{"taxonomy":"category","embeddable":true,"href":"https:\/\/edublog.educastur.es\/ixuxu\/wp-json\/wp\/v2\/categories?post=67547"},{"taxonomy":"post_tag","embeddable":true,"href":"https:\/\/edublog.educastur.es\/ixuxu\/wp-json\/wp\/v2\/tags?post=67547"}],"curies":[{"name":"wp","href":"https:\/\/api.w.org\/{rel}","templated":true}]}}