{"id":67567,"date":"2026-02-07T21:03:31","date_gmt":"2026-02-07T19:03:31","guid":{"rendered":"https:\/\/edublog.educastur.es\/ixuxu\/?p=67567"},"modified":"2026-02-07T21:06:50","modified_gmt":"2026-02-07T19:06:50","slug":"el-cuadro-carnavalada-1945-devaristo-valle","status":"publish","type":"post","link":"https:\/\/edublog.educastur.es\/ixuxu\/2026\/02\/el-cuadro-carnavalada-1945-devaristo-valle\/","title":{"rendered":"El cuadro \u00abCarnavalada\u00bb (1945), d&#8217;Evaristo Valle"},"content":{"rendered":"<p style=\"text-align: center\"><a href=\"https:\/\/estaticos-cdn.prensaiberica.es\/clip\/0f645f53-be43-49f0-abdd-d6309bc8883f_16-9-discover-aspect-ratio_default_0_x874y338.webp\"><img loading=\"lazy\" decoding=\"async\" class=\"aligncenter size-large\" src=\"https:\/\/estaticos-cdn.prensaiberica.es\/clip\/0f645f53-be43-49f0-abdd-d6309bc8883f_16-9-discover-aspect-ratio_default_0_x874y338.webp\" width=\"1200\" height=\"675\" \/><\/a><\/p>\n<p>Nun son lo mesmo, siquier nun lo yeren, l&#8217;Antroxu que l&#8217;Antroxu, denominaci\u00f3n asturiana esta postrera \u2013al pie de otres en funci\u00f3n del territoriu como Antrueyu, Antruidu, Antroiru, Entroido&#8230;\u2013 d&#8217;esa fiesta que llama a ponese&#8217;l disfraz y el mazcaritu para prestase, baillar, cantar, comer bones viandes y llambiaes ensin llende.<\/p>\n<p><!--more--><\/p>\n<p><strong>N&#8217;orixe&#8217;l Antroxu empez\u00f3 como celebraci\u00f3n de la entrada del nuevu a\u00f1u y la crecedera de los d\u00edes tres l&#8217;equinocio d&#8217;iviernu<\/strong> \u2013d&#8217;ende les mazcaraes d&#8217;iviernu qu&#8217;ent\u00e1 perviven na actualid\u00e1\u2013 y torn\u00f3 col pasu de los sieglos \u2013y l&#8217;influencia de la relix\u00f3n\u2013 n&#8217;una fiesta na qu&#8217;echar el restu primero que s&#8217;impunxera la rigorosa Cuaresma.<\/p>\n<p>La cuesti\u00f3n ye que los asturianos, bien entrao y\u00e1&#8217;l sieglu XXI, ap\u00farrense cada vez m\u00e1s al Antroxu ensin pensar enforma nel so orixe o denominaci\u00f3n. Ll\u00e1mese como se llame lo cierto ye que les celebraciones nun fallen y el calendariu cada vez s&#8217;allargar m\u00e1s. La fiesta nel Princip\u00e1u sabe a frixuelos o fereioxolos, a casadielles, a chocolate, a goxa enllena de berces, a carne de gocho&#8230;<\/p>\n<p>Y cel\u00e9brase de mil y un maneres, nos que les xornaes gastron\u00f3miques, los desfiles con impresionantes xarr\u00e9s o amarutes (hasta de mascotes), l&#8217;entierru de la sardina y la m\u00fasica de charangues son una constante, ensin escaecer otros \u00abinventos\u00bb m\u00e1s reci\u00e9n como l&#8217;esitosu Descensu de Galiana n&#8217;Avil\u00e9s o l&#8217;Entierru del Salm\u00f3n en Les Arriondes. Angua\u00f1o hasta Donald Trump haise infiltr\u00e1u.<\/p>\n","protected":false},"excerpt":{"rendered":"<p>Nun son lo mesmo, siquier nun lo yeren, l&#8217;Antroxu que l&#8217;Antroxu, denominaci\u00f3n asturiana esta postrera \u2013al pie de otres en funci\u00f3n del territoriu como Antrueyu, Antruidu, Antroiru, Entroido&#8230;\u2013 d&#8217;esa fiesta que llama a ponese&#8217;l disfraz y el mazcaritu para prestase, baillar, cantar, comer bones viandes y llambiaes ensin llende.<\/p>\n","protected":false},"author":117,"featured_media":0,"comment_status":"closed","ping_status":"closed","sticky":false,"template":"","format":"aside","meta":{"footnotes":""},"categories":[262,30],"tags":[],"class_list":["post-67567","post","type-post","status-publish","format-aside","hentry","category-antroxu","category-pintura","post_format-post-format-aside"],"_links":{"self":[{"href":"https:\/\/edublog.educastur.es\/ixuxu\/wp-json\/wp\/v2\/posts\/67567","targetHints":{"allow":["GET"]}}],"collection":[{"href":"https:\/\/edublog.educastur.es\/ixuxu\/wp-json\/wp\/v2\/posts"}],"about":[{"href":"https:\/\/edublog.educastur.es\/ixuxu\/wp-json\/wp\/v2\/types\/post"}],"author":[{"embeddable":true,"href":"https:\/\/edublog.educastur.es\/ixuxu\/wp-json\/wp\/v2\/users\/117"}],"replies":[{"embeddable":true,"href":"https:\/\/edublog.educastur.es\/ixuxu\/wp-json\/wp\/v2\/comments?post=67567"}],"version-history":[{"count":3,"href":"https:\/\/edublog.educastur.es\/ixuxu\/wp-json\/wp\/v2\/posts\/67567\/revisions"}],"predecessor-version":[{"id":67570,"href":"https:\/\/edublog.educastur.es\/ixuxu\/wp-json\/wp\/v2\/posts\/67567\/revisions\/67570"}],"wp:attachment":[{"href":"https:\/\/edublog.educastur.es\/ixuxu\/wp-json\/wp\/v2\/media?parent=67567"}],"wp:term":[{"taxonomy":"category","embeddable":true,"href":"https:\/\/edublog.educastur.es\/ixuxu\/wp-json\/wp\/v2\/categories?post=67567"},{"taxonomy":"post_tag","embeddable":true,"href":"https:\/\/edublog.educastur.es\/ixuxu\/wp-json\/wp\/v2\/tags?post=67567"}],"curies":[{"name":"wp","href":"https:\/\/api.w.org\/{rel}","templated":true}]}}