{"id":67585,"date":"2026-02-07T18:32:42","date_gmt":"2026-02-07T16:32:42","guid":{"rendered":"https:\/\/edublog.educastur.es\/ixuxu\/?p=67585"},"modified":"2026-02-07T21:34:07","modified_gmt":"2026-02-07T19:34:07","slug":"afayen-una-aldega-unica-de-fai-4-000-anos-so-un-parque-nuvieu","status":"publish","type":"post","link":"https:\/\/edublog.educastur.es\/ixuxu\/2026\/02\/afayen-una-aldega-unica-de-fai-4-000-anos-so-un-parque-nuvieu\/","title":{"rendered":"Afayen una aldega \u00fanica de fai 4.000 a\u00f1os so un parque n&#8217;Uvi\u00e9u"},"content":{"rendered":"<p>Afayen una aldega \u00fanica de fai 4.000 a\u00f1os so un parque n&#8217;Uvi\u00e9u. L&#8217;afayu en Monte Alto confirma una ocupaci\u00f3n estable del territoriu ente 1886 y 1737 a.n.e.<\/p>\n<p style=\"text-align: center\"><a href=\"https:\/\/content-historia.nationalgeographic.com.es\/medio\/2026\/02\/05\/excavacion-arqueologica-en-el-castro-de-monte-alto-oviedo-proyecto-origenes_911f63dc_260205095914_1280x960.webp\"><img loading=\"lazy\" decoding=\"async\" class=\"aligncenter size-large\" src=\"https:\/\/content-historia.nationalgeographic.com.es\/medio\/2026\/02\/05\/excavacion-arqueologica-en-el-castro-de-monte-alto-oviedo-proyecto-origenes_911f63dc_260205095914_1280x960.webp\" width=\"1280\" height=\"960\" \/><\/a><\/p>\n<p style=\"text-align: center\">Fonte:<a href=\"https:\/\/historia.nationalgeographic.com.es\/a\/hallazgo-unico-asturias-aldea-hace-4000-anos-bajo-parque-oviedo_25435\"> National Geographic<\/a><\/p>\n<p><!--more--><\/p>\n<p>Un hueso caprino y los restos de una gran vasija prehist\u00f3rica han sacado a la luz\u00a0<strong>la primera aldea documentada en el valle ovetense.\u00a0<\/strong>El hallazgo, localizado en el parque Purificaci\u00f3n Tom\u00e1s de Oviedo, en Monte Alto,\u00a0<strong>sit\u00faa un asentamiento humano estable en la falda del Naranco hace casi cuatro mil a\u00f1os<\/strong>, en pleno Calcol\u00edtico, entre\u00a0<strong>1886 y 1737 antes de nuestra era.<\/strong><\/p>\n<p><b><a href=\"https:\/\/astures.es\/oviedo-una-aldea-de-hace-3800-anos-en-la-falda-del-naranco\/\" data-mrf-link=\"https:\/\/astures.es\/oviedo-una-aldea-de-hace-3800-anos-en-la-falda-del-naranco\/\">El\u00a0descubrimiento se produjo durante\u00a0<strong>los sondeos realizados en diciembre dentro del proyecto arqueol\u00f3gico Or\u00edgenes<\/strong><\/a><\/b>, dirigido por Alfonso Fanjul Peraza y financiado con los fondos de la Fundaci\u00f3n de Cultura municipal, presidida por el concejal David \u00c1lvarez. Se trata de u<strong>n hallazgo considerado in\u00e9dito en el centro de Asturias<\/strong>, ya que rompe con la idea de que este tipo de aldeas abiertas eran exclusivas de la meseta y\u00a0<strong>confirma una ocupaci\u00f3n temprana y estable dentro del territorio<\/strong>, anterior al mundo castre\u00f1o.<\/p>\n<p>Hasta ahora,\u00a0<strong>el enclave hab\u00eda sido catalogado como castro desde 1964<\/strong>, aunque nunca se hab\u00edan identificado estructuras defensivas claras. Los trabajos recientes se concretaron en un sondeo valorativo mediante\u00a0<strong>una trinchera de seis metros de largo por uno y medio de ancho<\/strong>, que permiti\u00f3 echar un vistazo a\u00a0<strong>una compleja secuencia estratigr\u00e1fica,<\/strong>\u00a0pese a las alteraciones provocadas por movimientos de tierra de d\u00e9cadas pasadas.<\/p>\n<p>A\u00fan as\u00ed, los arque\u00f3logos documentaron cer\u00e1micas hechas a mano de clara adscripci\u00f3n prehist\u00f3rica, entre ellas el borde de una gran vasija decorada con incisiones en el labio. En el mismo contexto,\u00a0<strong>apareci\u00f3 un fragmento \u00f3seo de fauna caprina (oveja o cabra)<\/strong>, que permiti\u00f3 obtener una\u00a0<strong>dataci\u00f3n absoluta mediante carbono 14<\/strong>. El an\u00e1lisis, realizado en el laboratorio\u00a0<em>Beta Analytic<\/em>\u00a0de Miami,\u00a0<strong>situ\u00f3 la muestra entre 1886 y 1737 antes de nuestra era<\/strong>, una cronolog\u00eda que encaja con<strong>\u00a0los inicios de la Edad de los Metales en el norte peninsular.\u00a0<\/strong><\/p>\n<p>El recinto, de unos 72 metros de longitud por 85 de anchura,\u00a0<strong>ocupa una posici\u00f3n elevada en la falda del Naranco<\/strong>, con un dominio visual que\u00a0<strong>refuerza su valor estrat\u00e9gico y simb\u00f3lico.<\/strong>\u00a0Aunque no se han identificado murallas de piedra,\u00a0<strong>s\u00ed existen indicios de una posible empalizada de madera<\/strong>, un rasgo coherente con aldeas calcol\u00edticas carentes de grandes sistemas defensivos fijos.<\/p>\n<p>Para los investigadores, el yacimiento demuestra un proceso temprano de sedentarizaci\u00f3n y domesticaci\u00f3n del territorio en el valle de Oviedo, mucho antes de la consolidaci\u00f3n de los\u00a0<strong>grandes poblados fortificados de la Edad del Hierro.<\/strong>\u00a0Este hallazgo ampl\u00eda el mapa del poblamiento prehist\u00f3rico asturiano y\u00a0<strong>obliga a revisar la secuencia hist\u00f3rica tradicional asignada a esta zona central.<\/strong><\/p>\n<p>El proyecto Or\u00edgenes busca datar y se\u00f1alizar enclaves hist\u00f3ricos del concejo,\u00a0con el objetivo de acercar este patrimonio a la ciudadan\u00eda.<b><a href=\"https:\/\/www.lne.es\/oviedo\/2026\/02\/02\/historico-hallazgo-oviedo-localizan-restos-126372443.html\" data-mrf-link=\"https:\/\/www.lne.es\/oviedo\/2026\/02\/02\/historico-hallazgo-oviedo-localizan-restos-126372443.html\">\u00a0Desde la Fundaci\u00f3n de Cultura,<\/a><\/b>\u00a0se subraya que<strong>\u00a0este avance permite situar los or\u00edgenes del poblamiento local\u00a0<\/strong>en una etapa mucho m\u00e1s antigua de lo que se pensaba.<\/p>\n<p style=\"font-weight: 400\">\n","protected":false},"excerpt":{"rendered":"<p>Afayen una aldega \u00fanica de fai 4.000 a\u00f1os so un parque n&#8217;Uvi\u00e9u. L&#8217;afayu en Monte Alto confirma una ocupaci\u00f3n estable del territoriu ente 1886 y 1737 a.n.e. Fonte: National Geographic<\/p>\n","protected":false},"author":117,"featured_media":0,"comment_status":"closed","ping_status":"closed","sticky":false,"template":"","format":"standard","meta":{"footnotes":""},"categories":[1],"tags":[],"class_list":["post-67585","post","type-post","status-publish","format-standard","hentry","category-sin-categoria"],"_links":{"self":[{"href":"https:\/\/edublog.educastur.es\/ixuxu\/wp-json\/wp\/v2\/posts\/67585","targetHints":{"allow":["GET"]}}],"collection":[{"href":"https:\/\/edublog.educastur.es\/ixuxu\/wp-json\/wp\/v2\/posts"}],"about":[{"href":"https:\/\/edublog.educastur.es\/ixuxu\/wp-json\/wp\/v2\/types\/post"}],"author":[{"embeddable":true,"href":"https:\/\/edublog.educastur.es\/ixuxu\/wp-json\/wp\/v2\/users\/117"}],"replies":[{"embeddable":true,"href":"https:\/\/edublog.educastur.es\/ixuxu\/wp-json\/wp\/v2\/comments?post=67585"}],"version-history":[{"count":3,"href":"https:\/\/edublog.educastur.es\/ixuxu\/wp-json\/wp\/v2\/posts\/67585\/revisions"}],"predecessor-version":[{"id":67588,"href":"https:\/\/edublog.educastur.es\/ixuxu\/wp-json\/wp\/v2\/posts\/67585\/revisions\/67588"}],"wp:attachment":[{"href":"https:\/\/edublog.educastur.es\/ixuxu\/wp-json\/wp\/v2\/media?parent=67585"}],"wp:term":[{"taxonomy":"category","embeddable":true,"href":"https:\/\/edublog.educastur.es\/ixuxu\/wp-json\/wp\/v2\/categories?post=67585"},{"taxonomy":"post_tag","embeddable":true,"href":"https:\/\/edublog.educastur.es\/ixuxu\/wp-json\/wp\/v2\/tags?post=67585"}],"curies":[{"name":"wp","href":"https:\/\/api.w.org\/{rel}","templated":true}]}}