{"id":67590,"date":"2026-02-08T08:30:37","date_gmt":"2026-02-08T06:30:37","guid":{"rendered":"https:\/\/edublog.educastur.es\/ixuxu\/?p=67590"},"modified":"2026-02-08T12:18:51","modified_gmt":"2026-02-08T10:18:51","slug":"el-tiempu-el-comercio-257","status":"publish","type":"post","link":"https:\/\/edublog.educastur.es\/ixuxu\/2026\/02\/el-tiempu-el-comercio-257\/","title":{"rendered":"El tiempu (El Comercio)"},"content":{"rendered":"<p style=\"text-align: center\"><a href=\"https:\/\/s3.ppllstatics.com\/elcomercio\/www\/multimedia\/2026\/02\/07\/prevision-tiempo-asturias-kQzF-U2302588077118HVD-1200x870@El%20Comercio.jpg\"><img loading=\"lazy\" decoding=\"async\" class=\"aligncenter size-large\" src=\"https:\/\/s3.ppllstatics.com\/elcomercio\/www\/multimedia\/2026\/02\/07\/prevision-tiempo-asturias-kQzF-U2302588077118HVD-1200x870@El%20Comercio.jpg\" width=\"1200\" height=\"870\" \/><\/a><\/p>\n<p><strong>Vamos amanecer<\/strong> con cielos bien nublos y precipitaciones xeneralizaes que van ser m\u00e1s frecuentes nel centru y nel sector oriental. Am\u00e1s, les nevaes van ser significatives a partir de los 900\/1000 metros. Ello ye que <strong>hasta les 10:00 hores de la ma\u00f1ana<\/strong> va tar activ\u00e1u l&#8217;avisu mariellu nel cordal y nel suroccidente por nevaes. Esta inestabilid\u00e1 va unviar r\u00e1pido a lo llargo de la ma\u00f1ana d&#8217;occidente a oriente mientres se van a dir abriendo grandes claros nel cielu. Con \u00e9ses esperamos una parte final de la ma\u00f1ana y <strong>primeres hores de la tard<\/strong>e con bon tiempu en pr\u00e1cticamente tol Princip\u00e1u d&#8217;Asturies.<\/p>\n<p><!--more--><\/p>\n<p>Pero <strong>a lo llargo de la tarde<\/strong> vamos reparar como la nubosidad volver\u00e1 entrar y, primero que concluya&#8217;l d\u00eda, les precipitaciones volver\u00e1n afectar a la rex\u00f3n. Va empezar lloviendo pel oeste asturianu y van dise estendiendo pol restu de la Comunid\u00e1 Aut\u00f3noma ente la recta final de la xornada y la madrugada del llunes.<strong> La cota de nieve<\/strong> aquel d\u00eda va tar muncho m\u00e1s alta que g\u00fcei pela ma\u00f1ana. Concretamente, va tar asitiada sobro los 1600\/1800 metros d&#8217;altor. Tocantes a<strong> los vientos<\/strong>, van soplar d&#8217;oeste moderaos con dalguna qu&#8217;otra racha localmente m\u00e1s fuerte pela ma\u00f1ana en zones altes. Pela nueche estos vientos van afitar de sur sobremanera nel cordal onde podr\u00eden soplar con intervalos fuertes.<strong> Les temperatures m\u00e1xime<\/strong>s van xubir nel cordal y zones del sur d&#8217;Asturies y van caltenese nel restu.<strong> Les m\u00ednimes<\/strong> apenes van esperimentar cambeos.<\/p>\n","protected":false},"excerpt":{"rendered":"<p>Vamos amanecer con cielos bien nublos y precipitaciones xeneralizaes que van ser m\u00e1s frecuentes nel centru y nel sector oriental. Am\u00e1s, les nevaes van ser significatives a partir de los 900\/1000 metros. Ello ye que hasta les 10:00 hores de la ma\u00f1ana va tar activ\u00e1u l&#8217;avisu mariellu nel cordal y nel suroccidente por nevaes. Esta [&hellip;]<\/p>\n","protected":false},"author":117,"featured_media":0,"comment_status":"closed","ping_status":"closed","sticky":false,"template":"","format":"standard","meta":{"footnotes":""},"categories":[5],"tags":[],"class_list":["post-67590","post","type-post","status-publish","format-standard","hentry","category-tiempu"],"_links":{"self":[{"href":"https:\/\/edublog.educastur.es\/ixuxu\/wp-json\/wp\/v2\/posts\/67590","targetHints":{"allow":["GET"]}}],"collection":[{"href":"https:\/\/edublog.educastur.es\/ixuxu\/wp-json\/wp\/v2\/posts"}],"about":[{"href":"https:\/\/edublog.educastur.es\/ixuxu\/wp-json\/wp\/v2\/types\/post"}],"author":[{"embeddable":true,"href":"https:\/\/edublog.educastur.es\/ixuxu\/wp-json\/wp\/v2\/users\/117"}],"replies":[{"embeddable":true,"href":"https:\/\/edublog.educastur.es\/ixuxu\/wp-json\/wp\/v2\/comments?post=67590"}],"version-history":[{"count":1,"href":"https:\/\/edublog.educastur.es\/ixuxu\/wp-json\/wp\/v2\/posts\/67590\/revisions"}],"predecessor-version":[{"id":67595,"href":"https:\/\/edublog.educastur.es\/ixuxu\/wp-json\/wp\/v2\/posts\/67590\/revisions\/67595"}],"wp:attachment":[{"href":"https:\/\/edublog.educastur.es\/ixuxu\/wp-json\/wp\/v2\/media?parent=67590"}],"wp:term":[{"taxonomy":"category","embeddable":true,"href":"https:\/\/edublog.educastur.es\/ixuxu\/wp-json\/wp\/v2\/categories?post=67590"},{"taxonomy":"post_tag","embeddable":true,"href":"https:\/\/edublog.educastur.es\/ixuxu\/wp-json\/wp\/v2\/tags?post=67590"}],"curies":[{"name":"wp","href":"https:\/\/api.w.org\/{rel}","templated":true}]}}