{"id":67596,"date":"2026-02-07T18:19:55","date_gmt":"2026-02-07T16:19:55","guid":{"rendered":"https:\/\/edublog.educastur.es\/ixuxu\/?p=67596"},"modified":"2026-02-09T11:29:43","modified_gmt":"2026-02-09T09:29:43","slug":"asturies-diviertese-entre-guilandeiros-y-sidros","status":"publish","type":"post","link":"https:\/\/edublog.educastur.es\/ixuxu\/2026\/02\/asturies-diviertese-entre-guilandeiros-y-sidros\/","title":{"rendered":"Asturies divi\u00e9rtese entre guilandeiros y sidros."},"content":{"rendered":"<p>Tin\u00e9u&#8217;l s\u00e1badu y Bimenes el domingu van acoyer los desfiles y actuaciones de dos tales mazcaraes. <a href=\"https:\/\/www.elcomercio.es\/planes\/guilandeiros-tineo-sidros-comedies-bimenes-20260203112229-nt.html\">El Comercio<\/a> \/<span class=\"x193iq5w xeuugli x13faqbe x1vvkbs x1xmvt09 x1f6kntn xvq8zen xo1l8bm xi81zsa\"><b class=\"html-b xdj266r x14z9mp xat24cr x1lziwak xexx8yu xyri2b x18d9i69 x1c1uobl x1hl2dhg x16tdsg8 x1vvkbs x1s688f\"><span class=\"xt0psk2\"><span class=\"html-span xdj266r x14z9mp xat24cr x1lziwak xexx8yu xyri2b x18d9i69 x1c1uobl x1hl2dhg x16tdsg8 x1vvkbs\"><a class=\"x1i10hfl xjbqb8w x1ejq31n x18oe1m7 x1sy0etr xstzfhl x972fbf x10w94by x1qhh985 x14e42zd x9f619 x1ypdohk xt0psk2 x3ct3a4 xdj266r x14z9mp xat24cr x1lziwak xexx8yu xyri2b x18d9i69 x1c1uobl x16tdsg8 x1hl2dhg xggy1nq x1a2a7pz xkrqix3 x1sur9pj xzsf02u x1s688f\" role=\"link\" href=\"https:\/\/www.facebook.com\/profile.php?id=61583365232337&amp;__cft__[0]=AZYSVjmuupEFjcm4jXKTCqAkfcU81zr2qDKLIdmpjqkUQg4Tuz8Vc3BAIfbLzTeTw3SanHWVQyFM4L9cgut_xjmC_EXWBt0k48avUVnnQ6NgVSWUffYL_1IXhNxPD4DOQ9z1Jok4zuIz2tT3OFULAzEgIwiABy6LDoe0SCgyq9wWxLyHx_TW2qhnOTM53FpjpNQGr0FbhgzFM6X0RB4RJj7h&amp;__tn__=-]C-R\">Sidros y Comedies de Valdesoto<\/a><\/span><\/span><\/b>\u00a0<\/span>Los Guilandeiros de Tin\u00e9u percuerren les cais de Vil.latresmil. <strong>Una tradici\u00f3n que pon en valir les mazcaraes d&#8217;iviernu.<\/strong><\/p>\n<p style=\"text-align: center\">\n<!-- iframe plugin v.6.0 wordpress.org\/plugins\/iframe\/ -->\n<iframe loading=\"lazy\" src=\"https:\/\/www.facebook.com\/plugins\/video.php?height=476&#038;href=https%3A%2F%2Fwww.facebook.com%2Freel%2F917627820779819%2F&#038;show_text=false&#038;width=476&#038;t=0\" width=\"476\" height=\"476\" style=\"border:none;overflow:hidden\" scrolling=\"no\" frameborder=\"0\" allowfullscreen=\"true\" allow=\"autoplay; clipboard-write; encrypted-media; picture-in-picture; web-share\" 0=\"\/iframe\" class=\"iframe-class\"><\/iframe>\n<\/p>\n<div class=\"mb-6\">\n<p>\u2728El presidente del Princip\u00e1u d&#8217;Asturies, Adri\u00e1n Barb\u00f3n, particip\u00f3 g\u00fcei na celebraci\u00f3n del <strong>Domingu de Sidros y Comedies<\/strong> \ud83c\udfad, una cita imprescindible del nuesu calendariu cultural y uno de les espresiones m\u00e1s singulares del iviernu asturianu. Esta fiesta combina tradici\u00f3n, identid\u00e1 y comunid\u00e1. Un alcuentru que pon en valor el trabayu de quien caltienen viva esta manifestaci\u00f3n ancestral. \ud83c\udf4f\ud83e\udd41<\/p>\n<p><!--more--><\/p>\n<div class=\"flow rtpa-prose text-base text-neutral-700\">\n<p style=\"text-align: center\">\n<!-- iframe plugin v.6.0 wordpress.org\/plugins\/iframe\/ -->\n<iframe loading=\"lazy\" src=\"https:\/\/www.facebook.com\/plugins\/post.php?href=https%3A%2F%2Fwww.facebook.com%2Fphoto.php%3Ffbid%3D1206911688279462%26set%3Da.229758265994814%26type%3D3&#038;show_text=false&#038;width=500\" width=\"500\" height=\"761\" style=\"border:none;overflow:hidden\" scrolling=\"no\" frameborder=\"0\" allowfullscreen=\"true\" allow=\"autoplay; clipboard-write; encrypted-media; picture-in-picture; web-share\" 0=\"\/iframe\" class=\"iframe-class\"><\/iframe>\n<\/p>\n<p>Los Guilandeiros de Tin\u00e9u escoyeron el pueblu de Vil.latresmil pa dar rienda suelta a los tradicionales personaxes: la dama y el gal\u00e1n, l&#8217;osu, el dia\u00f1u, los xamasqueiros, el ciegu o&#8217;l m\u00e9dicu.<\/p>\n<p>Fai 15 a\u00f1os que Tin\u00e9u recuper\u00f3 esta tradici\u00f3n que y\u00e1 suma una trentena de participantes. Ellos mesmos ig\u00fcen disfraz y m\u00e1zcares pa percorrer les cais del pueblu.<\/p>\n<p>L&#8217;oxetivu ye siguir creciendo pa caltener y reforzar esta tradici\u00f3n de los Guilandeiros.<\/p>\n<\/div>\n<p style=\"text-align: center\"><a href=\"https:\/\/www.rtpa.es\/fotos\/\/26\/02\/20260207132824_RTPA7689049.webp\"><img loading=\"lazy\" decoding=\"async\" class=\"aligncenter size-large\" src=\"https:\/\/www.rtpa.es\/fotos\/\/26\/02\/20260207132824_RTPA7689049.webp\" width=\"853\" height=\"480\" \/><\/a><\/p>\n<p>&nbsp;<\/p>\n<\/div>\n<p style=\"text-align: center\">\n<!-- iframe plugin v.6.0 wordpress.org\/plugins\/iframe\/ -->\n<iframe loading=\"lazy\" src=\"https:\/\/www.facebook.com\/plugins\/post.php?href=https%3A%2F%2Fwww.facebook.com%2Fphoto.php%3Ffbid%3D4315896652001050%26set%3Da.1389625104628234%26type%3D3&#038;show_text=false&#038;width=500\" width=\"500\" height=\"876\" style=\"border:none;overflow:hidden\" scrolling=\"no\" frameborder=\"0\" allowfullscreen=\"true\" allow=\"autoplay; clipboard-write; encrypted-media; picture-in-picture; web-share\" 0=\"\/iframe\" class=\"iframe-class\"><\/iframe>\n<\/p>\n<p style=\"text-align: center\">\n<!-- iframe plugin v.6.0 wordpress.org\/plugins\/iframe\/ -->\n<iframe loading=\"lazy\" src=\"https:\/\/www.facebook.com\/plugins\/video.php?height=314&#038;href=https%3A%2F%2Fwww.facebook.com%2F61583365232337%2Fvideos%2F1651333139363693%2F&#038;show_text=false&#038;width=560&#038;t=0\" width=\"560\" height=\"314\" style=\"border:none;overflow:hidden\" scrolling=\"no\" frameborder=\"0\" allowfullscreen=\"true\" allow=\"autoplay; clipboard-write; encrypted-media; picture-in-picture; web-share\" 0=\"\/iframe\" class=\"iframe-class\"><\/iframe>\n<\/p>\n","protected":false},"excerpt":{"rendered":"<p>Tin\u00e9u&#8217;l s\u00e1badu y Bimenes el domingu van acoyer los desfiles y actuaciones de dos tales mazcaraes. El Comercio \/Sidros y Comedies de Valdesoto\u00a0Los Guilandeiros de Tin\u00e9u percuerren les cais de Vil.latresmil. Una tradici\u00f3n que pon en valir les mazcaraes d&#8217;iviernu. \u2728El presidente del Princip\u00e1u d&#8217;Asturies, Adri\u00e1n Barb\u00f3n, particip\u00f3 g\u00fcei na celebraci\u00f3n del Domingu de Sidros [&hellip;]<\/p>\n","protected":false},"author":117,"featured_media":0,"comment_status":"closed","ping_status":"closed","sticky":false,"template":"","format":"standard","meta":{"footnotes":""},"categories":[103],"tags":[],"class_list":["post-67596","post","type-post","status-publish","format-standard","hentry","category-mazcaraes"],"_links":{"self":[{"href":"https:\/\/edublog.educastur.es\/ixuxu\/wp-json\/wp\/v2\/posts\/67596","targetHints":{"allow":["GET"]}}],"collection":[{"href":"https:\/\/edublog.educastur.es\/ixuxu\/wp-json\/wp\/v2\/posts"}],"about":[{"href":"https:\/\/edublog.educastur.es\/ixuxu\/wp-json\/wp\/v2\/types\/post"}],"author":[{"embeddable":true,"href":"https:\/\/edublog.educastur.es\/ixuxu\/wp-json\/wp\/v2\/users\/117"}],"replies":[{"embeddable":true,"href":"https:\/\/edublog.educastur.es\/ixuxu\/wp-json\/wp\/v2\/comments?post=67596"}],"version-history":[{"count":10,"href":"https:\/\/edublog.educastur.es\/ixuxu\/wp-json\/wp\/v2\/posts\/67596\/revisions"}],"predecessor-version":[{"id":67694,"href":"https:\/\/edublog.educastur.es\/ixuxu\/wp-json\/wp\/v2\/posts\/67596\/revisions\/67694"}],"wp:attachment":[{"href":"https:\/\/edublog.educastur.es\/ixuxu\/wp-json\/wp\/v2\/media?parent=67596"}],"wp:term":[{"taxonomy":"category","embeddable":true,"href":"https:\/\/edublog.educastur.es\/ixuxu\/wp-json\/wp\/v2\/categories?post=67596"},{"taxonomy":"post_tag","embeddable":true,"href":"https:\/\/edublog.educastur.es\/ixuxu\/wp-json\/wp\/v2\/tags?post=67596"}],"curies":[{"name":"wp","href":"https:\/\/api.w.org\/{rel}","templated":true}]}}