{"id":67604,"date":"2026-02-08T10:10:30","date_gmt":"2026-02-08T08:10:30","guid":{"rendered":"https:\/\/edublog.educastur.es\/ixuxu\/?p=67604"},"modified":"2026-02-08T12:30:38","modified_gmt":"2026-02-08T10:30:38","slug":"un-25-de-los-estudiantes-va-a-clases-particularess","status":"publish","type":"post","link":"https:\/\/edublog.educastur.es\/ixuxu\/2026\/02\/un-25-de-los-estudiantes-va-a-clases-particularess\/","title":{"rendered":"Un 25% de los estudiantes va a clases particularess"},"content":{"rendered":"<p class=\"text-2xl font-bold font-serif leading-tight max-w-[65ch] mb-1.5\">Un 25% de los estudiantes va a clases particulares y gasta de media cuasi 100 euros al mes. <a href=\"https:\/\/www.rtpa.es\/noticias-nacional-ast\/2026-02-07\/Un-25-de-los-estudiantes-va-a-clases-particulares-y-gasta-de-media-cuasi-100-euros-al-mes_111770466899.html\">RTPA<\/a><\/p>\n<p style=\"text-align: center\"><a href=\"https:\/\/www.rtpa.es\/fotos\/\/26\/02\/20260207132224_RTPA7689024.webp\"><img loading=\"lazy\" decoding=\"async\" class=\"aligncenter size-large\" src=\"https:\/\/www.rtpa.es\/fotos\/\/26\/02\/20260207132224_RTPA7689024.webp\" width=\"853\" height=\"480\" \/><\/a><\/p>\n<div class=\"flow rtpa-prose text-lg leading-tight mb-6\"><strong>Les academies afiten que cada vegada se recurre m\u00e1s a les clases particulares como m\u00e9todu de refuerzu.<\/strong><\/div>\n<div><\/div>\n<p><!--more--><\/p>\n<div class=\"flow rtpa-prose text-base text-neutral-700\">\n<p>\u00dan de cada cuatro estudiantes de Primaria y Secundaria d\u2019Espa\u00f1a va a clases particulares. En Bachilleratu, un 35% recurre a elles. En xeneral, los estudiantes con necesidaes educatives especiales o problemes de conducta son los que m\u00e1s usen esti refuerzu, failo cuasi un 49%.<\/p>\n<p>Les materies m\u00e1s demandaes son l\u2019ingl\u00e9s con cuasi un 53% y les matem\u00e1tiques con daqu\u00e9 m\u00e1s del 40%. Lo que menos, qu\u00edmica con un 8,4%. Al a\u00f1u esti sector mueve n\u2019Espa\u00f1a unos 1.480 millones d\u2019euros.<\/p>\n<p>L\u2019informe &#8216;La educaci\u00f3n en la sombra en la pen\u00ednsula ib\u00e9rica&#8217; asoley\u00e1u pol Observatoriu de la Fundaci\u00f3n &#8216;La Caixa&#8217;, pon el focu na desiguald\u00e1 ente llares, los que tienen mayor renta gasten un 18% m\u00e1s en clases particulares, que los que tienen menos.<\/p>\n<p>Esto fai que les families con menos recursos tengan menos accesu a oportunidaes educatives y de futuru pa los sos f\u00edos. Faen, sicas\u00ed, un esfuerzu a costa d\u2019otros gastos como ociu o ropa.<\/p>\n<p>Les academies afiten que cada vegada se recurre m\u00e1s a les clases particulares como m\u00e9todu de refuerzu<\/p>\n<p>Les academies son clares. Cada vegada rec\u00farrese m\u00e1s a les clases particulares como m\u00e9todu de refuerzu, sobre manera dende la pandemia.<\/p>\n<p>Ente los motivos, reforzar los conocimientos algamaos, elevar notes nel casu d\u2019estudiantes de bachiller o simplemente motivaos polos propios centros educativos.<\/p>\n<p>Si hai una asignatura que destaca ye ingl\u00e9s. El 52% de los menores van a clases, daqu\u00e9 que se fai cada vegada dende una ed\u00e1 m\u00e1s temprana. Una tendencia que llega dende a\u00f1os atr\u00e1s.<\/p>\n<p>Con precios que van dende los 60 euros por dos hores selmanales a los m\u00e1s de 100 por clases cald\u00eda, les families destinen al rodiu de 95 a clases complementaries.<\/p>\n<p>Dende les academies reconocen l\u2019esfuerzu y aseguren que les families con menos recursos recorten d\u2019otru llau p\u2019asegurar la formaci\u00f3n.<\/p>\n<\/div>\n","protected":false},"excerpt":{"rendered":"<p>Un 25% de los estudiantes va a clases particulares y gasta de media cuasi 100 euros al mes. RTPA Les academies afiten que cada vegada se recurre m\u00e1s a les clases particulares como m\u00e9todu de refuerzu.<\/p>\n","protected":false},"author":117,"featured_media":0,"comment_status":"closed","ping_status":"closed","sticky":false,"template":"","format":"standard","meta":{"footnotes":""},"categories":[271],"tags":[],"class_list":["post-67604","post","type-post","status-publish","format-standard","hentry","category-economia"],"_links":{"self":[{"href":"https:\/\/edublog.educastur.es\/ixuxu\/wp-json\/wp\/v2\/posts\/67604","targetHints":{"allow":["GET"]}}],"collection":[{"href":"https:\/\/edublog.educastur.es\/ixuxu\/wp-json\/wp\/v2\/posts"}],"about":[{"href":"https:\/\/edublog.educastur.es\/ixuxu\/wp-json\/wp\/v2\/types\/post"}],"author":[{"embeddable":true,"href":"https:\/\/edublog.educastur.es\/ixuxu\/wp-json\/wp\/v2\/users\/117"}],"replies":[{"embeddable":true,"href":"https:\/\/edublog.educastur.es\/ixuxu\/wp-json\/wp\/v2\/comments?post=67604"}],"version-history":[{"count":1,"href":"https:\/\/edublog.educastur.es\/ixuxu\/wp-json\/wp\/v2\/posts\/67604\/revisions"}],"predecessor-version":[{"id":67605,"href":"https:\/\/edublog.educastur.es\/ixuxu\/wp-json\/wp\/v2\/posts\/67604\/revisions\/67605"}],"wp:attachment":[{"href":"https:\/\/edublog.educastur.es\/ixuxu\/wp-json\/wp\/v2\/media?parent=67604"}],"wp:term":[{"taxonomy":"category","embeddable":true,"href":"https:\/\/edublog.educastur.es\/ixuxu\/wp-json\/wp\/v2\/categories?post=67604"},{"taxonomy":"post_tag","embeddable":true,"href":"https:\/\/edublog.educastur.es\/ixuxu\/wp-json\/wp\/v2\/tags?post=67604"}],"curies":[{"name":"wp","href":"https:\/\/api.w.org\/{rel}","templated":true}]}}