{"id":67681,"date":"2026-02-09T10:01:18","date_gmt":"2026-02-09T08:01:18","guid":{"rendered":"https:\/\/edublog.educastur.es\/ixuxu\/?p=67681"},"modified":"2026-02-10T11:08:18","modified_gmt":"2026-02-10T09:08:18","slug":"bad-bunny-nel-escenariu-de-la-super-bowl-lx","status":"publish","type":"post","link":"https:\/\/edublog.educastur.es\/ixuxu\/2026\/02\/bad-bunny-nel-escenariu-de-la-super-bowl-lx\/","title":{"rendered":"Bad Bunny nel escenariu de la Super Bowl"},"content":{"rendered":"<p>Apaeci\u00f3 Bad Bunny nel escenariu de la Super Bowl LX. Para protagonizar unu de los shows del descansu m\u00e1s esperaos de la hestoria del eventu deportivu m\u00e1s vistu nos Estaos Xun\u00edos d&#8217;Am\u00e9rica.<\/p>\n<p style=\"text-align: center\"><a href=\"https:\/\/img-s-msn-com.akamaized.net\/tenant\/amp\/entityid\/AA1VXHxQ.img?w=768&amp;h=432&amp;m=6\"><img loading=\"lazy\" decoding=\"async\" class=\"aligncenter size-large\" src=\"https:\/\/img-s-msn-com.akamaized.net\/tenant\/amp\/entityid\/AA1VXHxQ.img?w=768&amp;h=432&amp;m=6\" width=\"768\" height=\"432\" \/><\/a><\/p>\n<p><strong>En castell\u00e1n, per primer vegada y con un estilu que cautiv\u00f3 al mundu enteru.<\/strong> El puertorrique\u00f1u que camud\u00f3&#8217;l reggaeton, ye hestoria. Con dos mensaxes claros: \u00ab<strong>Toos xuntos somos Am\u00e9rica<\/strong>\u00bb y <strong>\u00abLo \u00fanico m\u00e1s poderosu que l&#8217;odiu ye l&#8217;amor\u00bb.<\/strong><\/p>\n<p><!--more--><\/p>\n<p style=\"text-align: center\">\n<!-- iframe plugin v.6.0 wordpress.org\/plugins\/iframe\/ -->\n<iframe loading=\"lazy\" src=\"https:\/\/www.facebook.com\/plugins\/video.php?height=476&#038;href=https%3A%2F%2Fwww.facebook.com%2Freel%2F908386921784435%2F&#038;show_text=false&#038;width=267&#038;t=0\" width=\"267\" height=\"476\" style=\"border:none;overflow:hidden\" scrolling=\"no\" frameborder=\"0\" allowfullscreen=\"true\" allow=\"autoplay; clipboard-write; encrypted-media; picture-in-picture; web-share\" 0=\"\/iframe\" class=\"iframe-class\"><\/iframe>\n<\/p>\n<p style=\"text-align: center\"><a href=\"https:\/\/objetos-xlk.estaticos-marca.com\/files\/article_660_widen_webp\/uploads\/2026\/02\/09\/69893b140e314.webp\"><img loading=\"lazy\" decoding=\"async\" class=\"aligncenter size-large\" src=\"https:\/\/objetos-xlk.estaticos-marca.com\/files\/article_660_widen_webp\/uploads\/2026\/02\/09\/69893b140e314.webp\" width=\"660\" height=\"440\" \/><\/a><\/p>\n<p>L&#8217;actuaci\u00f3n de Bad Bunny nel descansu de la Super Bowl, celebrada esti domingu nel Levi\u2019s Stadium de Santa Clara (California) \u2013y que los *Seattle Seahawks ganaron a los New England Patriots por 13-29\u2013, marc\u00f3 un finxu na hestoria del eventu: <strong>foi la primera protagonizada por un artista en solitariu con un repertoriu musical \u00edntegramente n&#8217;espa\u00f1ol.<\/strong><\/p>\n<p style=\"text-align: center\">\n<!-- iframe plugin v.6.0 wordpress.org\/plugins\/iframe\/ -->\n<iframe loading=\"lazy\" src=\"https:\/\/www.facebook.com\/plugins\/post.php?href=https%3A%2F%2Fwww.facebook.com%2Fphoto.php%3Ffbid%3D1365910428898709%26set%3Da.638287468327679%26type%3D3&#038;show_text=false&#038;width=500\" width=\"500\" height=\"793\" style=\"border:none;overflow:hidden\" scrolling=\"no\" frameborder=\"0\" allowfullscreen=\"true\" allow=\"autoplay; clipboard-write; encrypted-media; picture-in-picture; web-share\" 0=\"\/iframe\" class=\"iframe-class\"><\/iframe>\n<\/p>\n<p style=\"text-align: center\">\n<!-- iframe plugin v.6.0 wordpress.org\/plugins\/iframe\/ -->\n<iframe loading=\"lazy\" src=\"https:\/\/www.facebook.com\/plugins\/post.php?href=https%3A%2F%2Fwww.facebook.com%2Fphoto.php%3Ffbid%3D1303375875157823%26set%3Da.571180695044015%26type%3D3&#038;show_text=false&#038;width=500\" width=\"500\" height=\"632\" style=\"border:none;overflow:hidden\" scrolling=\"no\" frameborder=\"0\" allowfullscreen=\"true\" allow=\"autoplay; clipboard-write; encrypted-media; picture-in-picture; web-share\" 0=\"\/iframe\" class=\"iframe-class\"><\/iframe>\n<\/p>\n<p>L&#8217;espect\u00e1culu, sigu\u00edu por m\u00e1s de 100 millones d&#8217;espectadores, espleg\u00f3 una escenograf\u00eda y un relatu centraos na cultura puertorrique\u00f1a y l&#8217;identid\u00e1 llatina n&#8217;Estaos Xun\u00edos, con una acumuladura de s\u00edmbolos, referencies pol\u00edtiques impl\u00edcites y una puesta n&#8217;escena de gran complexid\u00e1 narrativa necesaria en tiempos d&#8217;ICE, anque ensin sorrayaos pol\u00edticos y con un llamamientu al amor y la convivencia.<\/p>\n<p style=\"text-align: center\"><a href=\"https:\/\/images.ecestaticos.com\/NOOc_jt_xThFEiExx1PEZbwER6s=\/5x70:2273x1345\/972x547\/filters:fill(white):format(jpg)\/f.elconfidencial.com%2Foriginal%2Feb7%2F287%2Fe26%2Feb7287e2625cfba9cc23f17e79c8c232.jpg\"><img loading=\"lazy\" decoding=\"async\" class=\"aligncenter size-large\" src=\"https:\/\/images.ecestaticos.com\/NOOc_jt_xThFEiExx1PEZbwER6s=\/5x70:2273x1345\/972x547\/filters:fill(white):format(jpg)\/f.elconfidencial.com%2Foriginal%2Feb7%2F287%2Fe26%2Feb7287e2625cfba9cc23f17e79c8c232.jpg\" width=\"972\" height=\"547\" \/><\/a><\/p>\n<p style=\"text-align: center\">\n<!-- iframe plugin v.6.0 wordpress.org\/plugins\/iframe\/ -->\n<iframe loading=\"lazy\" src=\"https:\/\/www.facebook.com\/plugins\/post.php?href=https%3A%2F%2Fwww.facebook.com%2Fphoto.php%3Ffbid%3D1370504795118120%26set%3Da.623462159822391%26type%3D3&#038;show_text=false&#038;width=500\" width=\"500\" height=\"767\" style=\"border:none;overflow:hidden\" scrolling=\"no\" frameborder=\"0\" allowfullscreen=\"true\" allow=\"autoplay; clipboard-write; encrypted-media; picture-in-picture; web-share\" 0=\"\/iframe\" class=\"iframe-class\"><\/iframe>\n<\/p>\n<p style=\"text-align: center\">\n<!-- iframe plugin v.6.0 wordpress.org\/plugins\/iframe\/ -->\n<iframe loading=\"lazy\" width=\"591\" height=\"360\" src=\"https:\/\/www.youtube.com\/embed\/ohyeURFUSs0\" title=\"Best moments from the Bad Bunny Super Bowl halftime show\" frameborder=\"0\" allow=\"accelerometer; autoplay; clipboard-write; encrypted-media; gyroscope; picture-in-picture; web-share\" referrerpolicy=\"strict-origin-when-cross-origin\" 0=\"allowfullscreen\" 1=\"\/iframe\" scrolling=\"yes\" class=\"iframe-class\"><\/iframe>\n<\/p>\n<p style=\"text-align: center\"><a href=\"https:\/\/www.lavanguardia.com\/files\/content_image_intermediate_filter\/uploads\/2026\/02\/09\/698978c1eb672.jpeg\"><img loading=\"lazy\" decoding=\"async\" class=\"aligncenter size-large\" src=\"https:\/\/www.lavanguardia.com\/files\/content_image_intermediate_filter\/uploads\/2026\/02\/09\/698978c1eb672.jpeg\" width=\"607\" height=\"405\" \/><\/a><\/p>\n<p style=\"text-align: center\">\n<!-- iframe plugin v.6.0 wordpress.org\/plugins\/iframe\/ -->\n<iframe loading=\"lazy\" src=\"https:\/\/www.facebook.com\/plugins\/post.php?href=https%3A%2F%2Fwww.facebook.com%2FPlayGroundMag%2Fposts%2Fpfbid02AKeZcLqMF1GTLTYntVMiJpCvDvDHRea1FpwVE3qE5wfmuVfPjMQPLLXWQoTfG5qVl&#038;show_text=false&#038;width=500\" width=\"500\" height=\"498\" style=\"border:none;overflow:hidden\" scrolling=\"no\" frameborder=\"0\" allowfullscreen=\"true\" allow=\"autoplay; clipboard-write; encrypted-media; picture-in-picture; web-share\" 0=\"\/iframe\" class=\"iframe-class\"><\/iframe>\n<\/p>\n<p style=\"text-align: center\">\n<!-- iframe plugin v.6.0 wordpress.org\/plugins\/iframe\/ -->\n<iframe loading=\"lazy\" src=\"https:\/\/www.facebook.com\/plugins\/post.php?href=https%3A%2F%2Fwww.facebook.com%2Fblakefutbol%2Fposts%2Fpfbid0Mp3pxF8HaxnZGXcNZRURk943azFmLJiaLTpkdv4G1MCosdeMpXvoG5c3W5zkZj1nl&#038;show_text=false&#038;width=500\" width=\"500\" height=\"498\" style=\"border:none;overflow:hidden\" scrolling=\"no\" frameborder=\"0\" allowfullscreen=\"true\" allow=\"autoplay; clipboard-write; encrypted-media; picture-in-picture; web-share\" 0=\"\/iframe\" class=\"iframe-class\"><\/iframe>\n<\/p>\n<p style=\"text-align: center\">\n<!-- iframe plugin v.6.0 wordpress.org\/plugins\/iframe\/ -->\n<iframe loading=\"lazy\" src=\"https:\/\/www.facebook.com\/plugins\/video.php?height=476&#038;href=https%3A%2F%2Fwww.facebook.com%2Freel%2F1368245708433321%2F&#038;show_text=false&#038;width=267&#038;t=0\" width=\"267\" height=\"476\" style=\"border:none;overflow:hidden\" scrolling=\"no\" frameborder=\"0\" allowfullscreen=\"true\" allow=\"autoplay; clipboard-write; encrypted-media; picture-in-picture; web-share\" 0=\"\/iframe\" class=\"iframe-class\"><\/iframe>\n<\/p>\n<p style=\"text-align: center\"><a href=\"https:\/\/www.lavanguardia.com\/files\/content_image_intermediate_filter\/uploads\/2026\/02\/09\/6989799fde7a8.jpeg\"><img loading=\"lazy\" decoding=\"async\" class=\"aligncenter size-large\" src=\"https:\/\/www.lavanguardia.com\/files\/content_image_intermediate_filter\/uploads\/2026\/02\/09\/6989799fde7a8.jpeg\" width=\"607\" height=\"405\" \/><\/a><\/p>\n<p style=\"text-align: center\">\n<!-- iframe plugin v.6.0 wordpress.org\/plugins\/iframe\/ -->\n<iframe loading=\"lazy\" src=\"https:\/\/www.facebook.com\/plugins\/post.php?href=https%3A%2F%2Fwww.facebook.com%2Fbriantylercohen%2Fposts%2Fpfbid0VUkfAk3fk6AnTvVcdkpt1817AHWamU29gbdD5bN8tHC9u2fyMEyik9hnaPGFBksjl&#038;show_text=false&#038;width=500\" width=\"500\" height=\"497\" style=\"border:none;overflow:hidden\" scrolling=\"no\" frameborder=\"0\" allowfullscreen=\"true\" allow=\"autoplay; clipboard-write; encrypted-media; picture-in-picture; web-share\" 0=\"\/iframe\" class=\"iframe-class\"><\/iframe>\n<\/p>\n<p style=\"text-align: center\"><a href=\"https:\/\/www.lavanguardia.com\/files\/content_image_intermediate_filter\/uploads\/2026\/02\/09\/6989795464d41.jpeg\"><img loading=\"lazy\" decoding=\"async\" class=\"aligncenter size-large\" src=\"https:\/\/www.lavanguardia.com\/files\/content_image_intermediate_filter\/uploads\/2026\/02\/09\/6989795464d41.jpeg\" width=\"607\" height=\"388\" \/><\/a><\/p>\n<p style=\"text-align: center\">\n<!-- iframe plugin v.6.0 wordpress.org\/plugins\/iframe\/ -->\n<iframe loading=\"lazy\" src=\"https:\/\/www.facebook.com\/plugins\/video.php?height=314&#038;href=https%3A%2F%2Fwww.facebook.com%2Freel%2F1469733288159370%2F&#038;show_text=false&#038;width=560&#038;t=0\" width=\"560\" height=\"314\" style=\"border:none;overflow:hidden\" scrolling=\"no\" frameborder=\"0\" allowfullscreen=\"true\" allow=\"autoplay; clipboard-write; encrypted-media; picture-in-picture; web-share\" 0=\"\/iframe\" class=\"iframe-class\"><\/iframe>\n<\/p>\n<p style=\"text-align: center\">\n<!-- iframe plugin v.6.0 wordpress.org\/plugins\/iframe\/ -->\n<iframe loading=\"lazy\" src=\"https:\/\/www.facebook.com\/plugins\/video.php?height=476&#038;href=https%3A%2F%2Fwww.facebook.com%2Freel%2F1987156815167475%2F&#038;show_text=false&#038;width=267&#038;t=0\" width=\"267\" height=\"476\" style=\"border:none;overflow:hidden\" scrolling=\"no\" frameborder=\"0\" allowfullscreen=\"true\" allow=\"autoplay; clipboard-write; encrypted-media; picture-in-picture; web-share\" 0=\"\/iframe\" class=\"iframe-class\"><\/iframe>\n<\/p>\n<p style=\"text-align: center\">\n<!-- iframe plugin v.6.0 wordpress.org\/plugins\/iframe\/ -->\n<iframe loading=\"lazy\" src=\"https:\/\/www.facebook.com\/plugins\/video.php?height=476&#038;href=https%3A%2F%2Fwww.facebook.com%2Freel%2F1225183369146585%2F&#038;show_text=false&#038;width=267&#038;t=0\" width=\"267\" height=\"476\" style=\"border:none;overflow:hidden\" scrolling=\"no\" frameborder=\"0\" allowfullscreen=\"true\" allow=\"autoplay; clipboard-write; encrypted-media; picture-in-picture; web-share\" 0=\"\/iframe\" class=\"iframe-class\"><\/iframe>\n<\/p>\n","protected":false},"excerpt":{"rendered":"<p>Apaeci\u00f3 Bad Bunny nel escenariu de la Super Bowl LX. Para protagonizar unu de los shows del descansu m\u00e1s esperaos de la hestoria del eventu deportivu m\u00e1s vistu nos Estaos Xun\u00edos d&#8217;Am\u00e9rica. En castell\u00e1n, per primer vegada y con un estilu que cautiv\u00f3 al mundu enteru. El puertorrique\u00f1u que camud\u00f3&#8217;l reggaeton, ye hestoria. Con dos [&hellip;]<\/p>\n","protected":false},"author":117,"featured_media":0,"comment_status":"closed","ping_status":"closed","sticky":false,"template":"","format":"standard","meta":{"footnotes":""},"categories":[133,35],"tags":[],"class_list":["post-67681","post","type-post","status-publish","format-standard","hentry","category-deportes","category-musica"],"_links":{"self":[{"href":"https:\/\/edublog.educastur.es\/ixuxu\/wp-json\/wp\/v2\/posts\/67681","targetHints":{"allow":["GET"]}}],"collection":[{"href":"https:\/\/edublog.educastur.es\/ixuxu\/wp-json\/wp\/v2\/posts"}],"about":[{"href":"https:\/\/edublog.educastur.es\/ixuxu\/wp-json\/wp\/v2\/types\/post"}],"author":[{"embeddable":true,"href":"https:\/\/edublog.educastur.es\/ixuxu\/wp-json\/wp\/v2\/users\/117"}],"replies":[{"embeddable":true,"href":"https:\/\/edublog.educastur.es\/ixuxu\/wp-json\/wp\/v2\/comments?post=67681"}],"version-history":[{"count":11,"href":"https:\/\/edublog.educastur.es\/ixuxu\/wp-json\/wp\/v2\/posts\/67681\/revisions"}],"predecessor-version":[{"id":67774,"href":"https:\/\/edublog.educastur.es\/ixuxu\/wp-json\/wp\/v2\/posts\/67681\/revisions\/67774"}],"wp:attachment":[{"href":"https:\/\/edublog.educastur.es\/ixuxu\/wp-json\/wp\/v2\/media?parent=67681"}],"wp:term":[{"taxonomy":"category","embeddable":true,"href":"https:\/\/edublog.educastur.es\/ixuxu\/wp-json\/wp\/v2\/categories?post=67681"},{"taxonomy":"post_tag","embeddable":true,"href":"https:\/\/edublog.educastur.es\/ixuxu\/wp-json\/wp\/v2\/tags?post=67681"}],"curies":[{"name":"wp","href":"https:\/\/api.w.org\/{rel}","templated":true}]}}