{"id":67684,"date":"2026-02-09T11:14:42","date_gmt":"2026-02-09T09:14:42","guid":{"rendered":"https:\/\/edublog.educastur.es\/ixuxu\/?p=67684"},"modified":"2026-02-09T11:14:42","modified_gmt":"2026-02-09T09:14:42","slug":"conferencia-asturianu-y-escuela-en-xixon","status":"publish","type":"post","link":"https:\/\/edublog.educastur.es\/ixuxu\/2026\/02\/conferencia-asturianu-y-escuela-en-xixon\/","title":{"rendered":"Conferencia \u00abAsturianu y escuela&#8230;\u00bb en Xix\u00f3n"},"content":{"rendered":"<div class=\"html-div xdj266r xat24cr x1lziwak xexx8yu xyri2b x18d9i69 x1c1uobl x78zum5 x2lah0s xqtp20y x1xegmmw\">\n<div class=\"x1vqgdyp x100vrsf\"><\/div>\n<\/div>\n<div class=\"x1iyjqo2\">\n<div class=\"x78zum5 xdt5ytf xz62fqu x16ldp7u\">\n<div class=\"xu06os2 x1ok221b\">\n<div class=\"x1gslohp\">\n<h2 class=\"html-h2 x14z9mp xat24cr x1lziwak xexx8yu xyri2b x18d9i69 x1c1uobl x1vvkbs x1heor9g x1qlqyl8 x1pd3egz x1a2a7pz x1gslohp\" style=\"text-align: center\">\n<!-- iframe plugin v.6.0 wordpress.org\/plugins\/iframe\/ -->\n<iframe loading=\"lazy\" src=\"https:\/\/www.facebook.com\/plugins\/post.php?href=https%3A%2F%2Fwww.facebook.com%2Fateneo.obrerodegijon%2Fposts%2Fpfbid02BPMMTccuvvuKxdPfqESerqbMCkN89Bax3CWNDvPRRd1kTEqNzwzW4PmhnqNF9ktYl&#038;show_text=false&#038;width=500\" width=\"500\" height=\"419\" style=\"border:none;overflow:hidden\" scrolling=\"no\" frameborder=\"0\" allowfullscreen=\"true\" allow=\"autoplay; clipboard-write; encrypted-media; picture-in-picture; web-share\" 0=\"\/iframe\" class=\"iframe-class\"><\/iframe>\n<\/h2>\n<\/div>\n<\/div>\n<div class=\"xu06os2 x1ok221b\"><\/div>\n<\/div>\n<\/div>\n<p style=\"text-align: center\"><span class=\"x193iq5w xeuugli x13faqbe x1vvkbs x1xmvt09 x1lliihq x1s928wv xhkezso x1gmr53x x1cpjm7i x1fgarty x1943h6x xudqn12 x3x7a5m x1f6kntn xvq8zen xo1l8bm xzsf02u\" dir=\"auto\"><strong><span style=\"color: #008080\"><em>ASTURIANU Y ESCUELA: UNA LLINGUA <\/em><\/span><\/strong><br \/>\n<strong><span style=\"color: #008080\"><em>QUE DEPRENDER, UNA LLINGUA PA FALAR<\/em><\/span><\/strong><br class=\"html-br\" \/><br class=\"html-br\" \/><\/span><\/p>\n<p style=\"text-align: left\"><span class=\"x193iq5w xeuugli x13faqbe x1vvkbs x1xmvt09 x1lliihq x1s928wv xhkezso x1gmr53x x1cpjm7i x1fgarty x1943h6x xudqn12 x3x7a5m x1f6kntn xvq8zen xo1l8bm xzsf02u\" dir=\"auto\">El martes 10 de febreru, a les 19H.00\u2019, nel llocal social del Aten\u00e9u Obreru de Xix\u00f3n (Cai Francisco Tom\u00e1s y Valiente, 1 &#8211; 2\u00aa Planta), \u00c1stura organiza la conferencia Asturiano y escuela: una llingua que deprender, una llingua pa falar, a cargu de Xos\u00e9 Ant\u00f3n G. Ria\u00f1o. <\/span><span class=\"x193iq5w xeuugli x13faqbe x1vvkbs x1xmvt09 x1f6kntn xvq8zen xo1l8bm xi81zsa\"><span class=\"xt0psk2\"><span class=\"xjp7ctv\"><a class=\"x1i10hfl xjbqb8w x1ejq31n x18oe1m7 x1sy0etr xstzfhl x972fbf x10w94by x1qhh985 x14e42zd x9f619 x1ypdohk xt0psk2 x3ct3a4 xdj266r x14z9mp xat24cr x1lziwak xexx8yu xyri2b x18d9i69 x1c1uobl x16tdsg8 x1hl2dhg xggy1nq x1a2a7pz xkrqix3 x1sur9pj xzsf02u x1s688f\" role=\"link\" href=\"https:\/\/www.facebook.com\/ateneo.obrerodegijon?__cft__[0]=AZafct3tINx3SwJZPSY6OxGAf1l60d-8cJFIuxbhsC5GFxh2zzW-_SnA4CAbzPOzKM-Ft_v_wshfwL8RrGueMv7J2fnRDF7vP3lXIMnw_28-3ho7LnhavsAaYsDMXpDWUT8OedIosHn3Z5MlCTnerc47HicebPC5tMfNXm9oYTiQlPXy5hZ2fNOFg76ATaziL46z7kg3aXLhrDO4haSr9ch1&amp;__tn__=-UC*F\">Ateneo Obrero de Gij\u00f3n<\/a><\/span><\/span><\/span><\/p>\n<p><span class=\"x193iq5w xeuugli x13faqbe x1vvkbs x1xmvt09 x1lliihq x1s928wv xhkezso x1gmr53x x1cpjm7i x1fgarty x1943h6x xudqn12 x3x7a5m x1f6kntn xvq8zen xo1l8bm xzsf02u\" dir=\"auto\"><!--more--><br class=\"html-br\" \/><br class=\"html-br\" \/>Esta activid\u00e1 mensual en torno a la promoci\u00f3n de la cultura asturiana ye una collaboraci\u00f3n ente les entidaes Aten\u00e9u Obreru de Xix\u00f3n y \u00c1STURA.<br class=\"html-br\" \/><br class=\"html-br\" \/>La conferencia ufierta un an\u00e1lisis cr\u00edticu y de llargu percorr\u00edu sobre la escolarizaci\u00f3n del asturianu, dende una perspeutiva hist\u00f3rica, educativa y sociolling\u00fc\u00edstica. Rep\u00e1sense cuasi cuarenta a\u00f1os de presencia de la llingua nel sistema educativu, non como simple cronolox\u00eda, sin\u00f3n como un procesu complexu qu&#8217;esplica\u2019l modelu actual y les sos llendes. Falarase tami\u00e9n del marcu llegal y alministrativu del ense\u00f1u del asturianu, poniendo atenci\u00f3n nes consecuencies de la falta d\u2019oficialid\u00e1 sobre&#8217;l planeamientu educativu, la estabilid\u00e1 del profesor\u00e1u y la coherencia del sistema. Apurrir\u00e1nse datos actuales d&#8217;escolarizaci\u00f3n de la llingua. Un apart\u00e1u destac\u00e1u centrar\u00e1se nes investigaciones sobre los efeutos de la ense\u00f1anza del asturianu, qu&#8217;analicen el rendimientu escolar, les actit\u00faes lling\u00fc\u00edstiques y la valoraci\u00f3n de la so importancia, aportando evidencia emp\u00edrica y desmontando t\u00f3picos. Finalmente, mirarase al futuru pa plantegar les necesidaes y espeutatives sociales alredor de la presencia escolar del asturianu, se\u00f1alando les condiciones imprescindibles pa una escolarizaci\u00f3n digna, eficaz y socialmente \u00fatil.<br class=\"html-br\" \/><br class=\"html-br\" \/>Xos\u00e9 Ant\u00f3n G. Ria\u00f1o ye una figura de referencia indiscutible nel \u00e1mbitu del estudiu, la defensa y la dignificaci\u00f3n de la llingua asturiana. Doctor en Pedagox\u00eda y Caderalgu de Did\u00e1utica de la Llingua y la Lliteratura na Universid\u00e1 d\u2019Uvi\u00e9u, representa como pocos la conxunci\u00f3n ente conocencia cient\u00edfica, compromisu c\u00edvicu y responsabilid\u00e1 institucional. Dende\u2019l so orixe somedanu \u2013magar que nac\u00edu en Viella (Siero)\u2013 y fondamente vencey\u00e1u al pa\u00eds y a la realid\u00e1 sociolling\u00fc\u00edstica asturiana, foi \u00fan de los mayestros qu\u2019entamaron a dar clas d\u2019asturianu en 1984. La so especialid\u00e1 como investigador ye\u2019l billing\u00fcismu escolar, la ense\u00f1anza de les lling\u00fces minoritaries, los aspeutos sociolling\u00fc\u00edsticos rellacionaos coles ense\u00f1ances lling\u00fc\u00edstiques y la educaci\u00f3n intercultural. Agora mesmo\u2019l so inter\u00e9s como investigador tien que ver col estudiu de los neofalantes d\u2019asturianu, la llealt\u00e1 lling\u00fc\u00edstica y el papel de la escuela. Ye Vice-presidente de la \u201cSociedad Internacional de Did\u00e1ctica de la Lengua y la Literatura\u201d, pero, sobre tou, ye presidente \u2013por tercer per\u00edodu\u2013 de l&#8217;Academia de la Llingua Asturiana dende 2017, cargu que-y permite conocer dende dientro les dificultaes, les contradicciones y tami\u00e9n les posibilidaes reales del procesu de normalizaci\u00f3n del asturianu. Tamos, polo tanto, ante un intelectual que lleva d\u00e9cades reflexonando, escribiendo y actuando sobre los mesmos problemes que g\u00fcei se ponen enriba la mesa, ensin baxar la guardia. La so intervenci\u00f3n ye s\u00edntesis d\u2019un itinerariu vital y profesional compromet\u00edu col futuru de la llingua y del pa\u00eds.<\/span><\/p>\n","protected":false},"excerpt":{"rendered":"<p>ASTURIANU Y ESCUELA: UNA LLINGUA QUE DEPRENDER, UNA LLINGUA PA FALAR El martes 10 de febreru, a les 19H.00\u2019, nel llocal social del Aten\u00e9u Obreru de Xix\u00f3n (Cai Francisco Tom\u00e1s y Valiente, 1 &#8211; 2\u00aa Planta), \u00c1stura organiza la conferencia Asturiano y escuela: una llingua que deprender, una llingua pa falar, a cargu de Xos\u00e9 [&hellip;]<\/p>\n","protected":false},"author":117,"featured_media":0,"comment_status":"closed","ping_status":"closed","sticky":false,"template":"","format":"standard","meta":{"footnotes":""},"categories":[242],"tags":[],"class_list":["post-67684","post","type-post","status-publish","format-standard","hentry","category-charres"],"_links":{"self":[{"href":"https:\/\/edublog.educastur.es\/ixuxu\/wp-json\/wp\/v2\/posts\/67684","targetHints":{"allow":["GET"]}}],"collection":[{"href":"https:\/\/edublog.educastur.es\/ixuxu\/wp-json\/wp\/v2\/posts"}],"about":[{"href":"https:\/\/edublog.educastur.es\/ixuxu\/wp-json\/wp\/v2\/types\/post"}],"author":[{"embeddable":true,"href":"https:\/\/edublog.educastur.es\/ixuxu\/wp-json\/wp\/v2\/users\/117"}],"replies":[{"embeddable":true,"href":"https:\/\/edublog.educastur.es\/ixuxu\/wp-json\/wp\/v2\/comments?post=67684"}],"version-history":[{"count":1,"href":"https:\/\/edublog.educastur.es\/ixuxu\/wp-json\/wp\/v2\/posts\/67684\/revisions"}],"predecessor-version":[{"id":67685,"href":"https:\/\/edublog.educastur.es\/ixuxu\/wp-json\/wp\/v2\/posts\/67684\/revisions\/67685"}],"wp:attachment":[{"href":"https:\/\/edublog.educastur.es\/ixuxu\/wp-json\/wp\/v2\/media?parent=67684"}],"wp:term":[{"taxonomy":"category","embeddable":true,"href":"https:\/\/edublog.educastur.es\/ixuxu\/wp-json\/wp\/v2\/categories?post=67684"},{"taxonomy":"post_tag","embeddable":true,"href":"https:\/\/edublog.educastur.es\/ixuxu\/wp-json\/wp\/v2\/tags?post=67684"}],"curies":[{"name":"wp","href":"https:\/\/api.w.org\/{rel}","templated":true}]}}