{"id":67692,"date":"2026-02-09T11:26:45","date_gmt":"2026-02-09T09:26:45","guid":{"rendered":"https:\/\/edublog.educastur.es\/ixuxu\/?p=67692"},"modified":"2026-02-09T11:26:50","modified_gmt":"2026-02-09T09:26:50","slug":"los-sectores-economicos-que-mas-medraren-nasturies","status":"publish","type":"post","link":"https:\/\/edublog.educastur.es\/ixuxu\/2026\/02\/los-sectores-economicos-que-mas-medraren-nasturies\/","title":{"rendered":"Los sectores econ\u00f3micos que m\u00e1s medraren n&#8217;Asturies"},"content":{"rendered":"<p><a href=\"https:\/\/www.lavozdeasturias.es\/noticia\/asturias\/2026\/02\/08\/asturias-cerro-2025-1565-nuevas-empresas-cifra-alta-ultima-decada\/00031770553496085283614.htm\">La Voz<\/a> \/<\/p>\n<p style=\"text-align: center\"><a href=\"https:\/\/img.lavdg.com\/sc\/ogCMkoBOzHnjco5ciEnX3SkqIks=\/768x\/2024\/02\/19\/00121708338007163354315\/Foto\/tele.jpg\"><img loading=\"lazy\" decoding=\"async\" class=\"aligncenter size-large\" src=\"https:\/\/img.lavdg.com\/sc\/ogCMkoBOzHnjco5ciEnX3SkqIks=\/768x\/2024\/02\/19\/00121708338007163354315\/Foto\/tele.jpg\" width=\"768\" height=\"432\" \/><\/a><\/p>\n<p>Asturies cerr\u00f3 2025 con 1.565 nueves empreses, la cifra m\u00e1s alta de la \u00faltima d\u00e9cada.\u00a0 Borja S\u00e1nchez incidi\u00f3 en que&#8217;l dinamismu de la econom\u00eda rexonal refl\u00e9xase tantu na crecedera del tex\u00edu empresarial como nes actividaes que t\u00e1n liderando la creaci\u00f3n de compa\u00f1\u00edes. Asina, los sectores que m\u00e1s crecieron al respective de 2019 son la <strong>intermediaci\u00f3n financiera (156%), les TIC y les comunicaciones (80%), la construcci\u00f3n (55%) y l&#8217;industria (20,9%).\u00a0<\/strong><!--more--><\/p>\n<p>Asturies llogr\u00f3 l&#8217;a\u00f1u pas\u00e1u un r\u00e9cord na <strong>creaci\u00f3n d&#8217;empreses, con 1.565 nueves sociedaes, la cifra m\u00e1s alta de la \u00faltima d\u00e9cada.<\/strong> Este ye&#8217;l meyor indicador de demograf\u00eda empresarial de la comunid\u00e1 dende 2016, seg\u00fan los datos del Rexistru Mercantil analizaos pola consultora Informa D&amp;B.<\/p>\n<p>Asina lo destac\u00f3 esti domingu&#8217;l conseyeru de Ciencia, Industria y Empl\u00e9u, Borja S\u00e1nchez, mientres una visita a la see en Xix\u00f3n de la compa\u00f1\u00eda SVMAC Inxenier\u00eda, Sistemes y Veh\u00edculos, xuna empresa de base tecnol\u00f3xica constituyida fai xuna d\u00e9cada a la que punxo d&#8217;exemplu d&#8217;emprendimiento innovador.<\/p>\n<p>Por actividaes econ\u00f3miques, les empreses de nueva creaci\u00f3n puestes en marcha l&#8217;a\u00f1u pas\u00e1u operen nos principales sectores, <strong>con especial dinamismu na construcci\u00f3n y les actividaes inmobiliaries (398 sociedaes), la hosteler\u00eda (276), el comerciu (229) y los servicios empresariales (185).<\/strong> Tami\u00e9n se constituyeron 81 firmes industriales, 74 de comunicaciones, 77 d&#8217;intermediaci\u00f3n financiera y 50 de sanid\u00e1.<\/p>\n<p>S\u00e1nchez consider\u00f3 que&#8217;l r\u00e9cord na constituci\u00f3n d&#8217;empreses algam\u00e1u l&#8217;a\u00f1u pas\u00e1u nun ye un datu coyuntural, sin\u00f3n que constata \u00abl&#8217;encl\u00edn positivu y el camb\u00e9u estructural qu&#8217;esperiment\u00f3 la econom\u00eda asturiana nos \u00faltimos a\u00f1os\u00bb.<\/p>\n<p>\u00abNun tamos \u00e9nte un rebote coyuntural, sin\u00f3n \u00e9nte un encl\u00edn estructural. El datu de creaci\u00f3n d&#8217;empreses d&#8217;a\u00f1u pas\u00e1u <strong>supon una medr\u00eda del 32,6% al respective de 2019<\/strong>, y consolida Asturies como un territoriu curiosu pa la inversi\u00f3n y el desenvolvimientu de nueves actividaes econ\u00f3miques\u00bb, destac\u00f3.<\/p>\n<p>&nbsp;<\/p>\n","protected":false},"excerpt":{"rendered":"<p>La Voz \/ Asturies cerr\u00f3 2025 con 1.565 nueves empreses, la cifra m\u00e1s alta de la \u00faltima d\u00e9cada.\u00a0 Borja S\u00e1nchez incidi\u00f3 en que&#8217;l dinamismu de la econom\u00eda rexonal refl\u00e9xase tantu na crecedera del tex\u00edu empresarial como nes actividaes que t\u00e1n liderando la creaci\u00f3n de compa\u00f1\u00edes. Asina, los sectores que m\u00e1s crecieron al respective de 2019 [&hellip;]<\/p>\n","protected":false},"author":117,"featured_media":0,"comment_status":"closed","ping_status":"closed","sticky":false,"template":"","format":"standard","meta":{"footnotes":""},"categories":[271],"tags":[],"class_list":["post-67692","post","type-post","status-publish","format-standard","hentry","category-economia"],"_links":{"self":[{"href":"https:\/\/edublog.educastur.es\/ixuxu\/wp-json\/wp\/v2\/posts\/67692","targetHints":{"allow":["GET"]}}],"collection":[{"href":"https:\/\/edublog.educastur.es\/ixuxu\/wp-json\/wp\/v2\/posts"}],"about":[{"href":"https:\/\/edublog.educastur.es\/ixuxu\/wp-json\/wp\/v2\/types\/post"}],"author":[{"embeddable":true,"href":"https:\/\/edublog.educastur.es\/ixuxu\/wp-json\/wp\/v2\/users\/117"}],"replies":[{"embeddable":true,"href":"https:\/\/edublog.educastur.es\/ixuxu\/wp-json\/wp\/v2\/comments?post=67692"}],"version-history":[{"count":1,"href":"https:\/\/edublog.educastur.es\/ixuxu\/wp-json\/wp\/v2\/posts\/67692\/revisions"}],"predecessor-version":[{"id":67693,"href":"https:\/\/edublog.educastur.es\/ixuxu\/wp-json\/wp\/v2\/posts\/67692\/revisions\/67693"}],"wp:attachment":[{"href":"https:\/\/edublog.educastur.es\/ixuxu\/wp-json\/wp\/v2\/media?parent=67692"}],"wp:term":[{"taxonomy":"category","embeddable":true,"href":"https:\/\/edublog.educastur.es\/ixuxu\/wp-json\/wp\/v2\/categories?post=67692"},{"taxonomy":"post_tag","embeddable":true,"href":"https:\/\/edublog.educastur.es\/ixuxu\/wp-json\/wp\/v2\/tags?post=67692"}],"curies":[{"name":"wp","href":"https:\/\/api.w.org\/{rel}","templated":true}]}}