{"id":67702,"date":"2026-02-09T13:01:35","date_gmt":"2026-02-09T11:01:35","guid":{"rendered":"https:\/\/edublog.educastur.es\/ixuxu\/?p=67702"},"modified":"2026-02-09T13:07:51","modified_gmt":"2026-02-09T11:07:51","slug":"lluz-verde-pa-remocicar-el-museu-de-la-siderurxa-de-llangreu","status":"publish","type":"post","link":"https:\/\/edublog.educastur.es\/ixuxu\/2026\/02\/lluz-verde-pa-remocicar-el-museu-de-la-siderurxa-de-llangreu\/","title":{"rendered":"Lluz verde pa remocicar el Mus\u00e9u de la Siderurxa de Llangr\u00e9u"},"content":{"rendered":"<p>La Mancomunid\u00e1 aprueba la llicitaci\u00f3n de la obra (por esta cantid\u00e1). Los llabores van centrara na meyora del antiguu refrixerante qu&#8217;alluga l&#8217;equipamientu cultural, pero nun vanse recuperar m\u00e1s edificios p&#8217;ampliar l&#8217;actual espaciu espositivu. W<a href=\"https:\/\/musi.ayto-langreo.es\/musi\">eb MUSI<\/a> \/ L<a href=\"https:\/\/www.lne.es\/asturias\/n-asturianu\/2025\/12\/07\/lluz-verde-pa-remocicar-museu-124464638.html\">NE<\/a><\/p>\n<p style=\"text-align: center\"><a href=\"https:\/\/estaticos-cdn.prensaiberica.es\/clip\/f290e559-7f01-450f-bddd-e06e265b306e_16-9-discover-aspect-ratio_default_0.webp\"><img loading=\"lazy\" decoding=\"async\" class=\"aligncenter size-large\" src=\"https:\/\/estaticos-cdn.prensaiberica.es\/clip\/f290e559-7f01-450f-bddd-e06e265b306e_16-9-discover-aspect-ratio_default_0.webp\" width=\"1200\" height=\"675\" \/><\/a><\/p>\n<p><!--more--><\/p>\n<p>Una inversi\u00f3n de 835.000 euros que s&#8217;enxareta nel Plan de Sostenibilid\u00e1 Tur\u00edstica de la Mancomunid\u00e1 del Valle del Nal\u00f3n. L&#8217;ente supramunicipal celebr\u00f3 va unos d\u00edes un Plenu estraordinariu p&#8217;autorizar la contrataci\u00f3n de los trabayos.<\/p>\n<p>Marcelino Mart\u00ednez, alcalde de Sobrescobiu y presidente de la Mancomunid\u00e1, se\u00f1al\u00f3 que \u00abpol volume de la obra y el guo montante econ\u00f3micu, fac\u00edanos falta llevala a Plenu\u00bb. \u00abCon esti tr\u00e1mite\u00bb, amest\u00f3, \u00aby\u00e1 puede sacara a llicitaci\u00f3n, cosa qu&#8217;esperamos y\u00e1 pueda faese darr\u00e9u, a lo llargo d&#8217;esta selmana\u00bb, fixo.<\/p>\n<p>El plan de sostenibilid\u00e1 tur\u00edstica del Valle del Nal\u00f3n ta financi\u00e1u con cuatro millones d&#8217;euros procedentes de fondos europeos, <strong>de los que 835.000 euros correspuenden al Musi<\/strong>. Los llabores van centrara na meyora del antiguu refrixerante qu&#8217;alluga l&#8217;equipamientu cultural, pero nun vanse recuperar m\u00e1s edificios p&#8217;ampliar l&#8217;actual espaciu espositivu .<\/p>\n<p style=\"text-align: center\"><a href=\"https:\/\/turismo.ayto-langreo.es\/documents\/59702\/425157\/musi-duro.jpg\/2a234789-71d0-4f59-9fb8-10d978614b68?t=1529066253000&amp;imageThumbnail=3\"><img loading=\"lazy\" decoding=\"async\" class=\"aligncenter size-large\" src=\"https:\/\/turismo.ayto-langreo.es\/documents\/59702\/425157\/musi-duro.jpg\/2a234789-71d0-4f59-9fb8-10d978614b68?t=1529066253000&amp;imageThumbnail=3\" width=\"1000\" height=\"750\" \/><\/a><\/p>\n<p><a href=\"https:\/\/turismo.ayto-langreo.es\/que-hacer\/turismo-industrial\/musi\"><strong>El Mus\u00e9u de la Siderurxa abri\u00f3 en 2006<\/strong> <\/a>nun espaciu, l&#8217;antiguu refrixerante de la factor\u00eda de Duru, que s&#8217;escurri\u00f3 nun primer momentu como centru de recepci\u00f3n d&#8217;un futuru mus\u00e9u m\u00e1s grande. Les previsiones iniciales nun llegaron a cuayar y la superficie destinada a la esposici\u00f3n nun aument\u00f3 nos \u00faltimos a\u00f1os. Los fondos europeos van dedicara a pintar el refrixerante y entamala con peque\u00f1es meyores, a anovar el zarru esterior, y a ampliar o meyorar el conten\u00edu espositivu. Tami\u00e9n vanse ense\u00f1ar dos antig\u00fces m\u00e1quines ferroviaries que y\u00e1 t\u00e1n iguaes, la locomotora Pedro Duru y la gr\u00faa \u00abLa Lleona\u00bb.<\/p>\n<p style=\"text-align: center\">\n<!-- iframe plugin v.6.0 wordpress.org\/plugins\/iframe\/ -->\n<iframe loading=\"lazy\" width=\"100%\" height=\"427\" src=\"https:\/\/www.youtube.com\/embed\/bi3_L9Maecs\" title=\"Museo de la Siderurgia de Asturias - MUSI\" frameborder=\"0\" allow=\"accelerometer; autoplay; clipboard-write; encrypted-media; gyroscope; picture-in-picture; web-share\" referrerpolicy=\"strict-origin-when-cross-origin\" 0=\"allowfullscreen\" 1=\"\/iframe\" scrolling=\"yes\" class=\"iframe-class\"><\/iframe>\n<\/p>\n<p>Recueye&#8217;l pervalible patrimoniu hist\u00f3ricu ya industrial de Llangr\u00e9u, mand\u00e1u d&#8217;un pas\u00e1u fabril que s&#8217;empecipia na segunda met\u00e1 del sieglu XIX cola instalaci\u00f3n de la f\u00e1brica sider\u00farxica m\u00e1s moderna, qu&#8217;introduci\u00f3 tresformamientos sociales y territoriales fondes y radicales.<\/p>\n<p>Ta allug\u00e1u nel interior d&#8217;una espectacular torre de refrigeraci\u00f3n, una singular construcci\u00f3n troncoc\u00f3nica d&#8217;unos 45 metros d&#8217;altor, qu&#8217;alluga un espaciu circular distribuy\u00edu en dos pisos y cubiertu por un lucernario qu&#8217;ufierta una vertixinosa vista de les par\u00e9s de la gran chimenea.<\/p>\n<p>El percorr\u00edu poles sos sales ll\u00e9vanos al travi\u00e9s del tiempu dende un espaciu rural, como yera la cuenca hullera central asturiana antes del so gran tresformamientu, al complexu industrial m\u00e1s modernu ya innovador del periodu industrial.<\/p>\n<p>La visita al interior del Mus\u00e9u comb\u00ednase con distintes rutes empuestes qu&#8217;ayuden a entender el desenvolvimientu industrial, social y urbanu de l&#8217;Asturies industrial. Tr\u00e1tase d&#8217;otra visita imprescindible que nun te puedes perder.<\/p>\n<p style=\"text-align: center\">\n<!-- iframe plugin v.6.0 wordpress.org\/plugins\/iframe\/ -->\n<iframe loading=\"lazy\" width=\"100%\" height=\"427\" src=\"https:\/\/www.youtube.com\/embed\/ZhFFhmo-dkg\" title=\"MUSI Museo de la Siderurgia de Asturias\" frameborder=\"0\" allow=\"accelerometer; autoplay; clipboard-write; encrypted-media; gyroscope; picture-in-picture; web-share\" referrerpolicy=\"strict-origin-when-cross-origin\" 0=\"allowfullscreen\" 1=\"\/iframe\" scrolling=\"yes\" class=\"iframe-class\"><\/iframe>\n<\/p>\n","protected":false},"excerpt":{"rendered":"<p>La Mancomunid\u00e1 aprueba la llicitaci\u00f3n de la obra (por esta cantid\u00e1). Los llabores van centrara na meyora del antiguu refrixerante qu&#8217;alluga l&#8217;equipamientu cultural, pero nun vanse recuperar m\u00e1s edificios p&#8217;ampliar l&#8217;actual espaciu espositivu. Web MUSI \/ LNE<\/p>\n","protected":false},"author":117,"featured_media":0,"comment_status":"closed","ping_status":"closed","sticky":false,"template":"","format":"standard","meta":{"footnotes":""},"categories":[15],"tags":[],"class_list":["post-67702","post","type-post","status-publish","format-standard","hentry","category-museos"],"_links":{"self":[{"href":"https:\/\/edublog.educastur.es\/ixuxu\/wp-json\/wp\/v2\/posts\/67702","targetHints":{"allow":["GET"]}}],"collection":[{"href":"https:\/\/edublog.educastur.es\/ixuxu\/wp-json\/wp\/v2\/posts"}],"about":[{"href":"https:\/\/edublog.educastur.es\/ixuxu\/wp-json\/wp\/v2\/types\/post"}],"author":[{"embeddable":true,"href":"https:\/\/edublog.educastur.es\/ixuxu\/wp-json\/wp\/v2\/users\/117"}],"replies":[{"embeddable":true,"href":"https:\/\/edublog.educastur.es\/ixuxu\/wp-json\/wp\/v2\/comments?post=67702"}],"version-history":[{"count":4,"href":"https:\/\/edublog.educastur.es\/ixuxu\/wp-json\/wp\/v2\/posts\/67702\/revisions"}],"predecessor-version":[{"id":67706,"href":"https:\/\/edublog.educastur.es\/ixuxu\/wp-json\/wp\/v2\/posts\/67702\/revisions\/67706"}],"wp:attachment":[{"href":"https:\/\/edublog.educastur.es\/ixuxu\/wp-json\/wp\/v2\/media?parent=67702"}],"wp:term":[{"taxonomy":"category","embeddable":true,"href":"https:\/\/edublog.educastur.es\/ixuxu\/wp-json\/wp\/v2\/categories?post=67702"},{"taxonomy":"post_tag","embeddable":true,"href":"https:\/\/edublog.educastur.es\/ixuxu\/wp-json\/wp\/v2\/tags?post=67702"}],"curies":[{"name":"wp","href":"https:\/\/api.w.org\/{rel}","templated":true}]}}