{"id":67720,"date":"2026-02-09T13:54:13","date_gmt":"2026-02-09T11:54:13","guid":{"rendered":"https:\/\/edublog.educastur.es\/ixuxu\/?p=67720"},"modified":"2026-02-09T13:54:13","modified_gmt":"2026-02-09T11:54:13","slug":"les-ayalgues-artistiques-de-la-llaboral-nun-llibru","status":"publish","type":"post","link":"https:\/\/edublog.educastur.es\/ixuxu\/2026\/02\/les-ayalgues-artistiques-de-la-llaboral-nun-llibru\/","title":{"rendered":"Les ayalgues art\u00edstiques de La Llaboral, nun llibru"},"content":{"rendered":"<p class=\"text-2xl font-bold font-serif leading-tight max-w-[65ch] mb-1.5\"><a href=\"https:\/\/www.rtpa.es\/noticias-sociedad-ast\/2026-02-08\/Les-ayalgues-artistiques-de-La-Llaboral,-al-descubiertu-nun-llibru-d'antiguos-alumnos_111770553897.html\">Les ayalgues art\u00edstiques de La Llaboral, al descubiertu nun llibru d&#8217;antiguos alumnos.<\/a><\/p>\n<p style=\"text-align: center\"><a href=\"https:\/\/www.rtpa.es\/fotos\/\/26\/02\/20260208133214_RTPA7694413.webp\"><img loading=\"lazy\" decoding=\"async\" class=\"aligncenter size-large\" src=\"https:\/\/www.rtpa.es\/fotos\/\/26\/02\/20260208133214_RTPA7694413.webp\" width=\"853\" height=\"480\" \/><\/a><\/p>\n<div class=\"flow rtpa-prose text-lg leading-tight mb-6\">Rafael Mor\u00e1n amuesa una bayura patrimonial que toma tolos llabores creativos.<\/div>\n<div><\/div>\n<p><!--more--><\/p>\n<div class=\"flow rtpa-prose text-base text-neutral-700\">\n<p>La Universid\u00e1 Llaboral, dientro de la so grandiosid\u00e1, escuende tami\u00e9n un monumental conten\u00edu n&#8217;obres d&#8217;arte. Un llibru fechu por Rafael Mor\u00e1n desvela intereses y datos como bocetos d&#8217;obres ensin realizar y otres tapaes por intervenciones posteriores como nel teatru.<\/p>\n<p>Quien visite la Llaboral pi\u00e9rdese rellabicos como l&#8217;antiguu comedor norte con unos mosaicos intactos.<\/p>\n<p>El llibru de Rafael Mor\u00e1n axunta datos y curiosidaes por mor d\u2019un fondu llabor de documentaci\u00f3n nel archivu provincial.<\/p>\n<p>Nel edificiu de Luis Moya trabayaron artistes de la d\u00f3mina, de la d\u00e9cada de 1950 p&#8217;alantre. Inclusive s&#8217;ufiert\u00f3 a Dal\u00ed faese cargu de los murales, pero nun hebo abondu presupuestu y execut\u00f3lu Enrique Segura.<\/p>\n<p>Una bayura patrimonial que toma tolos llabores creativos.<\/p>\n<p>La Universid\u00e1 Llaboral, a los sos 75 a\u00f1os, sigue siendo una obra inacabada.<\/p>\n<\/div>\n","protected":false},"excerpt":{"rendered":"<p>Les ayalgues art\u00edstiques de La Llaboral, al descubiertu nun llibru d&#8217;antiguos alumnos. Rafael Mor\u00e1n amuesa una bayura patrimonial que toma tolos llabores creativos.<\/p>\n","protected":false},"author":117,"featured_media":0,"comment_status":"closed","ping_status":"closed","sticky":false,"template":"","format":"standard","meta":{"footnotes":""},"categories":[298],"tags":[],"class_list":["post-67720","post","type-post","status-publish","format-standard","hentry","category-xoyes"],"_links":{"self":[{"href":"https:\/\/edublog.educastur.es\/ixuxu\/wp-json\/wp\/v2\/posts\/67720","targetHints":{"allow":["GET"]}}],"collection":[{"href":"https:\/\/edublog.educastur.es\/ixuxu\/wp-json\/wp\/v2\/posts"}],"about":[{"href":"https:\/\/edublog.educastur.es\/ixuxu\/wp-json\/wp\/v2\/types\/post"}],"author":[{"embeddable":true,"href":"https:\/\/edublog.educastur.es\/ixuxu\/wp-json\/wp\/v2\/users\/117"}],"replies":[{"embeddable":true,"href":"https:\/\/edublog.educastur.es\/ixuxu\/wp-json\/wp\/v2\/comments?post=67720"}],"version-history":[{"count":1,"href":"https:\/\/edublog.educastur.es\/ixuxu\/wp-json\/wp\/v2\/posts\/67720\/revisions"}],"predecessor-version":[{"id":67721,"href":"https:\/\/edublog.educastur.es\/ixuxu\/wp-json\/wp\/v2\/posts\/67720\/revisions\/67721"}],"wp:attachment":[{"href":"https:\/\/edublog.educastur.es\/ixuxu\/wp-json\/wp\/v2\/media?parent=67720"}],"wp:term":[{"taxonomy":"category","embeddable":true,"href":"https:\/\/edublog.educastur.es\/ixuxu\/wp-json\/wp\/v2\/categories?post=67720"},{"taxonomy":"post_tag","embeddable":true,"href":"https:\/\/edublog.educastur.es\/ixuxu\/wp-json\/wp\/v2\/tags?post=67720"}],"curies":[{"name":"wp","href":"https:\/\/api.w.org\/{rel}","templated":true}]}}