{"id":67722,"date":"2026-02-09T13:58:10","date_gmt":"2026-02-09T11:58:10","guid":{"rendered":"https:\/\/edublog.educastur.es\/ixuxu\/?p=67722"},"modified":"2026-02-09T14:36:47","modified_gmt":"2026-02-09T12:36:47","slug":"agrupaciones-y-profesionales-piden-limpulsu-del-teatru-costumista-asturianu","status":"publish","type":"post","link":"https:\/\/edublog.educastur.es\/ixuxu\/2026\/02\/agrupaciones-y-profesionales-piden-limpulsu-del-teatru-costumista-asturianu\/","title":{"rendered":"Agrupaciones y profesionales piden l&#8217;impulsu del teatru costumista asturianu"},"content":{"rendered":"<p class=\"text-2xl font-bold font-serif leading-tight max-w-[65ch] mb-1.5\"><a href=\"https:\/\/www.rtpa.es\/noticias-sociedad-ast\/2026-02-08\/Agrupaciones-y-profesionales-piden-l'impulsu-del-teatru-costumista-asturianu_111770553325.html\">Agrupaciones y profesionales piden l&#8217;impulsu del teatru costumista asturianu.\u00a0<\/a><\/p>\n<p style=\"text-align: center\"><a href=\"https:\/\/www.rtpa.es\/fotos\/\/26\/02\/20260208132314_RTPA7694366.webp\"><img loading=\"lazy\" decoding=\"async\" class=\"aligncenter size-large\" src=\"https:\/\/www.rtpa.es\/fotos\/\/26\/02\/20260208132314_RTPA7694366.webp\" width=\"853\" height=\"480\" \/><\/a><\/p>\n<div class=\"flow rtpa-prose text-lg leading-tight mb-6\"><strong>El teatru costumista asturianu foi declar\u00e1u Bien d&#8217;Inter\u00e9s Cultural.<\/strong><\/div>\n<div><\/div>\n<p><!--more--><\/p>\n<div class=\"flow rtpa-prose text-base text-neutral-700\">\n<p><strong>Tres la declaraci\u00f3n del teatru costumista asturianu como Bien d&#8217;Inter\u00e9s Cultural<\/strong>, agrupaciones y profesionales amosaron la so allegr\u00eda por una reconocencia que pa dalgunos llega tarde.<\/p>\n<p>Piden qu&#8217;esto nun quede nun galard\u00f3n y que dende l&#8217;alministraci\u00f3n s&#8217;impulse pa que, sobre manera, llegue a los m\u00e1s mozos.<\/p>\n<p><strong>Per a\u00f1os, munchos sintieron que&#8217;l so arte yera infravalor\u00e1u.<\/strong> Esta reconocencia, anque tard\u00eda, as\u00edtialu por fin nel llugar que, diz Jos\u00e9 Ram\u00f3n Oliva, dramaturgu, director y actor de teatru costumista, merez.<\/p>\n<p>Figures como Arsenio Gonz\u00e1lez o Eladio S\u00e1nchez, y\u00e1 muertos, fueron grandes promotores que, pa los sos compa\u00f1eros, tami\u00e9n tendr\u00eden de vivir esta reconocencia, se\u00f1ala Armando Felgueroso, miembru de la Compa\u00f1\u00eda Asturiana de Comedies y Jos\u00e9 Ram\u00f3n Oliva.<\/p>\n<p>Hai tami\u00e9n cr\u00edticos col nome de la declaraci\u00f3n. Lluis Ant\u00f3n Gonz\u00e1lez Fern\u00e1ndez, miembru de la Compa\u00f1\u00eda Asturiana de Comedies, se\u00f1ala que m\u00e1s que costumista, hai que referise al so trabayu como teatru asturianu.<\/p>\n<p>Adolfo Ur\u00eda, miembru del grupu de teatru costumista &#8216;La P\u00e1xara Pinta&#8217; pide que cola protecci\u00f3n se fomenten festivales, se promuevan ayudes a les agrupaciones y esista m\u00e1s divulgaci\u00f3n.<\/p>\n<p>Los profesionales aseguren que <strong>los asturianos reconoc\u00e9monos nel teatru costumista, por eso tien tantu enraigonamientu ente n\u00f3s y por eso cunta y\u00e1 m\u00e1s de 100 a\u00f1os d&#8217;hestoria.<\/strong><\/p>\n<\/div>\n","protected":false},"excerpt":{"rendered":"<p>Agrupaciones y profesionales piden l&#8217;impulsu del teatru costumista asturianu.\u00a0 El teatru costumista asturianu foi declar\u00e1u Bien d&#8217;Inter\u00e9s Cultural.<\/p>\n","protected":false},"author":117,"featured_media":0,"comment_status":"closed","ping_status":"closed","sticky":false,"template":"","format":"standard","meta":{"footnotes":""},"categories":[82],"tags":[],"class_list":["post-67722","post","type-post","status-publish","format-standard","hentry","category-teatru"],"_links":{"self":[{"href":"https:\/\/edublog.educastur.es\/ixuxu\/wp-json\/wp\/v2\/posts\/67722","targetHints":{"allow":["GET"]}}],"collection":[{"href":"https:\/\/edublog.educastur.es\/ixuxu\/wp-json\/wp\/v2\/posts"}],"about":[{"href":"https:\/\/edublog.educastur.es\/ixuxu\/wp-json\/wp\/v2\/types\/post"}],"author":[{"embeddable":true,"href":"https:\/\/edublog.educastur.es\/ixuxu\/wp-json\/wp\/v2\/users\/117"}],"replies":[{"embeddable":true,"href":"https:\/\/edublog.educastur.es\/ixuxu\/wp-json\/wp\/v2\/comments?post=67722"}],"version-history":[{"count":4,"href":"https:\/\/edublog.educastur.es\/ixuxu\/wp-json\/wp\/v2\/posts\/67722\/revisions"}],"predecessor-version":[{"id":67726,"href":"https:\/\/edublog.educastur.es\/ixuxu\/wp-json\/wp\/v2\/posts\/67722\/revisions\/67726"}],"wp:attachment":[{"href":"https:\/\/edublog.educastur.es\/ixuxu\/wp-json\/wp\/v2\/media?parent=67722"}],"wp:term":[{"taxonomy":"category","embeddable":true,"href":"https:\/\/edublog.educastur.es\/ixuxu\/wp-json\/wp\/v2\/categories?post=67722"},{"taxonomy":"post_tag","embeddable":true,"href":"https:\/\/edublog.educastur.es\/ixuxu\/wp-json\/wp\/v2\/tags?post=67722"}],"curies":[{"name":"wp","href":"https:\/\/api.w.org\/{rel}","templated":true}]}}