{"id":67731,"date":"2026-02-09T14:49:28","date_gmt":"2026-02-09T12:49:28","guid":{"rendered":"https:\/\/edublog.educastur.es\/ixuxu\/?p=67731"},"modified":"2026-02-09T14:50:14","modified_gmt":"2026-02-09T12:50:14","slug":"la-fonte-de-foncalada-va-tener-un-caltenimientu-anal-pameyorar-el-so-estau","status":"publish","type":"post","link":"https:\/\/edublog.educastur.es\/ixuxu\/2026\/02\/la-fonte-de-foncalada-va-tener-un-caltenimientu-anal-pameyorar-el-so-estau\/","title":{"rendered":"La fonte de Foncalada va tener un caltenimientu a\u00f1al"},"content":{"rendered":"<p class=\"text-2xl font-bold font-serif leading-tight max-w-[65ch] mb-1.5\"><a href=\"https:\/\/www.rtpa.es\/noticias-sociedad-ast\/2026-02-08\/La-fonte-de-Foncalada-va-tener-un-caltenimientu-a%C3%B1al-p'ameyorar-el-so-estau_111770552972.html\">La fonte de Foncalada va tener un caltenimientu a\u00f1al p&#8217;ameyorar el so est\u00e1u.<\/a><\/p>\n<p style=\"text-align: center\"><a href=\"https:\/\/www.rtpa.es\/fotos\/\/26\/02\/20260208131714_RTPA7694334.webp\"><img loading=\"lazy\" decoding=\"async\" class=\"aligncenter size-large\" src=\"https:\/\/www.rtpa.es\/fotos\/\/26\/02\/20260208131714_RTPA7694334.webp\" width=\"853\" height=\"480\" \/><\/a><\/p>\n<div class=\"flow rtpa-prose text-lg leading-tight mb-6\"><strong>Siguen los trabayos de restauraci\u00f3n pa desaniciar suciedaes y plantes. <\/strong>La fonte de Foncalada, <strong>considerada la \u00fanica obra civil del periodu Prerrom\u00e1nicu que se calti\u00e9n n&#8217;Europa<\/strong>, va tener un caltenimientu a\u00f1al p&#8217;ameyorar el so est\u00e1u.<\/div>\n<div class=\"flow rtpa-prose text-base text-neutral-700\">\n<p><!--more--><\/p>\n<p>Los trabayos de restauraci\u00f3n en Foncalada empezaron cola aplicaci\u00f3n d&#8217;un biocida pa desaniciar plantes, liquen y el mofu de la fonte. Depu\u00e9s van quitase los rellenos de cementu y va utilizase una proyecci\u00f3n de micropart\u00edcules pa quitar la capa de cal poles filtraciones d&#8217;agua.<\/p>\n<p>Nun \u00faltimu pasu, va aplicase a tol monumentu prerrom\u00e1nicu <strong>un hidrofugante pa protexelu del agua<\/strong>, esplica Marta Luisa Corrada, restauradora.<\/p>\n<p>Precisamente,<strong> la intervenci\u00f3n va incluyir un estudiu de dellos materiales pa precisar ent\u00e1 m\u00e1s la fecha na que foi construyida la fonte.<\/strong><\/p>\n<p>Tolos trabayos tienen el preste del grupu d&#8217;asesor\u00eda xeol\u00f3xica GEA. Cunten con 80.000 euros d&#8217;inversi\u00f3n del Princip\u00e1u y van allargase hasta&#8217;l mes d&#8217;abril.<\/p>\n<p>Anque la idea ye que la fonte de Foncalada tenga un caltenimientu a\u00f1al, repitiendo dalgunos de los procesos d&#8217;esta restauraci\u00f3n pa garantizar un meyor caltenimientu.<\/p>\n<\/div>\n","protected":false},"excerpt":{"rendered":"<p>La fonte de Foncalada va tener un caltenimientu a\u00f1al p&#8217;ameyorar el so est\u00e1u. Siguen los trabayos de restauraci\u00f3n pa desaniciar suciedaes y plantes. La fonte de Foncalada, considerada la \u00fanica obra civil del periodu Prerrom\u00e1nicu que se calti\u00e9n n&#8217;Europa, va tener un caltenimientu a\u00f1al p&#8217;ameyorar el so est\u00e1u.<\/p>\n","protected":false},"author":117,"featured_media":0,"comment_status":"closed","ping_status":"closed","sticky":false,"template":"","format":"standard","meta":{"footnotes":""},"categories":[89,285],"tags":[],"class_list":["post-67731","post","type-post","status-publish","format-standard","hentry","category-arte","category-prerromanico"],"_links":{"self":[{"href":"https:\/\/edublog.educastur.es\/ixuxu\/wp-json\/wp\/v2\/posts\/67731","targetHints":{"allow":["GET"]}}],"collection":[{"href":"https:\/\/edublog.educastur.es\/ixuxu\/wp-json\/wp\/v2\/posts"}],"about":[{"href":"https:\/\/edublog.educastur.es\/ixuxu\/wp-json\/wp\/v2\/types\/post"}],"author":[{"embeddable":true,"href":"https:\/\/edublog.educastur.es\/ixuxu\/wp-json\/wp\/v2\/users\/117"}],"replies":[{"embeddable":true,"href":"https:\/\/edublog.educastur.es\/ixuxu\/wp-json\/wp\/v2\/comments?post=67731"}],"version-history":[{"count":2,"href":"https:\/\/edublog.educastur.es\/ixuxu\/wp-json\/wp\/v2\/posts\/67731\/revisions"}],"predecessor-version":[{"id":67733,"href":"https:\/\/edublog.educastur.es\/ixuxu\/wp-json\/wp\/v2\/posts\/67731\/revisions\/67733"}],"wp:attachment":[{"href":"https:\/\/edublog.educastur.es\/ixuxu\/wp-json\/wp\/v2\/media?parent=67731"}],"wp:term":[{"taxonomy":"category","embeddable":true,"href":"https:\/\/edublog.educastur.es\/ixuxu\/wp-json\/wp\/v2\/categories?post=67731"},{"taxonomy":"post_tag","embeddable":true,"href":"https:\/\/edublog.educastur.es\/ixuxu\/wp-json\/wp\/v2\/tags?post=67731"}],"curies":[{"name":"wp","href":"https:\/\/api.w.org\/{rel}","templated":true}]}}