{"id":67734,"date":"2026-02-09T14:52:33","date_gmt":"2026-02-09T12:52:33","guid":{"rendered":"https:\/\/edublog.educastur.es\/ixuxu\/?p=67734"},"modified":"2026-02-09T14:52:53","modified_gmt":"2026-02-09T12:52:53","slug":"ya-ta-na-cai-lanuariu-de-la-musica-asturiana-2025","status":"publish","type":"post","link":"https:\/\/edublog.educastur.es\/ixuxu\/2026\/02\/ya-ta-na-cai-lanuariu-de-la-musica-asturiana-2025\/","title":{"rendered":"Y\u00e1 ta na cai l\u2019Anuariu de la M\u00fasica Asturiana 2025"},"content":{"rendered":"<p><a id=\"wp-block-file--media-1555abcd-6820-421e-9d60-7259523792f3\" href=\"https:\/\/musicasturiana.com\/wp-content\/uploads\/2026\/02\/ANUARIU-DE-LA-MUSICA-ASTURIANA-2025.pdf\" target=\"_blank\" rel=\"noreferrer noopener\">ANUARIU DE LA M\u00daSICA ASTURIANA 2025<\/a> Esta selmana entama la distribuci\u00f3n d&#8217;esta publicaci\u00f3n que repasa a lo llargo de 124 p\u00e1xines tolo que dio de si la escena&#8217;l pas\u00e1u a\u00f1u.\u00a0 <a href=\"https:\/\/musicasturiana.com\/ya-ta-na-cai-lanuariu-de-la-musica-asturiana-2025\/\">Musicasturiana.com<\/a><\/p>\n<p style=\"text-align: center\"><a href=\"https:\/\/musicasturiana.com\/wp-content\/uploads\/2026\/02\/anuariu-2025-mockup-ok.jpg\"><img loading=\"lazy\" decoding=\"async\" class=\"aligncenter size-large\" src=\"https:\/\/musicasturiana.com\/wp-content\/uploads\/2026\/02\/anuariu-2025-mockup-ok.jpg\" width=\"1200\" height=\"600\" \/><\/a><\/p>\n<p>L\u2019<strong>Anuariu de la M\u00fasica Asturiana\u00a0<\/strong>llega un a\u00f1u m\u00e1s fiel a la so cita per estes feches y failo con un repasu fondu a lo que dio de s\u00ed\u2019l pas\u00e1u 2025. Como de costume les tem\u00e1tiques d\u2019esta publicaci\u00f3n editada por\u00a0<strong>Goxe Producciones\u00a0<\/strong>c\u00e9ntrense n\u2019estilos como la<strong>\u00a0m\u00fasica tradicional, el folk, el rock o la canci\u00f3n d\u2019autor<\/strong>, con secciones qu\u2019incl\u00fain reportaxes, informes, entrevistes, cr\u00edtiques, opini\u00f3n, recoyida de material o anuncies. Y\u00e1 pue lleese la\u00a0<strong><a href=\"https:\/\/musicasturiana.com\/portfolio\/anuariu-2025\/\" target=\"_blank\" rel=\"noreferrer noopener\">versi\u00f3n dixital<\/a>\u00a0<\/strong>en Musicasturiana.com y a a lo llargo d\u2019esta selmana van<strong>\u00a0repartise los exemplares gratuitos<\/strong>\u00a0nos puntos de distribuci\u00f3n habituales.<\/p>\n<p><!--more--><\/p>\n<p><strong>L\u2019<em>Editorial<\/em><\/strong>, nesta ocasi\u00f3n, tit\u00falase<strong>\u00a0\u00abM\u00fasica asturiana viva y en vivo\u00bb\u00a0<\/strong>y n\u00e9l f\u00e1lase de la importancia de los\u00a0<strong>festivales medianos y peque\u00f1os,<\/strong>\u00a0xeneralmente autoxestionaos, que se desarrollen a lo llargo de la xeograf\u00eda asturiana, armando una rede de cites cola m\u00fasica fecha equ\u00ed imprescindible pa la so promoci\u00f3n y afitamientu; nesti sen, manifi\u00e9stase:\u00a0<strong>\u00abA l\u2019alministraci\u00f3n p\u00fablica asturiana correspu\u00e9nde-y apoyar decididamente estos festivales<\/strong>, polos beneficios a\u00f1ad\u00edos que tienen pa los entornos nos que se desenvuelven, especialmente aquellos entamaos en zones rurales o allo\u00f1aes. A la\u00a0<strong>RTPA hai que pid\u00ed-y que cubra ama\u00f1osamente tola informaci\u00f3n y desarrollu de los mesmos<\/strong>, am\u00e1s de convertise nuna ferramienta de la so promoci\u00f3n. Sicasi, lo primero qu\u2019hai que facer ye<strong>\u00a0felicitar a les persones, asociaciones, colectivos, comisiones, etc. que t\u00e1n detr\u00e1s d\u2019estos eventos<\/strong>, porque cola so xera t\u00e1n faciendo que la m\u00fasica asturiana siga viva y en vivo\u00bb.<\/p>\n<p>En cuantes a los conten\u00edos, destaquen la cr\u00f3nica titulada\u00a0<strong>\u00abUn a\u00f1u importante pa la gaita\u00bb\u00a0<\/strong>(resume de l\u2019activid\u00e1 alredor d\u2019esti instrumentu); los informes<strong>\u00a0\u00abLa elegancia de la m\u00fasica asturiana\u00bb (<\/strong>sobre les formaciones nueves de la escena folk) y\u00a0<strong>\u00abLa moced\u00e1 garra puxu na m\u00fasica asturiana\u00bb<\/strong>\u00a0(alredor del relevu xeneracional); el reportaxe\u00a0<strong>\u00abEl \u2018Son\u00edu Avil\u00e9s\u2019 na m\u00fasica celta: x\u00e9nesis y evoluci\u00f3n d\u2019una identid\u00e1\u00bb<\/strong>\u00a0(centr\u00e1u nos grupos avilesinos y les sos asemeyances), l\u2019estudiu<strong>\u00a0\u00abEl Compa\u00f1ero Paredes trata de organizar un Orfe\u00f3n Obrero\u00bb<\/strong>\u00a0(repasu hist\u00f3ricu a les conexones ente movimientu obreru y les agrupaciones corales asturianes); o les entrevistes a<strong>\u00a0Marisa Valle Roso, Rub\u00e9n Bada y H\u00e9ctor Braga<\/strong>, presentando los sos trabayos discogr\u00e1ficos nuevos.<\/p>\n<div class=\"wp-block-spacer\" aria-hidden=\"true\"><\/div>\n<h2 class=\"wp-block-heading\"><mark class=\"has-inline-color\">Collecha y discu<\/mark><\/h2>\n<p>L\u2019Anuariu z\u00e1rrase, como siempre, cola secci\u00f3n \u00ab<strong>Collecha<\/strong>\u00bb, onde apaecen les producciones musicales y bibliogr\u00e1fiques del 2025. El volume complem\u00e9ntase con un\u00a0<strong>discu\u00a0<\/strong>nel que se recueyen muestres de lo meyor qu\u2019ufiert\u00f3 l\u2019a\u00f1u, con venti cortes d\u2019estilos como\u2019l<strong>\u00a0folk, el rock, el pop o la canci\u00f3n d\u2019autor<\/strong>, con artistes y grupos como Corqui\u00e9u, Felpeyu, Alienda, Los Berrones, Skama la Rede o Ochobre.<\/p>\n<div class=\"wp-block-spacer\" aria-hidden=\"true\"><\/div>\n<p>&nbsp;<\/p>\n","protected":false},"excerpt":{"rendered":"<p>ANUARIU DE LA M\u00daSICA ASTURIANA 2025 Esta selmana entama la distribuci\u00f3n d&#8217;esta publicaci\u00f3n que repasa a lo llargo de 124 p\u00e1xines tolo que dio de si la escena&#8217;l pas\u00e1u a\u00f1u.\u00a0 Musicasturiana.com L\u2019Anuariu de la M\u00fasica Asturiana\u00a0llega un a\u00f1u m\u00e1s fiel a la so cita per estes feches y failo con un repasu fondu a lo [&hellip;]<\/p>\n","protected":false},"author":117,"featured_media":0,"comment_status":"closed","ping_status":"closed","sticky":false,"template":"","format":"standard","meta":{"footnotes":""},"categories":[35,125],"tags":[],"class_list":["post-67734","post","type-post","status-publish","format-standard","hentry","category-musica","category-musicasturiana-com"],"_links":{"self":[{"href":"https:\/\/edublog.educastur.es\/ixuxu\/wp-json\/wp\/v2\/posts\/67734","targetHints":{"allow":["GET"]}}],"collection":[{"href":"https:\/\/edublog.educastur.es\/ixuxu\/wp-json\/wp\/v2\/posts"}],"about":[{"href":"https:\/\/edublog.educastur.es\/ixuxu\/wp-json\/wp\/v2\/types\/post"}],"author":[{"embeddable":true,"href":"https:\/\/edublog.educastur.es\/ixuxu\/wp-json\/wp\/v2\/users\/117"}],"replies":[{"embeddable":true,"href":"https:\/\/edublog.educastur.es\/ixuxu\/wp-json\/wp\/v2\/comments?post=67734"}],"version-history":[{"count":1,"href":"https:\/\/edublog.educastur.es\/ixuxu\/wp-json\/wp\/v2\/posts\/67734\/revisions"}],"predecessor-version":[{"id":67735,"href":"https:\/\/edublog.educastur.es\/ixuxu\/wp-json\/wp\/v2\/posts\/67734\/revisions\/67735"}],"wp:attachment":[{"href":"https:\/\/edublog.educastur.es\/ixuxu\/wp-json\/wp\/v2\/media?parent=67734"}],"wp:term":[{"taxonomy":"category","embeddable":true,"href":"https:\/\/edublog.educastur.es\/ixuxu\/wp-json\/wp\/v2\/categories?post=67734"},{"taxonomy":"post_tag","embeddable":true,"href":"https:\/\/edublog.educastur.es\/ixuxu\/wp-json\/wp\/v2\/tags?post=67734"}],"curies":[{"name":"wp","href":"https:\/\/api.w.org\/{rel}","templated":true}]}}