{"id":67736,"date":"2026-02-09T14:58:42","date_gmt":"2026-02-09T12:58:42","guid":{"rendered":"https:\/\/edublog.educastur.es\/ixuxu\/?p=67736"},"modified":"2026-02-09T14:59:25","modified_gmt":"2026-02-09T12:59:25","slug":"ruben-bada-llanza-los-videoclips-en-directo","status":"publish","type":"post","link":"https:\/\/edublog.educastur.es\/ixuxu\/2026\/02\/ruben-bada-llanza-los-videoclips-en-directo\/","title":{"rendered":"Rub\u00e9n Bada llanza los videoclips en directo"},"content":{"rendered":"<p style=\"text-align: center\"><a href=\"https:\/\/musicasturiana.com\/wp-content\/uploads\/2026\/02\/bada-sesiones-delicuescentes-719x1024.jpg\"><img loading=\"lazy\" decoding=\"async\" class=\"aligncenter \" src=\"https:\/\/musicasturiana.com\/wp-content\/uploads\/2026\/02\/bada-sesiones-delicuescentes-719x1024.jpg\" width=\"517\" height=\"736\" \/><\/a><\/p>\n<div class=\"elementor-element elementor-element-667e3c7 elementor-widget__width-inherit elementor-widget elementor-widget-theme-post-title elementor-page-title elementor-widget-heading\" data-id=\"667e3c7\" data-element_type=\"widget\" data-e-type=\"widget\" data-widget_type=\"theme-post-title.default\">\n<div class=\"elementor-widget-container\">\n<p class=\"elementor-heading-title elementor-size-default\">Rub\u00e9n Bada llanza los videoclips en directo de \u2018El Veleta\u2019 y \u2018Angel\u00edn nos Ozcos\u2019. El reput\u00e1u multiinstrumentista publica en formatu audiovisual un tema instrumental y otru vocal enantes del so conciertu n&#8217;Uvi\u00e9u. <a href=\"https:\/\/musicasturiana.com\/ruben-bada-llanza-los-videoclips-en-directo-de-el-veleta-y-angelin-nos-ozcos\/\">Musicasturiana.com<\/a><\/p>\n<\/div>\n<\/div>\n<p><!--more--><\/p>\n<p>El multiinstrumentista<strong>\u00a0Rub\u00e9n Bada<\/strong>\u00a0sigue dando novedaes rellacionaes col so\u00a0<a href=\"https:\/\/musicasturiana.com\/producto\/ruben-bada-cd-ruben-bada\/\"><strong>primer \u00e1lbum en solitario<\/strong><\/a>\u00a0qu\u2019asoley\u00f3\u2019l setiembre pas\u00e1u. El reput\u00e1u m\u00fasicu ta acabante d\u2019estrenar en YouTube\u2019l videu de \u2018<a href=\"https:\/\/youtu.be\/nrcOKs_6sg4?si=KnwwcFJmqBC83FkB\" target=\"_blank\" rel=\"noopener\"><strong>El Veleta<\/strong><\/a>\u2018, dempu\u00e9s de qu\u2019hai un par de selmanes llanzara\u2019l de \u2018<a href=\"https:\/\/youtu.be\/8A6GNGqJM6s?si=nhkWrXTmxRR9eRN5\" target=\"_blank\" rel=\"noreferrer noopener\"><strong>Angel\u00edn nos Ozcos (Muli\u00f1eira<\/strong>)<\/a>\u2018. Estes pieces tr\u00e1tense d\u2019una serie d\u2019<strong>interpretaciones en vivo<\/strong>\u00a0de temes del so trabayu \u00faltimu y t\u00e1n realizaes por<strong>\u00a0Javi Lueje<\/strong>\u00a0y\u00a0<strong>Rub\u00e9n Arena<\/strong>.<\/p>\n<p style=\"text-align: center\">\n<!-- iframe plugin v.6.0 wordpress.org\/plugins\/iframe\/ -->\n<iframe loading=\"lazy\" width=\"627\" height=\"353\" src=\"https:\/\/www.youtube.com\/embed\/nrcOKs_6sg4\" title=\"Rub\u00e9n Bada, EL VELETA\" frameborder=\"0\" allow=\"accelerometer; autoplay; clipboard-write; encrypted-media; gyroscope; picture-in-picture; web-share\" referrerpolicy=\"strict-origin-when-cross-origin\" 0=\"allowfullscreen\" 1=\"\/iframe\" scrolling=\"yes\" class=\"iframe-class\"><\/iframe>\n<\/p>\n<p>\u00abAngel\u00edn yera un\u00a0<strong>gaiteiru de la zona d\u2019Ozcos<\/strong>\u00a0qu\u2019emigrara a trabayar pa les mines de Cangas. Por eso la muli\u00f1eira que tocaba suel conocese como\u00a0<strong>\u2018mu\u00f1eira de Rengos\u2019<\/strong>. La segunda pieza deprend\u00edla del vigul\u00edn de\u00a0<strong>Guzm\u00e1n Marqu\u00e9s y El\u00edas Garc\u00eda<\/strong>\u00ab, desplic\u00f3 Bada pa contestualizar la primer de les obres audiovisuales qu\u2019acompa\u00f1en a temes del so discu. Pa la segunda escoy\u00f3 un tema vocal, \u2018El Veleta\u2019, que define como<strong>\u00a0\u00abun cantar de chigre perpopular\u00a0<\/strong>nel centru d\u2019Asturies\u00bb.<\/p>\n<p style=\"text-align: center\">\n<!-- iframe plugin v.6.0 wordpress.org\/plugins\/iframe\/ -->\n<iframe loading=\"lazy\" width=\"627\" height=\"353\" src=\"https:\/\/www.youtube.com\/embed\/8A6GNGqJM6s\" title=\"Rub\u00e9n Bada, ANGEL\u00cdN NOS OZCOS (MULI\u00d1EIRA)\" frameborder=\"0\" allow=\"accelerometer; autoplay; clipboard-write; encrypted-media; gyroscope; picture-in-picture; web-share\" referrerpolicy=\"strict-origin-when-cross-origin\" 0=\"allowfullscreen\" 1=\"\/iframe\" scrolling=\"yes\" class=\"iframe-class\"><\/iframe>\n<\/p>\n<p>El guitarrista contin\u00faa am\u00e1s esti fin de selmana la so\u00a0<strong>xira\u00a0<\/strong>que y\u00e1 lu llev\u00f3 per<strong>\u00a0Grau, Xix\u00f3n, Uvi\u00e9u, Teberga<\/strong>\u00a0y el prestixosu festival\u00a0<strong>Celtic Connections\u00a0<\/strong>de Glasgow.<\/p>\n","protected":false},"excerpt":{"rendered":"<p>Rub\u00e9n Bada llanza los videoclips en directo de \u2018El Veleta\u2019 y \u2018Angel\u00edn nos Ozcos\u2019. El reput\u00e1u multiinstrumentista publica en formatu audiovisual un tema instrumental y otru vocal enantes del so conciertu n&#8217;Uvi\u00e9u. Musicasturiana.com<\/p>\n","protected":false},"author":117,"featured_media":0,"comment_status":"closed","ping_status":"closed","sticky":false,"template":"","format":"standard","meta":{"footnotes":""},"categories":[35,125],"tags":[],"class_list":["post-67736","post","type-post","status-publish","format-standard","hentry","category-musica","category-musicasturiana-com"],"_links":{"self":[{"href":"https:\/\/edublog.educastur.es\/ixuxu\/wp-json\/wp\/v2\/posts\/67736","targetHints":{"allow":["GET"]}}],"collection":[{"href":"https:\/\/edublog.educastur.es\/ixuxu\/wp-json\/wp\/v2\/posts"}],"about":[{"href":"https:\/\/edublog.educastur.es\/ixuxu\/wp-json\/wp\/v2\/types\/post"}],"author":[{"embeddable":true,"href":"https:\/\/edublog.educastur.es\/ixuxu\/wp-json\/wp\/v2\/users\/117"}],"replies":[{"embeddable":true,"href":"https:\/\/edublog.educastur.es\/ixuxu\/wp-json\/wp\/v2\/comments?post=67736"}],"version-history":[{"count":2,"href":"https:\/\/edublog.educastur.es\/ixuxu\/wp-json\/wp\/v2\/posts\/67736\/revisions"}],"predecessor-version":[{"id":67738,"href":"https:\/\/edublog.educastur.es\/ixuxu\/wp-json\/wp\/v2\/posts\/67736\/revisions\/67738"}],"wp:attachment":[{"href":"https:\/\/edublog.educastur.es\/ixuxu\/wp-json\/wp\/v2\/media?parent=67736"}],"wp:term":[{"taxonomy":"category","embeddable":true,"href":"https:\/\/edublog.educastur.es\/ixuxu\/wp-json\/wp\/v2\/categories?post=67736"},{"taxonomy":"post_tag","embeddable":true,"href":"https:\/\/edublog.educastur.es\/ixuxu\/wp-json\/wp\/v2\/tags?post=67736"}],"curies":[{"name":"wp","href":"https:\/\/api.w.org\/{rel}","templated":true}]}}