{"id":67748,"date":"2026-02-09T12:30:46","date_gmt":"2026-02-09T10:30:46","guid":{"rendered":"https:\/\/edublog.educastur.es\/ixuxu\/?p=67748"},"modified":"2026-02-13T19:00:19","modified_gmt":"2026-02-13T17:00:19","slug":"calendariu-cientificu-escolar-2026-del-csic","status":"publish","type":"post","link":"https:\/\/edublog.educastur.es\/ixuxu\/2026\/02\/calendariu-cientificu-escolar-2026-del-csic\/","title":{"rendered":"Calendariu Cient\u00edficu Escolar 2026 del CSIC"},"content":{"rendered":"<div class=\"html-div xdj266r x14z9mp xat24cr x1lziwak xexx8yu x1a8lsjc xf7dkkf xv54qhq\">\n<div class=\"html-div xdj266r x14z9mp xat24cr x1lziwak xexx8yu xyri2b x18d9i69 x1c1uobl x1jx94hy x78zum5 x1q0g3np\">\n<div class=\"x78zum5 xdt5ytf xz62fqu x16ldp7u\">\n<div class=\"xu06os2 x1ok221b\">\n<div class=\"html-div xdj266r x14z9mp xat24cr x1lziwak xexx8yu xyri2b x18d9i69 x1c1uobl\" data-ad-rendering-role=\"profile_name\">\n<h3 class=\"html-h3 x14z9mp xat24cr x1lziwak xexx8yu xyri2b x18d9i69 x1c1uobl x1vvkbs x1heor9g x1qlqyl8 x1pd3egz x1a2a7pz x1gslohp x1yc453h\" style=\"text-align: center\"><span class=\"x1lliihq x6ikm8r x10wlt62 x1n2onr6\"><a href=\"https:\/\/mujeresconciencia.com\/app\/uploads\/2026\/01\/cce2026-768x544.jpg\"><img loading=\"lazy\" decoding=\"async\" class=\"aligncenter size-large\" src=\"https:\/\/mujeresconciencia.com\/app\/uploads\/2026\/01\/cce2026-768x544.jpg\" width=\"768\" height=\"544\" \/><\/a><\/span><\/h3>\n<\/div>\n<\/div>\n<div class=\"xu06os2 x1ok221b\">\n<div class=\"html-div xdj266r x14z9mp xat24cr x1lziwak xexx8yu xyri2b x18d9i69 x1c1uobl x6s0dn4 x17zd0t2 x78zum5 x1q0g3np x1a02dak\"><span class=\"html-span xexx8yu xyri2b x18d9i69 x1c1uobl x1hl2dhg x16tdsg8 x1vvkbs x3nfvp2 x1j61x8r x1fcty0u xdj266r xat24cr xm2jcoa x1mpyi22 xxymvpz xlup9mm x1kky2od\"><img loading=\"lazy\" decoding=\"async\" class=\"xz74otr x15mokao x1ga7v0g x16uus16 xbiv7yw\" src=\"https:\/\/static.xx.fbcdn.net\/images\/emoji.php\/v9\/t5c\/1\/16\/1f5d3.png\" alt=\"\ud83d\uddd3\ufe0f\" width=\"16\" height=\"16\" \/><\/span>L\u2019<span class=\"x1lliihq x6ikm8r x10wlt62 x1n2onr6\"><span class=\"xt0psk2\"><a class=\"x1i10hfl xjbqb8w x1ejq31n x18oe1m7 x1sy0etr xstzfhl x972fbf x10w94by x1qhh985 x14e42zd x9f619 x1ypdohk xt0psk2 x3ct3a4 xdj266r x14z9mp xat24cr x1lziwak xexx8yu xyri2b x18d9i69 x1c1uobl x16tdsg8 x1hl2dhg xggy1nq x1a2a7pz xkrqix3 x1sur9pj xzsf02u x1s688f\" role=\"link\" href=\"https:\/\/www.facebook.com\/AcademiadelaLlinguaAsturiana?__cft__[0]=AZbFex43bkUUraTzScNkY1FpOD82a4GnrEjzsl81bvfJtAQO99OkEtBCbWDTBfM1A01BgLotFQgjItpmY-_UAgBRuyQvgl6_iLnSJR9D1bxRCoVcCIG3DuNTJQO2jK5g0RoccAoa9pGl6vylHOiEB1rTeF7Cy8dnQcdO66ScpKmKkfirZalSf_VVb79VuD0yxCet28ogvq8cvl0JOT7lSPW3&amp;__tn__=-UC%2CP-y-R\"><b class=\"html-b xdj266r x14z9mp xat24cr x1lziwak xexx8yu xyri2b x18d9i69 x1c1uobl x1hl2dhg x16tdsg8 x1vvkbs x1s688f\"><span class=\"html-span xdj266r x14z9mp xat24cr x1lziwak xexx8yu xyri2b x18d9i69 x1c1uobl x1hl2dhg x16tdsg8 x1vvkbs\">Academia de la Llingua Asturiana <\/span><\/b><\/a><\/span><\/span>collabora, un a\u00f1u m\u00e1s, col <a href=\"https:\/\/digital.csic.es\/bitstream\/10261\/411091\/5\/Asturianu.zip\"><strong><span style=\"color: #008080\">Calendariu Cient\u00edficu Escolar 2026 del CSIC<\/span><\/strong><\/a>, una ferramienta educativa de baldre que recueye 365 efem\u00e9rides cient\u00edfiques y teunol\u00f3xiques (una por d\u00eda) pal alumn\u00e1u de primaria y secundaria. Pues descargar equ\u00ed la versi\u00f3n n\u2019asturianu: <span class=\"html-span xdj266r x14z9mp xat24cr x1lziwak xexx8yu xyri2b x18d9i69 x1c1uobl x1hl2dhg x16tdsg8 x1vvkbs\"><a class=\"x1i10hfl xjbqb8w x1ejq31n x18oe1m7 x1sy0etr xstzfhl x972fbf x10w94by x1qhh985 x14e42zd x9f619 x1ypdohk xt0psk2 x3ct3a4 xdj266r x14z9mp xat24cr x1lziwak xexx8yu xyri2b x18d9i69 x1c1uobl x16tdsg8 x1hl2dhg xggy1nq x1a2a7pz xkrqix3 x1sur9pj x1fey0fg x1s688f\" role=\"link\" href=\"https:\/\/cutt.ly\/ttb73oPa?fbclid=IwZXh0bgNhZW0CMTAAYnJpZBExNEFuZjgyU2toNlROMTVyV3NydGMGYXBwX2lkEDIyMjAzOTE3ODgyMDA4OTIAAR4UrggU3MgZkaNdMZNRp8vs6bLukW4V8-RjuYU4VecB5VhxQqtI8-ahtEl5rw_aem_GaIybGwi8oeXE08I8WggUw\" target=\"_blank\" rel=\"nofollow noopener noreferrer\">https:\/\/cutt.ly\/ttb73oPa <\/a><\/span>Per s\u00e9ptimu a\u00f1u consecutivu vuelve\u2019l proyectu Calendariu Cient\u00edficu Escolar impuls\u00e1u pol\u00a0<a href=\"http:\/\/www.igm.ule-csic.es\/\" target=\"_blank\" rel=\"noopener noreferrer\">Instituto de Ganader\u00eda de Monta\u00f1a del CSIC<\/a>\u00a0(IGM).\u00a0<a href=\"https:\/\/drive.google.com\/file\/d\/1ha_rj8KoU2DXZQ8RQQRUL7iAza4HxNZ0\/view\" target=\"_blank\" rel=\"noopener\">Desc\u00e1rgase xunto col calendario<\/a>) la gu\u00eda.\u00a0<a href=\"https:\/\/edublog.educastur.es\/ixuxu\/2026\/01\/calendariu-cientificu-escolar-2026\/#more-66653\"><strong> Entrada IXUXU<\/strong><\/a><\/div>\n<div><!--more--><\/div>\n<div><\/div>\n<div>\u00a0<strong>Empobin\u00e1u al alumn\u00e1u d\u2019educaci\u00f3n primaria<\/strong>\u00a0y secundaria obligatoria, esti calendariu incl\u00fai acald\u00eda un aniversariu rellacion\u00e1u cola ciencia o la tecnolox\u00eda.\u00a0<a href=\"https:\/\/eventociencia.es\/calendario-cientifico-escolar\/\" target=\"_blank\" rel=\"noopener\">Calendario cient\u00edfico escolar 2026<\/a>\u00a0(en varios idiomes) y actividaes complementaries para descargar.\u00a0<a href=\"https:\/\/drive.google.com\/file\/d\/1fXtIPqW2iP4Q2nkcZQCKu7e7nnxDNMZw\/view\"><strong>ASTURIANU<\/strong><\/a>.\u00a0<a href=\"https:\/\/www.csic.es\/es\/actualidad-del-csic\/ya-se-puede-descargar-el-calendario-cientifico-escolar-2026\" target=\"_blank\" rel=\"noopener\">Nota de prensa<\/a>, CSIC. Edici\u00f3n realizada por\u00a0<a href=\"http:\/\/www.ehu.eus\/~mtwmastm\/\" target=\"_blank\" rel=\"noopener noreferrer\">Marta Macho Stadler<\/a><\/div>\n<\/div>\n<\/div>\n<\/div>\n<\/div>\n<p>&nbsp;<\/p>\n","protected":false},"excerpt":{"rendered":"<p>L\u2019Academia de la Llingua Asturiana collabora, un a\u00f1u m\u00e1s, col Calendariu Cient\u00edficu Escolar 2026 del CSIC, una ferramienta educativa de baldre que recueye 365 efem\u00e9rides cient\u00edfiques y teunol\u00f3xiques (una por d\u00eda) pal alumn\u00e1u de primaria y secundaria. Pues descargar equ\u00ed la versi\u00f3n n\u2019asturianu: https:\/\/cutt.ly\/ttb73oPa Per s\u00e9ptimu a\u00f1u consecutivu vuelve\u2019l proyectu Calendariu Cient\u00edficu Escolar impuls\u00e1u pol\u00a0Instituto [&hellip;]<\/p>\n","protected":false},"author":117,"featured_media":0,"comment_status":"closed","ping_status":"closed","sticky":false,"template":"","format":"standard","meta":{"footnotes":""},"categories":[65,73,45],"tags":[],"class_list":["post-67748","post","type-post","status-publish","format-standard","hentry","category-alla","category-calendariu","category-ciencia"],"_links":{"self":[{"href":"https:\/\/edublog.educastur.es\/ixuxu\/wp-json\/wp\/v2\/posts\/67748","targetHints":{"allow":["GET"]}}],"collection":[{"href":"https:\/\/edublog.educastur.es\/ixuxu\/wp-json\/wp\/v2\/posts"}],"about":[{"href":"https:\/\/edublog.educastur.es\/ixuxu\/wp-json\/wp\/v2\/types\/post"}],"author":[{"embeddable":true,"href":"https:\/\/edublog.educastur.es\/ixuxu\/wp-json\/wp\/v2\/users\/117"}],"replies":[{"embeddable":true,"href":"https:\/\/edublog.educastur.es\/ixuxu\/wp-json\/wp\/v2\/comments?post=67748"}],"version-history":[{"count":2,"href":"https:\/\/edublog.educastur.es\/ixuxu\/wp-json\/wp\/v2\/posts\/67748\/revisions"}],"predecessor-version":[{"id":67907,"href":"https:\/\/edublog.educastur.es\/ixuxu\/wp-json\/wp\/v2\/posts\/67748\/revisions\/67907"}],"wp:attachment":[{"href":"https:\/\/edublog.educastur.es\/ixuxu\/wp-json\/wp\/v2\/media?parent=67748"}],"wp:term":[{"taxonomy":"category","embeddable":true,"href":"https:\/\/edublog.educastur.es\/ixuxu\/wp-json\/wp\/v2\/categories?post=67748"},{"taxonomy":"post_tag","embeddable":true,"href":"https:\/\/edublog.educastur.es\/ixuxu\/wp-json\/wp\/v2\/tags?post=67748"}],"curies":[{"name":"wp","href":"https:\/\/api.w.org\/{rel}","templated":true}]}}