{"id":67769,"date":"2026-02-10T08:30:56","date_gmt":"2026-02-10T06:30:56","guid":{"rendered":"https:\/\/edublog.educastur.es\/ixuxu\/?p=67769"},"modified":"2026-02-10T09:57:40","modified_gmt":"2026-02-10T07:57:40","slug":"el-tiempu-el-comercio-259","status":"publish","type":"post","link":"https:\/\/edublog.educastur.es\/ixuxu\/2026\/02\/el-tiempu-el-comercio-259\/","title":{"rendered":"El tiempu (El Comercio)"},"content":{"rendered":"<p style=\"text-align: center\"><a href=\"https:\/\/s2.ppllstatics.com\/elcomercio\/www\/multimedia\/2026\/02\/09\/prevision-tiempo-asturias-k1eE-U2302588077118HVD-1200x870@El%20Comercio.jpg\"><img loading=\"lazy\" decoding=\"async\" class=\"aligncenter size-large\" src=\"https:\/\/s2.ppllstatics.com\/elcomercio\/www\/multimedia\/2026\/02\/09\/prevision-tiempo-asturias-k1eE-U2302588077118HVD-1200x870@El%20Comercio.jpg\" width=\"1200\" height=\"870\" \/><\/a><\/p>\n<p>Esperamos una xornada pa nada iverniza tocantes a les temperatures. <strong>Les m\u00e1ximes<\/strong> van xubir en tol Princip\u00e1u. Na met\u00e1 occidental van xubir hasta 2 o 3 \u00baC respectu al llunes y na met\u00e1 oriental prevese un ascensu d&#8217;hasta 5 o 6 \u00baC.<strong> Les m\u00ednimes<\/strong> tami\u00e9n van xubir de forma xeneralizada hasta 5 \u00baC m\u00e1s. Con \u00e9ses <strong>vamos amanecer<\/strong> con temperatures percima de los 14 o 15 \u00baC na mayor\u00eda de poblaciones asturianes. Estes temperatures van xubir col intre de les hores hasta algamar, ya inclusive poder llegar a superar, los 20 \u00baC mientres la parte central del martes.<\/p>\n<p><!--more--><\/p>\n<p>El centru y l&#8217;oriente asturianu van ser onde se rexistren les m\u00e1ximes m\u00e1s altes. <strong>Los vientos<\/strong> van soplar de suroeste moderaos con posibilid\u00e1 de raches localmente fuertes en zones elevaes del occidente y tami\u00e9n nel cordal. En cuanto al <strong>est\u00e1u de los cielos<\/strong>, prevese nubosidad polo xeneral anque con momentos tami\u00e9n de delles escamplaes. <strong>Les nubes<\/strong> van dexar bastios irregularmente part\u00edos que podr\u00eden ser localmente significativos, sobremanera nel suroccidente asturianu. <strong>La cota de nieve<\/strong> va tar percima de los 2200 metros d&#8217;altor.<\/p>\n<p><strong> El mi\u00e9rcoles<\/strong> va ser un d\u00eda marc\u00e1u polos fuertes vientos que van activar los avisos meteorol\u00f3xicos na mari\u00f1a, nel suroccidente y cordal. A m\u00e1s llargu plazu, lo m\u00e1s destacao va ser la posibilid\u00e1 de ver nieve a partir de los 700 o 800 metros para&#8217;l vienres y el s\u00e1badu.<\/p>\n","protected":false},"excerpt":{"rendered":"<p>Esperamos una xornada pa nada iverniza tocantes a les temperatures. Les m\u00e1ximes van xubir en tol Princip\u00e1u. Na met\u00e1 occidental van xubir hasta 2 o 3 \u00baC respectu al llunes y na met\u00e1 oriental prevese un ascensu d&#8217;hasta 5 o 6 \u00baC. Les m\u00ednimes tami\u00e9n van xubir de forma xeneralizada hasta 5 \u00baC m\u00e1s. Con [&hellip;]<\/p>\n","protected":false},"author":117,"featured_media":0,"comment_status":"closed","ping_status":"closed","sticky":false,"template":"","format":"standard","meta":{"footnotes":""},"categories":[5],"tags":[],"class_list":["post-67769","post","type-post","status-publish","format-standard","hentry","category-tiempu"],"_links":{"self":[{"href":"https:\/\/edublog.educastur.es\/ixuxu\/wp-json\/wp\/v2\/posts\/67769","targetHints":{"allow":["GET"]}}],"collection":[{"href":"https:\/\/edublog.educastur.es\/ixuxu\/wp-json\/wp\/v2\/posts"}],"about":[{"href":"https:\/\/edublog.educastur.es\/ixuxu\/wp-json\/wp\/v2\/types\/post"}],"author":[{"embeddable":true,"href":"https:\/\/edublog.educastur.es\/ixuxu\/wp-json\/wp\/v2\/users\/117"}],"replies":[{"embeddable":true,"href":"https:\/\/edublog.educastur.es\/ixuxu\/wp-json\/wp\/v2\/comments?post=67769"}],"version-history":[{"count":1,"href":"https:\/\/edublog.educastur.es\/ixuxu\/wp-json\/wp\/v2\/posts\/67769\/revisions"}],"predecessor-version":[{"id":67770,"href":"https:\/\/edublog.educastur.es\/ixuxu\/wp-json\/wp\/v2\/posts\/67769\/revisions\/67770"}],"wp:attachment":[{"href":"https:\/\/edublog.educastur.es\/ixuxu\/wp-json\/wp\/v2\/media?parent=67769"}],"wp:term":[{"taxonomy":"category","embeddable":true,"href":"https:\/\/edublog.educastur.es\/ixuxu\/wp-json\/wp\/v2\/categories?post=67769"},{"taxonomy":"post_tag","embeddable":true,"href":"https:\/\/edublog.educastur.es\/ixuxu\/wp-json\/wp\/v2\/tags?post=67769"}],"curies":[{"name":"wp","href":"https:\/\/api.w.org\/{rel}","templated":true}]}}