{"id":681,"date":"2020-03-22T09:12:55","date_gmt":"2020-03-22T09:12:55","guid":{"rendered":"https:\/\/edublog.educastur.es\/ixuxu\/?p=681"},"modified":"2020-08-24T22:19:40","modified_gmt":"2020-08-24T22:19:40","slug":"entama-la-primavera","status":"publish","type":"post","link":"https:\/\/edublog.educastur.es\/ixuxu\/2020\/03\/entama-la-primavera\/","title":{"rendered":"Entama la primavera"},"content":{"rendered":"<div class=\"entry\">\n<p>\u00a0<img loading=\"lazy\" decoding=\"async\" class=\"\" src=\"https:\/\/cdn-news.clima.com\/images\/2018\/03\/emotion-2161626_12801.jpg\" width=\"488\" height=\"326\" \/><\/p>\n<p><strong><em>G\u00fcei entama la primavera. <\/em><\/strong>Vamos cellebralo con esti poema d\u00b4<strong><em>Aurelio Gonz\u00e1lez Ovies<\/em><\/strong>, <a href=\"https:\/\/www.youtube.com\/watch?v=QGwPm4249AY&amp;feature=emb_title\" target=\"_blank\" rel=\"noopener noreferrer\">Voz de <u><em>Mar\u00eda Garc\u00eda Esper\u00f3n<\/em><\/u>.\u00a0<\/a>M\u00fasica: Yanni <a href=\"https:\/\/www.youtube.com\/watch?v=Y_MFpBDXCyY\">(Marching Season)<\/a><\/p>\n\n<!-- iframe plugin v.6.0 wordpress.org\/plugins\/iframe\/ -->\n<iframe loading=\"lazy\" width=\"588\" height=\"331\" src=\"https:\/\/www.youtube.com\/embed\/QGwPm4249AY\" scrolling=\"yes\" class=\"iframe-class\" frameborder=\"0\"><\/iframe>\n\n<p><span style=\"font-size: 20px\"><em>En bicicleta llega<\/em><\/span><br \/>\n<span style=\"font-size: 20px\"><em>la primavera<\/em><\/span><br \/>\n<span style=\"font-size: 20px\"><em>y trae un mandil\u00f3n<\/em><\/span><br \/>\n<span style=\"font-size: 20px\"><em>y una pamela.<br \/>\n<\/em><\/span><br \/>\n<span style=\"font-size: 20px\"><em>Azul el canes\u00fa<\/em><\/span><br \/>\n<span style=\"font-size: 20px\"><em>como los lirios,<\/em><\/span><br \/>\n<span style=\"font-size: 20px\"><em>y los bolsillos rojos<\/em><\/span><br \/>\n<span style=\"font-size: 20px\"><em>como las fresas.<br \/>\n<\/em><\/span><br \/>\n<span style=\"font-size: 20px\"><em>En la pamela tiene<\/em><\/span><br \/>\n<span style=\"font-size: 20px\"><em>un lazo y una cinta,<\/em><\/span><br \/>\n<span style=\"font-size: 20px\"><em>amarillo con blanco<\/em><\/span><br \/>\n<span style=\"font-size: 20px\"><em>de margarita.<br \/>\n<\/em><\/span><br \/>\n<span style=\"font-size: 20px\"><em>En bicicleta viene<\/em><\/span><br \/>\n<span style=\"font-size: 20px\"><em>la primavera<\/em><\/span><br \/>\n<span style=\"font-size: 20px\"><em>y su bici es tan verde<\/em><\/span><br \/>\n<span style=\"font-size: 20px\"><em>como la hierba.<br \/>\n<\/em><\/span><br \/>\n<span style=\"font-size: 20px\"><em>Como los girasoles<\/em><\/span><br \/>\n<span style=\"font-size: 20px\"><em>son las dos ruedas<\/em><\/span><br \/>\n<span style=\"font-size: 20px\"><em>y por donde ella pasa<\/em><\/span><br \/>\n<span style=\"font-size: 20px\"><em>saldr\u00e1n violetas.<\/em><\/span><br \/>\n<span style=\"font-size: 20px\"><em><br \/>\n<\/em><\/span><\/p>\n<p><!--more--><\/p>\n<p><strong><br \/>\n<\/strong><a href=\"https:\/\/youtu.be\/l4Ad6pZ8vEQ\" target=\"_blank\" rel=\"noopener noreferrer\">\u00a0<\/a><a href=\"https:\/\/youtu.be\/l4Ad6pZ8vEQ\" target=\"_blank\" rel=\"noopener noreferrer\">Musicograma La Primavera. \u00a0<\/a>M\u00fasica Cl\u00e1sica para ni\u00f1os. Twitter: <a href=\"https:\/\/www.youtube.com\/redirect?q=https%3A%2F%2Ftwitter.com%2FMusi_Landia&amp;redir_token=Bq13L8__geA_eSzRxEQjFZtvSnl8MTU4ODAwNTg0NUAxNTg3OTE5NDQ1&amp;event=video_description&amp;v=l4Ad6pZ8vEQ\" target=\"_blank\" rel=\"nofollow noopener noreferrer\">https:\/\/twitter.com\/Musi_Landia<\/a><\/p>\n\n<!-- iframe plugin v.6.0 wordpress.org\/plugins\/iframe\/ -->\n<iframe loading=\"lazy\" width=\"588\" height=\"331\" src=\"https:\/\/www.youtube.com\/embed\/l4Ad6pZ8vEQ\" scrolling=\"yes\" class=\"iframe-class\" frameborder=\"0\"><\/iframe>\n\n<div class=\"entry\">\n<p>L\u00b4estaci\u00f3n de <strong><em>primavera<\/em><\/strong>, que durar\u00e1 92 d\u00edes. Ver <a href=\"https:\/\/www.youtube.com\/watch?v=8mP13R18xs4\" target=\"_blank\" rel=\"noopener noreferrer\">v\u00eddeu + lletra de<strong><em> Pop Piqui\u00f1\u00edn<\/em><\/strong><\/a><\/p>\n<h3><a href=\"https:\/\/www.youtube.com\/watch?v=8mP13R18xs4\" target=\"_blank\" rel=\"noopener noreferrer\">\u201cEsti iviernu ta al rev\u00e9s\u201d.<\/a><\/h3>\n\n<!-- iframe plugin v.6.0 wordpress.org\/plugins\/iframe\/ -->\n<iframe loading=\"lazy\" width=\"588\" height=\"331\" src=\"https:\/\/www.youtube.com\/embed\/8mP13R18xs4\" scrolling=\"yes\" class=\"iframe-class\" frameborder=\"0\"><\/iframe>\n\n<p>Ver <a href=\"https:\/\/www.youtube.com\/watch?v=m4pMHfnNClA\" target=\"_blank\" rel=\"noopener noreferrer\"><em><strong>\u201cAsturias en todas las estaciones\u201d<\/strong> (Youtube)<\/em><\/a><\/p>\n\n<!-- iframe plugin v.6.0 wordpress.org\/plugins\/iframe\/ -->\n<iframe loading=\"lazy\" width=\"588\" height=\"331\" src=\"https:\/\/www.youtube.com\/embed\/m4pMHfnNClA\" scrolling=\"yes\" class=\"iframe-class\" frameborder=\"0\"><\/iframe>\n\n<\/div>\n<\/div>\n","protected":false},"excerpt":{"rendered":"<p>\u00a0 G\u00fcei entama la primavera. Vamos cellebralo con esti poema d\u00b4Aurelio Gonz\u00e1lez Ovies, Voz de Mar\u00eda Garc\u00eda Esper\u00f3n.\u00a0M\u00fasica: Yanni (Marching Season) En bicicleta llega la primavera y trae un mandil\u00f3n y una pamela. Azul el canes\u00fa como los lirios, y los bolsillos rojos como las fresas. En la pamela tiene un lazo y una cinta, [&hellip;]<\/p>\n","protected":false},"author":117,"featured_media":0,"comment_status":"closed","ping_status":"open","sticky":false,"template":"","format":"standard","meta":{"footnotes":""},"categories":[46],"tags":[],"class_list":["post-681","post","type-post","status-publish","format-standard","hentry","category-estaciones"],"_links":{"self":[{"href":"https:\/\/edublog.educastur.es\/ixuxu\/wp-json\/wp\/v2\/posts\/681","targetHints":{"allow":["GET"]}}],"collection":[{"href":"https:\/\/edublog.educastur.es\/ixuxu\/wp-json\/wp\/v2\/posts"}],"about":[{"href":"https:\/\/edublog.educastur.es\/ixuxu\/wp-json\/wp\/v2\/types\/post"}],"author":[{"embeddable":true,"href":"https:\/\/edublog.educastur.es\/ixuxu\/wp-json\/wp\/v2\/users\/117"}],"replies":[{"embeddable":true,"href":"https:\/\/edublog.educastur.es\/ixuxu\/wp-json\/wp\/v2\/comments?post=681"}],"version-history":[{"count":3,"href":"https:\/\/edublog.educastur.es\/ixuxu\/wp-json\/wp\/v2\/posts\/681\/revisions"}],"predecessor-version":[{"id":687,"href":"https:\/\/edublog.educastur.es\/ixuxu\/wp-json\/wp\/v2\/posts\/681\/revisions\/687"}],"wp:attachment":[{"href":"https:\/\/edublog.educastur.es\/ixuxu\/wp-json\/wp\/v2\/media?parent=681"}],"wp:term":[{"taxonomy":"category","embeddable":true,"href":"https:\/\/edublog.educastur.es\/ixuxu\/wp-json\/wp\/v2\/categories?post=681"},{"taxonomy":"post_tag","embeddable":true,"href":"https:\/\/edublog.educastur.es\/ixuxu\/wp-json\/wp\/v2\/tags?post=681"}],"curies":[{"name":"wp","href":"https:\/\/api.w.org\/{rel}","templated":true}]}}