{"id":68123,"date":"2026-02-18T13:23:58","date_gmt":"2026-02-18T11:23:58","guid":{"rendered":"https:\/\/edublog.educastur.es\/ixuxu\/?p=68123"},"modified":"2026-02-18T13:23:58","modified_gmt":"2026-02-18T11:23:58","slug":"les-10-semeyes-del-anu-premiaes-polos-sony-world-photography-awards","status":"publish","type":"post","link":"https:\/\/edublog.educastur.es\/ixuxu\/2026\/02\/les-10-semeyes-del-anu-premiaes-polos-sony-world-photography-awards\/","title":{"rendered":"Les 10 semeyes del a\u00f1u premiaes polos Sony World Photography Awards"},"content":{"rendered":"<p><a href=\"https:\/\/www.nationalgeographic.com.es\/fotografia\/10-fotos-ano-premiadas-por-sony-world-photography-awards_27551\">National Geographic<\/a> \/ Les 10 semeyes del a\u00f1u premiaes polos Sony World Photography Awards. Un fo\u00edn \u00e1rticu, una nueva amiga de la so vaca y otres imaxes qu&#8217;amuesen con qu\u00e9 s&#8217;inspiraron los fot\u00f3grafos de too el mundu en 2025.<\/p>\n<p style=\"text-align: center\"><a href=\"https:\/\/content.nationalgeographic.com.es\/medio\/2026\/02\/17\/el-zorro-artico_00000000_260217122020_1200x800.webp\"><img loading=\"lazy\" decoding=\"async\" class=\"aligncenter size-large\" src=\"https:\/\/content.nationalgeographic.com.es\/medio\/2026\/02\/17\/el-zorro-artico_00000000_260217122020_1200x800.webp\" width=\"1200\" height=\"800\" \/><\/a><\/p>\n<p><!--more--><\/p>\n<p>Per decimonovenu a\u00f1u consecutivu, los Sony World Photography Awards reconocen les meyores fotograf\u00edes del a\u00f1u. <strong>Escoy\u00edes ente m\u00e1s de 430.000 imaxes procedentes de participantes de 200 pa\u00edses distintos<\/strong>, estes son les diez ganadores de les categor\u00edes y agora finalistes del premiu m\u00e1ximu, el Concursu Open.<\/p>\n<p>L&#8217;anunciu y la ceremonia d&#8217;entrega van ser el 16 d&#8217;abril de 2026 en Londres y les imaxes van quedar espuestes dende a otru d\u00eda hasta&#8217;l 4 de mayu de 2026<\/p>\n<p style=\"text-align: center\"><a href=\"https:\/\/content.nationalgeographic.com.es\/medio\/2026\/02\/17\/el-zorro-artico_00000000_260217122020_1200x800.webp\"><img loading=\"lazy\" decoding=\"async\" class=\"aligncenter size-large\" src=\"https:\/\/content.nationalgeographic.com.es\/medio\/2026\/02\/17\/el-zorro-artico_00000000_260217122020_1200x800.webp\" width=\"1200\" height=\"800\" \/><\/a><\/p>\n<p>1 \/ 10\u00a0<strong>El fo\u00edn \u00e1rticu<\/strong> Na categor\u00eda Natural World &amp; Wildlife\u00bb, la semeya ganadora foi la d&#8217;esti fo\u00edn azul del \u00c1rticu (Vulpes lagopus) metanes una ventisca. La pelame escura, qu&#8217;en realid\u00e1 ye m\u00e1s abux\u00e1u qu&#8217;azul, d\u00e9xa-y sobrevivir meyor al fr\u00edu. La semeya foi prindada pol alem\u00e1n Klaus Hellmich na pen\u00ednsula de Varager en Noruega.<\/p>\n<p style=\"text-align: center\"><a href=\"https:\/\/content.nationalgeographic.com.es\/medio\/2026\/02\/17\/la-rutina-de-verano_00000000_260217122550_1200x800.webp\"><img loading=\"lazy\" decoding=\"async\" class=\"alignnone size-large\" src=\"https:\/\/content.nationalgeographic.com.es\/medio\/2026\/02\/17\/la-rutina-de-verano_00000000_260217122550_1200x800.webp\" width=\"1200\" height=\"800\" \/><\/a><\/p>\n<p><strong>2 \/ 10 La rutina de branu<\/strong> Na categor\u00eda \u00abLifestyle\u00bb, la fot\u00f3grafa Vanta Coda foi premiada pola semeya de Charlotte y Dolly, una moza y la so vaca, que fuelguen tranquilamente nuna tarde de branu en Virginia Occidental, Estaos Xun\u00edos. La imaxe tresmite la fonda conex\u00f3n ente dambes, como quien comparten el so d\u00eda davezu.<\/p>\n<p style=\"text-align: center\"><a href=\"https:\/\/content.nationalgeographic.com.es\/medio\/2026\/02\/17\/caos-organizado_00000000_260217123005_1200x800.webp\"><img loading=\"lazy\" decoding=\"async\" class=\"aligncenter size-large\" src=\"https:\/\/content.nationalgeographic.com.es\/medio\/2026\/02\/17\/caos-organizado_00000000_260217123005_1200x800.webp\" width=\"1200\" height=\"800\" \/><\/a><\/p>\n<p><strong>3 \/ 10 Caos entam\u00e1u<\/strong> \u00abAbare\u00bb significa \u00abcaos\u00bb o \u00abpolveru\u00bb. Esactamente eso ye lo que tresmite la fotograf\u00eda de Megumi Murakami, ganadora de la categor\u00eda \u00abTravel\u00bb. El xapon\u00e9s prind\u00f3 xuna fotograf\u00eda nel anim\u00e1u Festival d&#8217;Abare, onde los homes salten al r\u00edu y encienden antorches como parte d&#8217;un ritual de purificaci\u00f3n. El festival tien m\u00e1s de 300 a\u00f1os na rex\u00f3n de Noto.<\/p>\n<p style=\"text-align: center\"><a href=\"https:\/\/content.nationalgeographic.com.es\/medio\/2026\/02\/17\/paisaje-desertico_00000000_260217123531_1200x800.webp\"><img loading=\"lazy\" decoding=\"async\" class=\"aligncenter size-large\" src=\"https:\/\/content.nationalgeographic.com.es\/medio\/2026\/02\/17\/paisaje-desertico_00000000_260217123531_1200x800.webp\" width=\"1200\" height=\"800\" \/><\/a><\/p>\n<p><strong>4 \/ 10 Paisaxe des\u00e9rtico. <\/strong>El fot\u00f3grafu J. Fritz Rumpf lleva a\u00f1os prindando formes y patrones de distintes caracter\u00edstiques. Esta vegada foi galardon\u00e1u por esta composici\u00f3n xeom\u00e9trica na que resalten los colores templaos y amu\u00e9sase el paisaxe del desiertu. La fotograf\u00eda foi prindada nes dunes de Sossusvlei en Namibia y ganadora de la categor\u00eda \u00abLandscape\u00bb.<\/p>\n<p style=\"text-align: center\"><a href=\"https:\/\/content.nationalgeographic.com.es\/medio\/2026\/02\/17\/vulcanologo-autodidacta_00000000_260217123923_1200x1800.webp\"><img loading=\"lazy\" decoding=\"async\" class=\"aligncenter size-large\" src=\"https:\/\/content.nationalgeographic.com.es\/medio\/2026\/02\/17\/vulcanologo-autodidacta_00000000_260217123923_1200x1800.webp\" width=\"1200\" height=\"1800\" \/><\/a><\/p>\n<p><strong>5 \/ 10 Vulcan\u00f3logu autodidacta<\/strong> Philip ye un cient\u00edficu de volcanes autodidacta de reconocencia internacional. La so imaxe tresmite la pasi\u00f3n pola investigaci\u00f3n cient\u00edfica. Na semeya d&#8217;Elle Leontiev (Australia), ganador de la categor\u00eda \u00abPortraiture\u00bb vese descalzu y enriba d&#8217;una bomba de roca volc\u00e1nica na isla de Tanna, Vanuatu.<\/p>\n<p style=\"text-align: center\"><a href=\"https:\/\/content.nationalgeographic.com.es\/medio\/2026\/02\/17\/diferentes-reacciones_00000000_260217124155_1200x800.webp\"><img loading=\"lazy\" decoding=\"async\" class=\"aligncenter size-large\" src=\"https:\/\/content.nationalgeographic.com.es\/medio\/2026\/02\/17\/diferentes-reacciones_00000000_260217124155_1200x800.webp\" width=\"1200\" height=\"800\" \/><\/a><\/p>\n<p><strong>6 \/ 10 Distintes reacciones <\/strong>Nun sabemos qu\u00e9 taba reparando esta familia, pero la fot\u00f3grafa italiana Giulia Pissagroia prind\u00f3&#8217;l momentu esactu en que cada unu de los integrantes d&#8217;esta familia tien xuna espresi\u00f3n distinta na so cara. La fotograf\u00eda ganadora de la categor\u00eda \u00abStreet Photography\u00bb foi prindada en \u00d8rnevegen (Eagle Road), Noruega.<\/p>\n<p style=\"text-align: center\"><a href=\"https:\/\/content.nationalgeographic.com.es\/medio\/2026\/02\/17\/contraste_00000000_260217124457_1200x1600.webp\"><img loading=\"lazy\" decoding=\"async\" class=\"aligncenter size-large\" src=\"https:\/\/content.nationalgeographic.com.es\/medio\/2026\/02\/17\/contraste_00000000_260217124457_1200x1600.webp\" width=\"1200\" height=\"1600\" \/><\/a><\/p>\n<p><strong>7 \/ 10 Contraste<\/strong> A los colores vivos d&#8217;estes dos cases de Ciud\u00e1 del Cabu, en Sur\u00e1frica, a\u00f1edi\u00f3se un coche azul aparc\u00e1u xusto na met\u00e1. El contraste foi prind\u00e1u por Robby Ogilvie (Reinu Un\u00edu), ganador de la categor\u00eda \u00abObject\u00bb.<\/p>\n<p style=\"text-align: center\"><a href=\"https:\/\/content.nationalgeographic.com.es\/medio\/2026\/02\/17\/contaminacion_00000000_260217124804_1200x1600.webp\"><img loading=\"lazy\" decoding=\"async\" class=\"aligncenter size-large\" src=\"https:\/\/content.nationalgeographic.com.es\/medio\/2026\/02\/17\/contaminacion_00000000_260217124804_1200x1600.webp\" width=\"1200\" height=\"1600\" \/><\/a><\/p>\n<p><strong>8 \/ 10\u00a0Contaminaci\u00f3n <\/strong>La fotograf\u00eda ganadora de la categor\u00eda \u00abArchitecture\u00bb correspuende a Markus Naarttij\u00e4rvi, un suecu que tami\u00e9n xug\u00f3 colos contrastes, pero con una intenci\u00f3n distinta. Nesta f\u00e1brica de papel de la localid\u00e1 d&#8217;Obbola resalten les solombres, el formig\u00f3n, les nubes y n&#8217;escura nueche d&#8217;iviernu.<\/p>\n<p style=\"text-align: center\"><a href=\"https:\/\/content.nationalgeographic.com.es\/medio\/2026\/02\/17\/sin-esperanza_00000000_260217125323_1200x1801.webp\"><img loading=\"lazy\" decoding=\"async\" class=\"aligncenter size-large\" src=\"https:\/\/content.nationalgeographic.com.es\/medio\/2026\/02\/17\/sin-esperanza_00000000_260217125323_1200x1801.webp\" width=\"1200\" height=\"1801\" \/><\/a><\/p>\n<p><strong>9 \/ 10 Ensin esperanza<\/strong> Les muyeres n&#8217;Ir\u00e1n movilizarense mientres selmanes contra&#8217;l ayatol\u00e1 Jamenei en 2025 y, como xestu simb\u00f3licu, quit\u00e1ronse&#8217;l velu. Les manifestaciones fueron violentamente reprim\u00edes pol gobiernu. Nesta imaxe ganadora de la categor\u00eda \u00abCreative\u00bb, Siavosh Ejlali homenax\u00f3 la so llucha con una semeya escenificado y el globu de coraz\u00f3n al meyor estilu Banksy.<\/p>\n<p style=\"text-align: center\"><a href=\"https:\/\/content.nationalgeographic.com.es\/medio\/2026\/02\/17\/en-movimiento_00000000_260217125443_1200x800.webp\"><img loading=\"lazy\" decoding=\"async\" class=\"aligncenter size-large\" src=\"https:\/\/content.nationalgeographic.com.es\/medio\/2026\/02\/17\/en-movimiento_00000000_260217125443_1200x800.webp\" width=\"1200\" height=\"800\" \/><\/a><\/p>\n<p><strong>10 \/ 10 En movimientu<\/strong> Con una fotograf\u00eda desenfocada nun conciertu punk, Franklin Littlefield (Estaos Xun\u00edos) foi reconoc\u00edu ganador de la categor\u00eda \u00abMotion\u00bb. El xur\u00e1u valor\u00f3 la captura del dinamismu del momentu.<\/p>\n","protected":false},"excerpt":{"rendered":"<p>National Geographic \/ Les 10 semeyes del a\u00f1u premiaes polos Sony World Photography Awards. Un fo\u00edn \u00e1rticu, una nueva amiga de la so vaca y otres imaxes qu&#8217;amuesen con qu\u00e9 s&#8217;inspiraron los fot\u00f3grafos de too el mundu en 2025.<\/p>\n","protected":false},"author":117,"featured_media":0,"comment_status":"closed","ping_status":"closed","sticky":false,"template":"","format":"standard","meta":{"footnotes":""},"categories":[61,17],"tags":[],"class_list":["post-68123","post","type-post","status-publish","format-standard","hentry","category-concursu","category-semeyes"],"_links":{"self":[{"href":"https:\/\/edublog.educastur.es\/ixuxu\/wp-json\/wp\/v2\/posts\/68123","targetHints":{"allow":["GET"]}}],"collection":[{"href":"https:\/\/edublog.educastur.es\/ixuxu\/wp-json\/wp\/v2\/posts"}],"about":[{"href":"https:\/\/edublog.educastur.es\/ixuxu\/wp-json\/wp\/v2\/types\/post"}],"author":[{"embeddable":true,"href":"https:\/\/edublog.educastur.es\/ixuxu\/wp-json\/wp\/v2\/users\/117"}],"replies":[{"embeddable":true,"href":"https:\/\/edublog.educastur.es\/ixuxu\/wp-json\/wp\/v2\/comments?post=68123"}],"version-history":[{"count":1,"href":"https:\/\/edublog.educastur.es\/ixuxu\/wp-json\/wp\/v2\/posts\/68123\/revisions"}],"predecessor-version":[{"id":68124,"href":"https:\/\/edublog.educastur.es\/ixuxu\/wp-json\/wp\/v2\/posts\/68123\/revisions\/68124"}],"wp:attachment":[{"href":"https:\/\/edublog.educastur.es\/ixuxu\/wp-json\/wp\/v2\/media?parent=68123"}],"wp:term":[{"taxonomy":"category","embeddable":true,"href":"https:\/\/edublog.educastur.es\/ixuxu\/wp-json\/wp\/v2\/categories?post=68123"},{"taxonomy":"post_tag","embeddable":true,"href":"https:\/\/edublog.educastur.es\/ixuxu\/wp-json\/wp\/v2\/tags?post=68123"}],"curies":[{"name":"wp","href":"https:\/\/api.w.org\/{rel}","templated":true}]}}