{"id":6901,"date":"2021-06-10T18:34:00","date_gmt":"2021-06-10T16:34:00","guid":{"rendered":"https:\/\/edublog.educastur.es\/ixuxu\/?p=6901"},"modified":"2021-06-10T22:27:38","modified_gmt":"2021-06-10T20:27:38","slug":"libroviedo-homenaxe-a-conchita-quiros-y-alberto-polledo","status":"publish","type":"post","link":"https:\/\/edublog.educastur.es\/ixuxu\/2021\/06\/libroviedo-homenaxe-a-conchita-quiros-y-alberto-polledo\/","title":{"rendered":"LibrOviedo 2021: 11-20 Xunu"},"content":{"rendered":"<p style=\"text-align: center\"><a href=\"https:\/\/www.libroviedo.es\/\"><img loading=\"lazy\" decoding=\"async\" class=\"alignnone\" src=\"https:\/\/i1.wp.com\/www.libroviedo.es\/wp-content\/uploads\/2017\/04\/logo-libroviedo.jpg?fit=250%2C95&amp;ssl=1\" alt=\"\" width=\"250\" height=\"95\" \/><\/a><\/p>\n<ul>\n<li><a href=\"https:\/\/www.libroviedo.es\/\">https:\/\/www.libroviedo.es\/<\/a><\/li>\n<li><a href=\"https:\/\/www.libroviedo.es\/wp-content\/uploads\/2021\/06\/libroviedo_mupi.pdf\">Descarga Programa<\/a><\/li>\n<\/ul>\n<p style=\"text-align: center\"><a href=\"https:\/\/www.libroviedo.es\/wp-content\/uploads\/2021\/06\/libroviedo_mupi.pdf\"><img loading=\"lazy\" decoding=\"async\" class=\"alignnone\" src=\"https:\/\/i2.wp.com\/www.libroviedo.es\/wp-content\/uploads\/2021\/06\/cartel_libroviedo-2021.jpg?w=2400&amp;ssl=1\" alt=\"\" width=\"363\" height=\"514\" \/><\/a><\/p>\n<p>Empieza la <strong>27 edici\u00f3n de LibrOviedo<\/strong>, la feria de llibru de la capital asturiana que se va desenvolver hasta&#8217;l domingu 20 de xunu. Va Haber 14 casetes que se van instalar na plaza Porlier, dexa asina&#8217;l so allugamientu de Trascorrales. Na programaci\u00f3n incl\u00fayese la <strong><span style=\"color: #008080\">firma d&#8217;escritores, muncha poes\u00eda, y actividaes infantiles.<\/span><\/strong><\/p>\n<p><!--more--><\/p>\n<p>Mientres LibrOviedo 2021 <span style=\"color: #008080\"><strong>va rindise homenaxe a dos destacaes persones amestaes a la feria: S\u00e1badu, 19 de xunu, a les 18:30 hores, na plaza del Porlier.<\/strong><\/span> Tr\u00e1tase d&#8217;<span style=\"color: #008080\"><strong>Alberto Polledo<\/strong><\/span> (fin\u00e1u&#8217;l pas\u00e1u mes de payares), escritor y propietariu de la <strong>llibrer\u00eda Santa Teresa<\/strong> fundada pol so padre en 1928 y al mandu de ella hasta la so xubilaci\u00f3n en 2013, y <span style=\"color: #008080\"><strong>Conchita Quir\u00f3s<\/strong><\/span> (finada&#8217;l pas\u00e1u mes de febreru), propietaria de les <strong>Llibrer\u00edes Cervantes y B\u00faho Llector<\/strong>.<\/p>\n<p><a href=\"https:\/\/i0.wp.com\/www.libroviedo.es\/wp-content\/uploads\/2021\/06\/Homenaje.png?zoom=2&amp;resize=300%2C150&amp;ssl=1\"><img loading=\"lazy\" decoding=\"async\" class=\"aligncenter\" src=\"https:\/\/i0.wp.com\/www.libroviedo.es\/wp-content\/uploads\/2021\/06\/Homenaje.png?zoom=2&amp;resize=300%2C150&amp;ssl=1\" alt=\"\" width=\"600\" height=\"300\" \/><\/a><\/p>\n<p>&nbsp;<\/p>\n","protected":false},"excerpt":{"rendered":"<p>https:\/\/www.libroviedo.es\/ Descarga Programa Empieza la 27 edici\u00f3n de LibrOviedo, la feria de llibru de la capital asturiana que se va desenvolver hasta&#8217;l domingu 20 de xunu. Va Haber 14 casetes que se van instalar na plaza Porlier, dexa asina&#8217;l so allugamientu de Trascorrales. Na programaci\u00f3n incl\u00fayese la firma d&#8217;escritores, muncha poes\u00eda, y actividaes infantiles.<\/p>\n","protected":false},"author":117,"featured_media":0,"comment_status":"open","ping_status":"open","sticky":false,"template":"","format":"standard","meta":{"footnotes":""},"categories":[167,9,10,33],"tags":[],"class_list":["post-6901","post","type-post","status-publish","format-standard","hentry","category-feries","category-libros-adultos","category-llibros-reciella","category-uvieu"],"_links":{"self":[{"href":"https:\/\/edublog.educastur.es\/ixuxu\/wp-json\/wp\/v2\/posts\/6901","targetHints":{"allow":["GET"]}}],"collection":[{"href":"https:\/\/edublog.educastur.es\/ixuxu\/wp-json\/wp\/v2\/posts"}],"about":[{"href":"https:\/\/edublog.educastur.es\/ixuxu\/wp-json\/wp\/v2\/types\/post"}],"author":[{"embeddable":true,"href":"https:\/\/edublog.educastur.es\/ixuxu\/wp-json\/wp\/v2\/users\/117"}],"replies":[{"embeddable":true,"href":"https:\/\/edublog.educastur.es\/ixuxu\/wp-json\/wp\/v2\/comments?post=6901"}],"version-history":[{"count":6,"href":"https:\/\/edublog.educastur.es\/ixuxu\/wp-json\/wp\/v2\/posts\/6901\/revisions"}],"predecessor-version":[{"id":6985,"href":"https:\/\/edublog.educastur.es\/ixuxu\/wp-json\/wp\/v2\/posts\/6901\/revisions\/6985"}],"wp:attachment":[{"href":"https:\/\/edublog.educastur.es\/ixuxu\/wp-json\/wp\/v2\/media?parent=6901"}],"wp:term":[{"taxonomy":"category","embeddable":true,"href":"https:\/\/edublog.educastur.es\/ixuxu\/wp-json\/wp\/v2\/categories?post=6901"},{"taxonomy":"post_tag","embeddable":true,"href":"https:\/\/edublog.educastur.es\/ixuxu\/wp-json\/wp\/v2\/tags?post=6901"}],"curies":[{"name":"wp","href":"https:\/\/api.w.org\/{rel}","templated":true}]}}