{"id":691,"date":"2020-03-02T22:25:02","date_gmt":"2020-03-02T22:25:02","guid":{"rendered":"https:\/\/edublog.educastur.es\/ixuxu\/?p=691"},"modified":"2020-08-24T22:25:44","modified_gmt":"2020-08-24T22:25:44","slug":"revista-ospa-nasturianu","status":"publish","type":"post","link":"https:\/\/edublog.educastur.es\/ixuxu\/2020\/03\/revista-ospa-nasturianu\/","title":{"rendered":"Revista OSPA n\u00b4asturianu"},"content":{"rendered":"<div class=\"entry\">\n<p><img loading=\"lazy\" decoding=\"async\" class=\"\" src=\"http:\/\/www.ospa.es\/wp-content\/uploads\/2017\/08\/logo_ospa.png\" width=\"385\" height=\"65\" \/><\/p>\n<p>Ta disponible na web de la <strong><em>Orquesta Sinf\u00f3nica del Princip\u00e1u d\u2019Asturies<\/em><\/strong> la<a href=\"http:\/\/www.ospa.es\/wp-content\/uploads\/2020\/01\/Revista25-AST.pdf\" target=\"_blank\" rel=\"noopener noreferrer\"> descarga de la versi\u00f3n n\u2019asturianu de la revista correspondiente a los programes del primer cuatrimestre d\u2019angua\u00f1o<\/a>. La traducci\u00f3n ye\u2019l result\u00e1u de la collaboraci\u00f3n d\u2019esta entid\u00e1 cola Direcci\u00f3n Xeneral del Pol\u00edtica Lling\u00fc\u00edstica.<\/p>\n<p><a href=\"http:\/\/www.ospa.es\/wp-content\/uploads\/2020\/01\/Revista25-AST.pdf\" target=\"_blank\" rel=\"noopener noreferrer\"><img loading=\"lazy\" decoding=\"async\" src=\"https:\/\/imgbox.es\/images\/2020\/06\/07\/ospa25555f56889a7bc44d.jpg\" width=\"364\" height=\"502\" border=\"1\" \/><\/a><\/p>\n<ul>\n<li><a href=\"http:\/\/www.ospa.es\/wp-content\/uploads\/2020\/01\/Revista25-AST.pdf\" target=\"_blank\" rel=\"noopener noreferrer\">Descarga n\u00b4asturianu<\/a><\/li>\n<\/ul>\n<\/div>\n","protected":false},"excerpt":{"rendered":"<p>Ta disponible na web de la Orquesta Sinf\u00f3nica del Princip\u00e1u d\u2019Asturies la descarga de la versi\u00f3n n\u2019asturianu de la revista correspondiente a los programes del primer cuatrimestre d\u2019angua\u00f1o. La traducci\u00f3n ye\u2019l result\u00e1u de la collaboraci\u00f3n d\u2019esta entid\u00e1 cola Direcci\u00f3n Xeneral del Pol\u00edtica Lling\u00fc\u00edstica. Descarga n\u00b4asturianu<\/p>\n","protected":false},"author":117,"featured_media":0,"comment_status":"closed","ping_status":"open","sticky":false,"template":"","format":"standard","meta":{"footnotes":""},"categories":[49],"tags":[],"class_list":["post-691","post","type-post","status-publish","format-standard","hentry","category-revistes"],"_links":{"self":[{"href":"https:\/\/edublog.educastur.es\/ixuxu\/wp-json\/wp\/v2\/posts\/691","targetHints":{"allow":["GET"]}}],"collection":[{"href":"https:\/\/edublog.educastur.es\/ixuxu\/wp-json\/wp\/v2\/posts"}],"about":[{"href":"https:\/\/edublog.educastur.es\/ixuxu\/wp-json\/wp\/v2\/types\/post"}],"author":[{"embeddable":true,"href":"https:\/\/edublog.educastur.es\/ixuxu\/wp-json\/wp\/v2\/users\/117"}],"replies":[{"embeddable":true,"href":"https:\/\/edublog.educastur.es\/ixuxu\/wp-json\/wp\/v2\/comments?post=691"}],"version-history":[{"count":1,"href":"https:\/\/edublog.educastur.es\/ixuxu\/wp-json\/wp\/v2\/posts\/691\/revisions"}],"predecessor-version":[{"id":692,"href":"https:\/\/edublog.educastur.es\/ixuxu\/wp-json\/wp\/v2\/posts\/691\/revisions\/692"}],"wp:attachment":[{"href":"https:\/\/edublog.educastur.es\/ixuxu\/wp-json\/wp\/v2\/media?parent=691"}],"wp:term":[{"taxonomy":"category","embeddable":true,"href":"https:\/\/edublog.educastur.es\/ixuxu\/wp-json\/wp\/v2\/categories?post=691"},{"taxonomy":"post_tag","embeddable":true,"href":"https:\/\/edublog.educastur.es\/ixuxu\/wp-json\/wp\/v2\/tags?post=691"}],"curies":[{"name":"wp","href":"https:\/\/api.w.org\/{rel}","templated":true}]}}