{"id":69152,"date":"2026-04-28T22:00:18","date_gmt":"2026-04-28T20:00:18","guid":{"rendered":"https:\/\/edublog.educastur.es\/ixuxu\/?p=69152"},"modified":"2026-04-28T19:30:18","modified_gmt":"2026-04-28T17:30:18","slug":"69152","status":"publish","type":"post","link":"https:\/\/edublog.educastur.es\/ixuxu\/2026\/04\/69152\/","title":{"rendered":""},"content":{"rendered":"<p style=\"text-align: center\"><span style=\"color: #800080\"><em><span style=\"font-size: 28px\">\u201c<strong>L&#8217;allegr\u00eda ye una necesid\u00e1 esencial de l&#8217;alma. <\/strong><\/span><\/em><\/span><br \/>\n<span style=\"color: #800080\"><em><span style=\"font-size: 28px\">La falta d&#8217;allegr\u00eda, <\/span><\/em><\/span><br \/>\n<span style=\"color: #800080\"><em><span style=\"font-size: 28px\">y\u00e1 se trate de desgracia o a cencielles d&#8217;aburrici\u00f3n, <\/span><\/em><\/span><br \/>\n<span style=\"color: #800080\"><em><span style=\"font-size: 28px\">ye un est\u00e1u d&#8217;enfermed\u00e1 na que<br \/>\nla intelixencia, <\/span><\/em><\/span><span style=\"color: #800080\"><em><span style=\"font-size: 28px\">la valent\u00eda, l&#8217;arrogancia<br \/>\nap\u00e1guense. <\/span><\/em><\/span><span style=\"color: #800080\"><em><span style=\"font-size: 28px\">Ye una asfixia\u00bb.<\/span><\/em><\/span><\/p>\n<p style=\"text-align: center\">Simone Weil<\/p>\n","protected":false},"excerpt":{"rendered":"<p>\u201cL&#8217;allegr\u00eda ye una necesid\u00e1 esencial de l&#8217;alma. La falta d&#8217;allegr\u00eda, y\u00e1 se trate de desgracia o a cencielles d&#8217;aburrici\u00f3n, ye un est\u00e1u d&#8217;enfermed\u00e1 na que la intelixencia, la valent\u00eda, l&#8217;arrogancia ap\u00e1guense. Ye una asfixia\u00bb. Simone Weil<\/p>\n","protected":false},"author":117,"featured_media":0,"comment_status":"closed","ping_status":"closed","sticky":false,"template":"","format":"quote","meta":{"footnotes":""},"categories":[1],"tags":[],"class_list":["post-69152","post","type-post","status-publish","format-quote","hentry","category-sin-categoria","post_format-post-format-quote"],"_links":{"self":[{"href":"https:\/\/edublog.educastur.es\/ixuxu\/wp-json\/wp\/v2\/posts\/69152","targetHints":{"allow":["GET"]}}],"collection":[{"href":"https:\/\/edublog.educastur.es\/ixuxu\/wp-json\/wp\/v2\/posts"}],"about":[{"href":"https:\/\/edublog.educastur.es\/ixuxu\/wp-json\/wp\/v2\/types\/post"}],"author":[{"embeddable":true,"href":"https:\/\/edublog.educastur.es\/ixuxu\/wp-json\/wp\/v2\/users\/117"}],"replies":[{"embeddable":true,"href":"https:\/\/edublog.educastur.es\/ixuxu\/wp-json\/wp\/v2\/comments?post=69152"}],"version-history":[{"count":2,"href":"https:\/\/edublog.educastur.es\/ixuxu\/wp-json\/wp\/v2\/posts\/69152\/revisions"}],"predecessor-version":[{"id":72948,"href":"https:\/\/edublog.educastur.es\/ixuxu\/wp-json\/wp\/v2\/posts\/69152\/revisions\/72948"}],"wp:attachment":[{"href":"https:\/\/edublog.educastur.es\/ixuxu\/wp-json\/wp\/v2\/media?parent=69152"}],"wp:term":[{"taxonomy":"category","embeddable":true,"href":"https:\/\/edublog.educastur.es\/ixuxu\/wp-json\/wp\/v2\/categories?post=69152"},{"taxonomy":"post_tag","embeddable":true,"href":"https:\/\/edublog.educastur.es\/ixuxu\/wp-json\/wp\/v2\/tags?post=69152"}],"curies":[{"name":"wp","href":"https:\/\/api.w.org\/{rel}","templated":true}]}}