{"id":69251,"date":"2026-03-10T12:50:18","date_gmt":"2026-03-10T10:50:18","guid":{"rendered":"https:\/\/edublog.educastur.es\/ixuxu\/?p=69251"},"modified":"2026-03-12T15:36:11","modified_gmt":"2026-03-12T13:36:11","slug":"la-musica-nasturianu-tamien-safita-nel-poex","status":"publish","type":"post","link":"https:\/\/edublog.educastur.es\/ixuxu\/2026\/03\/la-musica-nasturianu-tamien-safita-nel-poex\/","title":{"rendered":"La m\u00fasica n\u2019asturianu tami\u00e9n s\u2019afita nel POEX"},"content":{"rendered":"<div class=\"elementor-element elementor-element-72daa04 e-con-full e-flex e-con e-child\" data-id=\"72daa04\" data-element_type=\"container\" data-e-type=\"container\">\n<div class=\"elementor-element elementor-element-667e3c7 elementor-widget__width-inherit elementor-widget elementor-widget-theme-post-title elementor-page-title elementor-widget-heading\" data-id=\"667e3c7\" data-element_type=\"widget\" data-e-type=\"widget\" data-widget_type=\"theme-post-title.default\">\n<div class=\"elementor-widget-container\">\n<p class=\"elementor-heading-title elementor-size-default\"><span style=\"font-size: 16px\">Cuatro actos de la edici\u00f3n d&#8217;esti a\u00f1u acueyen presentaciones, homenaxes y meses redondes onde participen delles personalidaes de la m\u00fasica.<\/span><\/p>\n<\/div>\n<\/div>\n<div class=\"elementor-element elementor-element-00f4678 elementor-widget__width-inherit elementor-widget elementor-widget-theme-post-excerpt\" data-id=\"00f4678\" data-element_type=\"widget\" data-e-type=\"widget\" data-widget_type=\"theme-post-excerpt.default\">\n<div><\/div>\n<\/div>\n<div class=\"elementor-element elementor-element-6138e4e elementor-widget__width-inherit elementor-widget elementor-widget-theme-post-featured-image elementor-widget-image\" data-id=\"6138e4e\" data-element_type=\"widget\" data-e-type=\"widget\" data-widget_type=\"theme-post-featured-image.default\">\n<div class=\"elementor-widget-container\"><img loading=\"lazy\" decoding=\"async\" class=\"attachment-full  wp-image-48549\" src=\"https:\/\/musicasturiana.com\/wp-content\/uploads\/2026\/03\/POEX.png\" alt=\"\" width=\"816\" height=\"408\" \/><\/div>\n<\/div>\n<div class=\"elementor-element elementor-element-3f891ad elementor-align-center elementor-widget elementor-widget-post-info\" data-id=\"3f891ad\" data-element_type=\"widget\" data-e-type=\"widget\" data-widget_type=\"post-info.default\">\n<div class=\"elementor-widget-container\"><\/div>\n<\/div>\n<\/div>\n<div class=\"elementor-element elementor-element-eea4e26 e-con-full e-flex e-con e-child\" data-id=\"eea4e26\" data-element_type=\"container\" data-e-type=\"container\">\n<div class=\"elementor-element elementor-element-9bc739f e-con-full e-flex e-con e-child\" data-id=\"9bc739f\" data-element_type=\"container\" data-e-type=\"container\">\n<div class=\"elementor-element elementor-element-b2299bd elementor-share-buttons--view-icon elementor-share-buttons--skin-minimal elementor-share-buttons--shape-circle elementor-grid-mobile-3 elementor-share-buttons--align-right elementor-share-buttons--color-custom elementor-widget__width-auto elementor-widget-tablet__width-auto elementor-grid-0 elementor-widget elementor-widget-share-buttons\" data-id=\"b2299bd\" data-element_type=\"widget\" data-e-type=\"widget\" data-widget_type=\"share-buttons.default\">\n<div class=\"elementor-widget-container\">\n<div class=\"elementor-grid\">\n<div class=\"elementor-grid-item\">\n<div class=\"elementor-share-btn elementor-share-btn_x-twitter\" role=\"button\" aria-label=\"Compartir en x-twitter\"><\/div>\n<\/div>\n<\/div>\n<\/div>\n<\/div>\n<\/div>\n<\/div>\n<div class=\"elementor-element elementor-element-a767a8c elementor-widget__width-inherit elementor-widget elementor-widget-theme-post-content\" data-id=\"a767a8c\" data-element_type=\"widget\" data-e-type=\"widget\" data-widget_type=\"theme-post-content.default\">\n<div class=\"elementor-widget-container\">\n<p>El\u00a0<strong>POEX<\/strong>\u00a0vuelve demostrar esti a\u00f1u que la\u00a0<strong>lliteratura y la m\u00fasica asturiana<\/strong>\u00a0caminen munches vegaes de la mano. Dellos de los actos del programa, anque conceb\u00edos dende la poes\u00eda, tienen una clara conex\u00f3n cola escena musical del pa\u00eds, tanto pola\u00a0<strong>presencia de m\u00fasicos<\/strong>\u00a0como pola rellaci\u00f3n hist\u00f3rica ente versos y cantar n\u2019asturianu.<\/p>\n<p><!--more--><\/p>\n<p>La poeta\u00a0<strong>Sof\u00eda Casta\u00f1\u00f3n<\/strong>\u00a0va presentar\u00a0<em>Esti amor asturfalante<\/em>, obra ganadora del\u00a0<strong>Premiu Xuan Mar\u00eda Acebal de Poes\u00eda<\/strong>, nun actu que va incluyir una llectura como adelantu de la pr\u00f3xima publicaci\u00f3n. Va ser en dos feches: el vienres 13 a les 18 hores nel Toma 3 y el martes 17 a les 12 hores na Biblioteca de Roces. La conversaci\u00f3n del primer d\u00eda que va acompa\u00f1ar la presentaci\u00f3n corre al cargu de\u00a0<strong>Xaime Mart\u00ednez<\/strong>, una de les voces m\u00e1s singulares de la\u00a0<strong>creaci\u00f3n asturiana contempor\u00e1nea<\/strong>. Am\u00e1s de poeta, Casta\u00f1\u00f3n ye conoc\u00edu pola so faceta audiovisual pola so participaci\u00f3n nel espect\u00e1culu musical\u00a0<em>Ser quien a cantar<\/em>, un proyectu que reflexona dende una\u00a0<strong>mirada feminista<\/strong>\u00a0la ocupaci\u00f3n del espaciu p\u00fablicu.<\/p>\n<p>Precisamente, Xaime Mart\u00ednez va tar presente n\u2019otru de los actos entamaos pol POEX. La llectura de\u00a0<em>P\u00e1bilun<\/em>, del propiu\u00a0<strong>Xaime Mart\u00ednez<\/strong>, public\u00e1u nuna edici\u00f3n billing\u00fce con traducci\u00f3n al castellanu de\u00a0<strong>Fruela Fern\u00e1ndez<\/strong>\u00a0va ser el motivu. L\u2019actu, que se va celebrar el xueves 19 a les 18 hores nel Toma 3 incl\u00fai una conversaci\u00f3n con\u00a0<strong>Nacho Vegas<\/strong>, una de les figures clave de la canci\u00f3n d\u2019autor estatal. A lo llargo de la so trayectoria, Vegas foi incorporando l\u2019asturianu a la so obra musical con cada vez m\u00e1s presencia, sumando una\u00a0<strong>montonera de cantares nesti idioma<\/strong>\u00a0y reforzando\u2019l di\u00e1logu ente poes\u00eda contempor\u00e1nea y canci\u00f3n.<\/p>\n<p>El festival tami\u00e9n acueye un homenaxe al escritor\u00a0<strong>Xuan Bello<\/strong>, fin\u00e1u en 2025, titul\u00e1u\u00a0<em>A la solombra d\u2019una zrezal<\/em>. Nel actu del s\u00e1badu 14, a les 12 hores nel sal\u00f3n d\u2019actos del CCAI, va presentase una pieza audiovisual creada pol\u00a0<strong>Aten\u00e9u Obreru de Xix\u00f3n<\/strong>. Bello foi una figura fundamental pa la\u00a0<strong>cultura asturiana contempor\u00e1nea<\/strong>\u00a0y la so obra mantuvo siempres una fuerte conex\u00f3n cola m\u00fasica del pa\u00eds. Dende la recuperaci\u00f3n del imaxinariu rural hasta la defensa del idioma, la so lliteratura influy\u00f3 tami\u00e9n nel mundu de la m\u00fasica.<\/p>\n<p>A lo \u00faltimo, la mesa redonda pol\u00a0<strong>20.\u00ba aniversariu de la revista Formientu<\/strong>, una publicaci\u00f3n fundamental pa entender la evoluci\u00f3n de la creaci\u00f3n moza n\u2019asturianu nes \u00faltimes dos d\u00e9cades, va cuntar tami\u00e9n con representaci\u00f3n del mundu de la m\u00fasica asturiana. Nel alcuentru del domingu 15, a les 12 hores nel Patiu del CCAI, participen quien dirix\u00f3 la revista a lo llargo d\u2019estos a\u00f1os:\u00a0<strong>Claudia Elena Men\u00e9ndez<\/strong>,\u00a0<strong>Inaciu Gal\u00e1n<\/strong>\u00a0y\u00a0<strong>Diego Sol\u00eds<\/strong>, cola moderaci\u00f3n de\u00a0<strong>Marta Mori<\/strong>, y cola incorporaci\u00f3n como director nuevu a\u00a0<strong>Ra\u00fal Alonso<\/strong>, collaborador d\u2019esti mediu y co-director del\u00a0<strong>Semando Fest<\/strong>\u00a0y el podcast H\u00e9roes ensin nome.<\/p>\n<\/div>\n<p style=\"text-align: center\"><a href=\"https:\/\/img.lavdg.com\/sc\/6V3hixSAonRWYAVP0mclOvfoCJg=\/768x\/2023\/05\/31\/00121685565002642370305\/Foto\/j31y3093.jpg\"><img loading=\"lazy\" decoding=\"async\" class=\"aligncenter size-large\" src=\"https:\/\/img.lavdg.com\/sc\/6V3hixSAonRWYAVP0mclOvfoCJg=\/768x\/2023\/05\/31\/00121685565002642370305\/Foto\/j31y3093.jpg\" width=\"768\" height=\"432\" \/><\/a><\/p>\n<p class=\"first-paragraph txt\"><strong>El Festival de Poes\u00eda de Xix\u00f3n (POEX) vuelve apostar pola presencia de la lliteratura n\u2019asturianu na so programaci\u00f3n con un total de diez actos repart\u00edos en distintos espacios de la ciud\u00e1<\/strong>. La edici\u00f3n d\u2019esti a\u00f1u, centrada nel papel de la traducci\u00f3n na poes\u00eda, combina presentaciones, llectures, proyecciones y meses redondes con autores que trabayen na creaci\u00f3n po\u00e9tica n\u2019asturianu.<\/p>\n<p class=\"txt\"><strong>La programaci\u00f3n entama&#8217;l vienres 13 nel espaciu Toma 3 con una llectura de poemes de Sof\u00eda Casta\u00f1\u00f3n<\/strong>, que va presentar un adelantu del so pr\u00f3ximu llibru\u00a0<em>Esti amor asturfalante<\/em>, ganador del Premiu Xuan Mar\u00eda Acebal de Poes\u00eda. L\u2019actu incl\u00fai una conversaci\u00f3n cola poeta Xaime Mart\u00ednez.<\/p>\n<p class=\"txt\">El patiu del Centru de Cultura Antiguu Institutu va acoyer la celebraci\u00f3n de<strong>l 20.\u00ba aniversariu de la revista Formientu<\/strong>. Nel alcuentru van participar dalgunes de les persones que dirixeron la publicaci\u00f3n nestes dos d\u00e9cades:\u00a0<strong>Claudia Elena Men\u00e9ndez, Inaciu Gal\u00e1n y Diego G. Sol\u00eds<\/strong>\u00a0y la incorporaci\u00f3n a la direcci\u00f3n de<strong>\u00a0Ra\u00fal Alonso<\/strong>. La mesa redonda va tar moderada por\u00a0<strong>Marta Mori<\/strong>.<\/p>\n<p class=\"txt\">La programaci\u00f3n contin\u00faa el llunes 16 nel mesmu espaciu con una sesi\u00f3n del ciclu\u00a0<em>Lost in Translation<\/em>, na que\u00a0<strong>Daniel Garc\u00eda Granda<\/strong>\u00a0va presentar la edici\u00f3n biling\u00fce de\u00a0<em>El saber del pa\u00eds \/ Country Wisdom<\/em>, del escritor John Berger.<strong>\u00a0L\u2019actu incl\u00fai una llectura de poemes xunto a Lucy Humphreys y una conversaci\u00f3n con Rafa Rodr\u00edguez Vald\u00e9s<\/strong>, director de la colecci\u00f3n Calume.<\/p>\n<p class=\"txt\"><strong>El martes 17 va haber doble cita<\/strong>. Pela ma\u00f1ana, la Biblioteca de Roces va acoyer una llectura de poemes de Sof\u00eda Casta\u00f1\u00f3n como adelantu de la pr\u00f3xima publicaci\u00f3n d&#8217;<em>Esti amor asturfalante<\/em>, nun actu que va incluyir conversaci\u00f3n con Javier Almuzara. Pela tarde, la Biblioteca d&#8217;El Natahoyo va acoyer la presentaci\u00f3n de l&#8217;antolox\u00eda ilustrada\u00a0<em>Vientos verdes. Genias de la poes\u00eda<\/em>, cola participaci\u00f3n de les autores Luisa Antol\u00edn, Cristina Grisolia, Isabel Navarro, Olvido And\u00fajar, Eva Navarro y Berta Pi\u00f1\u00e1n, moder\u00e1u por Ester S\u00e1nchez.<\/p>\n<p class=\"txt\"><strong>El mi\u00e9rcoles 18, l&#8217;espaciu Toma 3 va acoyer la llectura de poemes de Patricia Su\u00e1rez<\/strong>\u00a0alredor del so llibru\u00a0<em>Sorolla fue tu voz<\/em>, nun actu que va incluyir una conversaci\u00f3n con Alfredo Garay. Un d\u00eda dempu\u00e9s, el xueves 19, nel mesmu llugar,\u00a0<strong>Xaime Mart\u00ednez<\/strong>\u00a0presenta\u00a0<em>P\u00e1bilun<\/em>, una edici\u00f3n biling\u00fce con traducci\u00f3n al castellanu de Fruela Fern\u00e1ndez, nuna<strong>\u00a0llectura de poemes y conversaci\u00f3n col m\u00fasicu Nacho Vegas<\/strong>.<\/p>\n<p class=\"txt\"><strong>El vienres 20 la programaci\u00f3n va incluyir dos actividaes<\/strong>. Pela ma\u00f1ana, nel IES Universidad Laboral de Gij\u00f3n, Diego G. Sol\u00eds lleer\u00e1 poemes de los sos llibros\u00a0<em>Volvemos en 6 minutos<\/em>\u00a0y<strong>\u00a0<em>Nosotros, la primavera<\/em>, obra cola que gan\u00f3\u2019l Premiu Asturias Xoven de Poes\u00eda 2025<\/strong>, dientro del Aula POEX. Pela tarde, na Escuela de Comerciu de Xix\u00f3n, cel\u00e9brase una mesa redonda dedicada a la traducci\u00f3n al asturianu, con participaci\u00f3n de Laura Marcos, Daniel Garc\u00eda Granda, Vanessa Guti\u00e9rrez y Ant\u00f3n Garc\u00eda, moderada por Marta Mori.<\/p>\n<p class=\"txt\">La programaci\u00f3n n\u2019asturianu va completase el s\u00e1badu 21 cola\u00a0<strong>proyecci\u00f3n de los videopoemes escoy\u00edos nel V Concursu de Videopoemes POEX y la entrega del premiu correspondiente na Escuela de Comerciu<\/strong>.<\/p>\n<p class=\"txt\">Am\u00e1s d\u2019estos actos, la edici\u00f3n d\u2019esti a\u00f1u del festival tien como momentu central pa la lliteratura n\u2019asturianu\u00a0<strong>l\u2019homenaxe al escritor fin\u00e1u reci\u00e9n Xuan Bello<\/strong>,\u00a0<strong>una de les voces m\u00e1s influyentes de la lliteratura asturiana contempor\u00e1nea<\/strong>. L\u2019actu va celebrase&#8217;l s\u00e1badu 14 nel Sal\u00f3n d\u2019actos del Centru de Cultura Antiguu Institutu,cola presentaci\u00f3n y proyecci\u00f3n d&#8217;<em>A la solombra d\u2019una zrezal<\/em>, una pieza audiovisual creada pol Aten\u00e9u Obreru de Xix\u00f3n pa recordar la figura y la obra del escritor. L\u2019actu quier reivindicar el so leg\u00e1u lliterariu y la importancia de la so contribuci\u00f3n a la consolidaci\u00f3n de la lliteratura n\u2019asturianu nes \u00faltimes d\u00e9cades.<\/p>\n<\/div>\n<p>&nbsp;<\/p>\n","protected":false},"excerpt":{"rendered":"<p>Cuatro actos de la edici\u00f3n d&#8217;esti a\u00f1u acueyen presentaciones, homenaxes y meses redondes onde participen delles personalidaes de la m\u00fasica. El\u00a0POEX\u00a0vuelve demostrar esti a\u00f1u que la\u00a0lliteratura y la m\u00fasica asturiana\u00a0caminen munches vegaes de la mano. Dellos de los actos del programa, anque conceb\u00edos dende la poes\u00eda, tienen una clara conex\u00f3n cola escena musical del pa\u00eds, [&hellip;]<\/p>\n","protected":false},"author":117,"featured_media":0,"comment_status":"closed","ping_status":"closed","sticky":false,"template":"","format":"standard","meta":{"footnotes":""},"categories":[35,125,39],"tags":[],"class_list":["post-69251","post","type-post","status-publish","format-standard","hentry","category-musica","category-musicasturiana-com","category-poesia"],"_links":{"self":[{"href":"https:\/\/edublog.educastur.es\/ixuxu\/wp-json\/wp\/v2\/posts\/69251","targetHints":{"allow":["GET"]}}],"collection":[{"href":"https:\/\/edublog.educastur.es\/ixuxu\/wp-json\/wp\/v2\/posts"}],"about":[{"href":"https:\/\/edublog.educastur.es\/ixuxu\/wp-json\/wp\/v2\/types\/post"}],"author":[{"embeddable":true,"href":"https:\/\/edublog.educastur.es\/ixuxu\/wp-json\/wp\/v2\/users\/117"}],"replies":[{"embeddable":true,"href":"https:\/\/edublog.educastur.es\/ixuxu\/wp-json\/wp\/v2\/comments?post=69251"}],"version-history":[{"count":3,"href":"https:\/\/edublog.educastur.es\/ixuxu\/wp-json\/wp\/v2\/posts\/69251\/revisions"}],"predecessor-version":[{"id":69330,"href":"https:\/\/edublog.educastur.es\/ixuxu\/wp-json\/wp\/v2\/posts\/69251\/revisions\/69330"}],"wp:attachment":[{"href":"https:\/\/edublog.educastur.es\/ixuxu\/wp-json\/wp\/v2\/media?parent=69251"}],"wp:term":[{"taxonomy":"category","embeddable":true,"href":"https:\/\/edublog.educastur.es\/ixuxu\/wp-json\/wp\/v2\/categories?post=69251"},{"taxonomy":"post_tag","embeddable":true,"href":"https:\/\/edublog.educastur.es\/ixuxu\/wp-json\/wp\/v2\/tags?post=69251"}],"curies":[{"name":"wp","href":"https:\/\/api.w.org\/{rel}","templated":true}]}}