{"id":6926,"date":"2021-06-10T08:30:54","date_gmt":"2021-06-10T06:30:54","guid":{"rendered":"https:\/\/edublog.educastur.es\/ixuxu\/?p=6926"},"modified":"2021-06-10T20:33:08","modified_gmt":"2021-06-10T18:33:08","slug":"la-reciella-tira-pal-monte","status":"publish","type":"post","link":"https:\/\/edublog.educastur.es\/ixuxu\/2021\/06\/la-reciella-tira-pal-monte\/","title":{"rendered":"La reciella tira pal monte&#8230;"},"content":{"rendered":"<div class=\"post-21308 post type-post status-publish format-standard has-post-thumbnail hentry category-asturies category-moceda-y-reciella tag-branu tag-montana tag-reciella tag-torrecerredo\">\n<div class=\"rd-details\">\n<p style=\"text-align: center\"><a href=\"https:\/\/www.infoasturies.com\/as\/2021\/06\/10\/la-reciella-tira-pal-monte-propuestes-de-branu-na-natura\/?fbclid=IwAR0H6z-hQ-3LKqlOWhuv47FamvFKUwORd29t2uOgGZDKR7CkLPVGdxL1iK0\"><img loading=\"lazy\" decoding=\"async\" class=\"alignnone\" src=\"https:\/\/www.infoasturies.com\/wp-content\/uploads\/2017\/01\/logo3.jpg\" alt=\"\" width=\"250\" height=\"100\" \/><\/a><\/p>\n<ul>\n<li class=\"rd-title entry-title\"><a href=\"https:\/\/www.infoasturies.com\/as\/2021\/06\/10\/la-reciella-tira-pal-monte-propuestes-de-branu-na-natura\/?fbclid=IwAR0H6z-hQ-3LKqlOWhuv47FamvFKUwORd29t2uOgGZDKR7CkLPVGdxL1iK0\">La reciella tira pal monte: propuestes de branu na \u00f1atura<\/a><\/li>\n<\/ul>\n<div dir=\"auto\">\n<p><strong>L\u2019Agrupaci\u00f3n de Monta\u00f1a Torrecerredo prop\u00f3n <span style=\"color: #008080\">prestoses y perinteresantes propuestes<\/span> pa la reciella y moced\u00e1 que quiera conocer Asturies en tolos sos aspeutos: <span style=\"color: #008080\">xeogr\u00e1ficos, clim\u00e1ticos, flora y fauna, xeol\u00f3xicos ecoloxicos, historicos, etnogr\u00e1ficos \u2026.<\/span> <\/strong><\/p>\n<p>Les actividaes entamaes esti a\u00f1u son dos, los campamentos nel Puertu Bra\u00f1a, pa la reciella d\u2019ente 8 y 13 a\u00f1os, y la Traves\u00eda de la Cordillera Cant\u00e1brica, de 14 n\u2019alantre.<\/p>\n<p><!--more--><\/p>\n<p>La filosof\u00eda d\u2019estes actividaes ye proveer una esperiencia activa y saludable al aire llibre, nun entornu natural, abriendo-yos les puertes a la monta\u00f1a a la moced\u00e1 y reciella, que una bones la descubren, pide m\u00e1s, creando vezos sanos y promoviendo una triba d\u2019arruelu venceyao a la \u00f1atura ya l\u2019esporte.<\/p>\n<p><a href=\"http:\/\/www.torrecerredo.com\/torrecerredo\/campamentos-infantiles-montana-torrecerredo-2021\/\">Los campamentos,<\/a> orientaos a la reciella d\u2019ente 8 y 13 a\u00f1os, entamen el so primer turnu el 5 de xunetu, pero repetir\u00e1se l\u2019activid\u00e1 dica finales d\u2019agostu, pa que los grupos seyan reducios, acordies a los ratios recomendaos polos protocolos de sanid\u00e1, un aspeutu que curien permuncho pa garantizar que nun se den contaxos nel entornu del campamentu. Les actividaes del mesmu incluin rutes de monta\u00f1a, espeleolox\u00eda, escalada, orientaci\u00f3n en monta\u00f1a, acampada al aire llibre y muncha formaci\u00f3n, tanto de cuestiones relacionaes col esporte en si como cola xeolox\u00eda, flora y fauna del alrodiu.<\/p>\n<p><a href=\"http:\/\/www.torrecerredo.com\/torrecerredo\/wp-content\/uploads\/2021\/05\/CORDILLERA-2021.pdf\">La Traves\u00eda de la Cordillera Cant\u00e1brica<\/a>, pens\u00e1 pa rapacinos un pocu mayores, consiste\u2019n trece d\u00edes percorriendo\u2019l cordal en comu\u00f1a con dalgunos de los m\u00e1s espertos guies de monta\u00f1a del pa\u00eds, acomu\u00f1ando arruelu con deprendizaxe y convivencia nuna esperiencia que yos camuda la forma de ver la vida, a unes edaes nes que les ufiertes d\u2019entretenimientu son escases y polo xeneral, allonxaes de la \u00f1atura. La Traves\u00eda tien dos turnos, del 5 al 16\u00a0 y del\u00a0 19 al 30 de xunetu.<\/p>\n<p>Pa m\u00e1s informaci\u00f3n ya iscripciones, visitar la web de l\u2019AMA Torrecerredo.<\/p>\n<p>Estes actividaes tienen continuid\u00e1 coles propuestes que l\u2019A.M.A. Torrecerredo tien pa tol a\u00f1u y que formen parte de la so Escuela de Monta\u00f1a: Escalada, Esqu\u00ed, Senderismu, Monta\u00f1ismu y Naturaleza, con t\u00e9unicos esportivos titulaos y cumpliendo coles desixencies normatives regulaores tanto nel \u00e1mbetu esportivu-pedag\u00f3xicu como\u2019l mediuambiental y sanitariu.<\/p>\n<\/div>\n<p>&nbsp;<\/p>\n<\/div>\n<\/div>\n<p>&nbsp;<\/p>\n","protected":false},"excerpt":{"rendered":"<p>La reciella tira pal monte: propuestes de branu na \u00f1atura L\u2019Agrupaci\u00f3n de Monta\u00f1a Torrecerredo prop\u00f3n prestoses y perinteresantes propuestes pa la reciella y moced\u00e1 que quiera conocer Asturies en tolos sos aspeutos: xeogr\u00e1ficos, clim\u00e1ticos, flora y fauna, xeol\u00f3xicos ecoloxicos, historicos, etnogr\u00e1ficos \u2026. Les actividaes entamaes esti a\u00f1u son dos, los campamentos nel Puertu Bra\u00f1a, pa [&hellip;]<\/p>\n","protected":false},"author":117,"featured_media":0,"comment_status":"open","ping_status":"open","sticky":false,"template":"","format":"standard","meta":{"footnotes":""},"categories":[4],"tags":[],"class_list":["post-6926","post","type-post","status-publish","format-standard","hentry","category-natura"],"_links":{"self":[{"href":"https:\/\/edublog.educastur.es\/ixuxu\/wp-json\/wp\/v2\/posts\/6926","targetHints":{"allow":["GET"]}}],"collection":[{"href":"https:\/\/edublog.educastur.es\/ixuxu\/wp-json\/wp\/v2\/posts"}],"about":[{"href":"https:\/\/edublog.educastur.es\/ixuxu\/wp-json\/wp\/v2\/types\/post"}],"author":[{"embeddable":true,"href":"https:\/\/edublog.educastur.es\/ixuxu\/wp-json\/wp\/v2\/users\/117"}],"replies":[{"embeddable":true,"href":"https:\/\/edublog.educastur.es\/ixuxu\/wp-json\/wp\/v2\/comments?post=6926"}],"version-history":[{"count":3,"href":"https:\/\/edublog.educastur.es\/ixuxu\/wp-json\/wp\/v2\/posts\/6926\/revisions"}],"predecessor-version":[{"id":6929,"href":"https:\/\/edublog.educastur.es\/ixuxu\/wp-json\/wp\/v2\/posts\/6926\/revisions\/6929"}],"wp:attachment":[{"href":"https:\/\/edublog.educastur.es\/ixuxu\/wp-json\/wp\/v2\/media?parent=6926"}],"wp:term":[{"taxonomy":"category","embeddable":true,"href":"https:\/\/edublog.educastur.es\/ixuxu\/wp-json\/wp\/v2\/categories?post=6926"},{"taxonomy":"post_tag","embeddable":true,"href":"https:\/\/edublog.educastur.es\/ixuxu\/wp-json\/wp\/v2\/tags?post=6926"}],"curies":[{"name":"wp","href":"https:\/\/api.w.org\/{rel}","templated":true}]}}