{"id":693,"date":"2020-05-08T10:26:28","date_gmt":"2020-05-08T10:26:28","guid":{"rendered":"https:\/\/edublog.educastur.es\/ixuxu\/?p=693"},"modified":"2020-08-24T22:29:29","modified_gmt":"2020-08-24T22:29:29","slug":"xdla-pola-oficialida","status":"publish","type":"post","link":"https:\/\/edublog.educastur.es\/ixuxu\/2020\/05\/xdla-pola-oficialida\/","title":{"rendered":"XDLA: Pola oficialid\u00e1"},"content":{"rendered":"<div class=\"entry\">\n<p><img loading=\"lazy\" decoding=\"async\" class=\"\" src=\"http:\/\/www.exunta.org\/sites\/default\/files\/banner\/BANNER%20WEB.jpg\" width=\"463\" height=\"176\" \/><\/p>\n<p>A pesar de que\u2019l D\u00eda de les Lletres Asturianes qued\u00f3 aplaz\u00e1u hasta la seronda pola crisis sanitaria pol Covid-19,\u00a0 <span style=\"color: #0000ff\">la XDLA va siguir cola reivindicaci\u00f3n\u00a0 ling\u00fc\u00edstica.\u00a0 <\/span>La organizaci\u00f3n c\u00edvica va llevar la reclamaci\u00f3n de la oficialid\u00e1 de la cai <span style=\"color: #0000ff\">a les redes sociales con delles iniciatives pa que la xente d\u2019Asturies dexe claru\u2019l compromisu col futuru de la llingua asturiana.<\/span><\/p>\n<p>La primer iniciativa va llevase alantre a lo llargo de tola selmana y consiste en que les persones usuaries de les redes sociales xuban <span style=\"color: #0000ff\">semeyes onde se pueda<br \/>\nver la so participaci\u00f3n en dalguna manifestaci\u00f3n del d\u00eda de les Lletres d\u2019a\u00f1os anteriores.\u00a0 <\/span>Hashtags <strong>#YoTuvi #SemeyaMani<\/strong>.<\/p>\n<p><!--more--><\/p>\n<p>Otra manera, <span style=\"color: #0000ff\">el vienres 8 de mayu va entamar una campa\u00f1a en Twitter pa que tolos asturianos tuitien frases sobre la oficialid\u00e1, la llingua asturiana o la falta<br \/>\nd\u2019un marcu llegal afayadizu pal nuestru idioma. Too eso va facese a partir de les 19.00 hores col hashtag #Oficialid\u00e1. <\/span><\/p>\n<p>El <u><span style=\"color: #33cccc\">vienres 8 de mayu <\/span><\/u>cel\u00e9brase\u2019l XLI D\u00eda de les Lletres Asturianes,\u00a0 cita que de manera oficial s\u2019aplaz\u00f3 esti a\u00f1u a la seronda por cuenta de la crisis sanitaria provocada pola pandemia de COVID-19.<\/p>\n<p><a href=\"https:\/\/youtu.be\/BbfXd31ISY4\" target=\"_blank\" rel=\"noopener noreferrer\">\u201cXuntos vamos algamalo\u201d ye\u2019l mensaxe del gaiteru \u00a0<\/a><br \/>\n<a href=\"https:\/\/youtu.be\/BbfXd31ISY4\" target=\"_blank\" rel=\"noopener noreferrer\"><strong>Bras Rodrigo<\/strong> nun videu onde interpreta l\u2019himnu<br \/>\nd\u2019Asturies.<\/a><\/p>\n\n<!-- iframe plugin v.6.0 wordpress.org\/plugins\/iframe\/ -->\n<iframe loading=\"lazy\" width=\"588\" height=\"331\" src=\"https:\/\/www.youtube.com\/embed\/BbfXd31ISY4\" scrolling=\"yes\" class=\"iframe-class\" frameborder=\"0\"><\/iframe>\n\n<p>Con esti trabayu pretende unviar un menxase d\u2019\u00e1nimu a toles asturianes y asturianos nestos momentos complicaos por cuenta del COVID-19.<\/p>\n<\/div>\n","protected":false},"excerpt":{"rendered":"<p>A pesar de que\u2019l D\u00eda de les Lletres Asturianes qued\u00f3 aplaz\u00e1u hasta la seronda pola crisis sanitaria pol Covid-19,\u00a0 la XDLA va siguir cola reivindicaci\u00f3n\u00a0 ling\u00fc\u00edstica.\u00a0 La organizaci\u00f3n c\u00edvica va llevar la reclamaci\u00f3n de la oficialid\u00e1 de la cai a les redes sociales con delles iniciatives pa que la xente d\u2019Asturies dexe claru\u2019l compromisu col [&hellip;]<\/p>\n","protected":false},"author":117,"featured_media":0,"comment_status":"closed","ping_status":"open","sticky":false,"template":"","format":"standard","meta":{"footnotes":""},"categories":[51,50],"tags":[],"class_list":["post-693","post","type-post","status-publish","format-standard","hentry","category-oficialida","category-xdla"],"_links":{"self":[{"href":"https:\/\/edublog.educastur.es\/ixuxu\/wp-json\/wp\/v2\/posts\/693","targetHints":{"allow":["GET"]}}],"collection":[{"href":"https:\/\/edublog.educastur.es\/ixuxu\/wp-json\/wp\/v2\/posts"}],"about":[{"href":"https:\/\/edublog.educastur.es\/ixuxu\/wp-json\/wp\/v2\/types\/post"}],"author":[{"embeddable":true,"href":"https:\/\/edublog.educastur.es\/ixuxu\/wp-json\/wp\/v2\/users\/117"}],"replies":[{"embeddable":true,"href":"https:\/\/edublog.educastur.es\/ixuxu\/wp-json\/wp\/v2\/comments?post=693"}],"version-history":[{"count":2,"href":"https:\/\/edublog.educastur.es\/ixuxu\/wp-json\/wp\/v2\/posts\/693\/revisions"}],"predecessor-version":[{"id":695,"href":"https:\/\/edublog.educastur.es\/ixuxu\/wp-json\/wp\/v2\/posts\/693\/revisions\/695"}],"wp:attachment":[{"href":"https:\/\/edublog.educastur.es\/ixuxu\/wp-json\/wp\/v2\/media?parent=693"}],"wp:term":[{"taxonomy":"category","embeddable":true,"href":"https:\/\/edublog.educastur.es\/ixuxu\/wp-json\/wp\/v2\/categories?post=693"},{"taxonomy":"post_tag","embeddable":true,"href":"https:\/\/edublog.educastur.es\/ixuxu\/wp-json\/wp\/v2\/tags?post=693"}],"curies":[{"name":"wp","href":"https:\/\/api.w.org\/{rel}","templated":true}]}}