{"id":69710,"date":"2026-03-28T08:55:21","date_gmt":"2026-03-28T06:55:21","guid":{"rendered":"https:\/\/edublog.educastur.es\/ixuxu\/?p=69710"},"modified":"2026-03-28T17:27:19","modified_gmt":"2026-03-28T15:27:19","slug":"la-hora-de-la-tierra-28-de-marzu-2026","status":"publish","type":"post","link":"https:\/\/edublog.educastur.es\/ixuxu\/2026\/03\/la-hora-de-la-tierra-28-de-marzu-2026\/","title":{"rendered":"La hora de la Tierra: 28 de marzu 2026"},"content":{"rendered":"<p>Esta iniciativa cumple 20 a\u00f1os demostrando que l&#8217;acci\u00f3n colectiva puede impulsar cambeos reales para&#8217;l clima y la naturaleza.<\/p>\n<p style=\"text-align: center\">\n<!-- iframe plugin v.6.0 wordpress.org\/plugins\/iframe\/ -->\n<iframe loading=\"lazy\" src=\"https:\/\/www.facebook.com\/plugins\/video.php?height=476&#038;href=https%3A%2F%2Fwww.facebook.com%2Freel%2F973164465101248%2F&#038;show_text=false&#038;width=476&#038;t=0\" width=\"476\" height=\"476\" style=\"border:none;overflow:hidden\" scrolling=\"no\" frameborder=\"0\" allowfullscreen=\"true\" allow=\"autoplay; clipboard-write; encrypted-media; picture-in-picture; web-share\" 0=\"\/iframe\" class=\"iframe-class\"><\/iframe>\n<\/p>\n<p>\ud83c\udf0d \ud83c\udf0c\u2728 El 28 de marzu de 2026, millones de persones en tol mundu van xunise por un momentu poderosu: <span style=\"color: #008080\"><strong>la Hora de la Tierra<\/strong>, un movimientu global que nos recuerda c\u00f3mo les pequenes acciones pueden crear un impactu masivu. <\/span>\ud83d\udd52 Hora: 8:30 PM \u2013 9:30 PM (hora local) <span style=\"color: #008080\"><strong>Mientres esta hora, an\u00edmate a apagar toles lluces non esenciales, non y\u00e1 p&#8217;aforrar enerx\u00eda, sin\u00f3n pa unviar un mensaxe de qu&#8217;el nuesu planeta importa. <a href=\"https:\/\/www.instagram.com\/p\/DWbS-FID8Du\/\">REEL<\/a> \/<\/strong><\/span><\/p>\n<p><!--more--><\/p>\n<p><strong>Cuando les ciudaes ap\u00e1guense y les lluces ap\u00e1guense, pasa daqu\u00e9 incre\u00edble:<\/strong><\/p>\n<ul>\n<li>\u2728 El cielu nocherniegu vu\u00e9lvese m\u00e1s claru \u2728Les estrelles rellumen m\u00e1s<\/li>\n<li>\u2728 Y nos reconectamos cola guapura del nuesu universu.\u00a0 Esto ye m\u00e1s qu&#8217;apagar les lluces. Tr\u00e1tase de crear concencia sobre&#8217;l camb\u00e9u clim\u00e1ticu, protexer la naturaleza y recordanos que la Tierra ye l&#8217;\u00fanicu llar que tenemos.Imaxina un mundu onde millones de llares, edificios y llugares d&#8217;inter\u00e9s escur\u00e9cense coles mesmes &#8211; una silenciosa y poderosa declaraci\u00f3n d&#8217;unid\u00e1 pal futuru del nuesu planeta. \ud83c\udf31 Y\u00e1 s\u00eda que teas viendo les estrelles, pasando tiempu cola familia o a cencielles esfrutando del aselu de la nueche &#8211; la to participaci\u00f3n importa.<\/li>\n<li>\ud83c\udf3f Una hora. Un planeta. Una oportunid\u00e1 pa esmolecese. Vamos apagar les lluces&#8230; y activar la conciencia. \ud83d\udc9a<\/li>\n<\/ul>\n<p style=\"text-align: center\">\n<!-- iframe plugin v.6.0 wordpress.org\/plugins\/iframe\/ -->\n<iframe loading=\"lazy\" src=\"https:\/\/www.facebook.com\/plugins\/post.php?href=https%3A%2F%2Fwww.facebook.com%2Fjoyfulseason.8386%2Fposts%2Fpfbid0w5GVPN9D3vkt4ubnaXTZLeTbWXULcTNSn6VPExNbhNx6ttotjn7AJCRzp7Yq3d1Zl&#038;show_text=false&#038;width=500\" width=\"500\" height=\"498\" style=\"border:none;overflow:hidden\" scrolling=\"no\" frameborder=\"0\" allowfullscreen=\"true\" allow=\"autoplay; clipboard-write; encrypted-media; picture-in-picture; web-share\" 0=\"\/iframe\" class=\"iframe-class\"><\/iframe>\n<\/p>\n","protected":false},"excerpt":{"rendered":"<p>Esta iniciativa cumple 20 a\u00f1os demostrando que l&#8217;acci\u00f3n colectiva puede impulsar cambeos reales para&#8217;l clima y la naturaleza. \ud83c\udf0d \ud83c\udf0c\u2728 El 28 de marzu de 2026, millones de persones en tol mundu van xunise por un momentu poderosu: la Hora de la Tierra, un movimientu global que nos recuerda c\u00f3mo les pequenes acciones pueden crear [&hellip;]<\/p>\n","protected":false},"author":117,"featured_media":0,"comment_status":"closed","ping_status":"closed","sticky":false,"template":"","format":"standard","meta":{"footnotes":""},"categories":[1],"tags":[],"class_list":["post-69710","post","type-post","status-publish","format-standard","hentry","category-sin-categoria"],"_links":{"self":[{"href":"https:\/\/edublog.educastur.es\/ixuxu\/wp-json\/wp\/v2\/posts\/69710","targetHints":{"allow":["GET"]}}],"collection":[{"href":"https:\/\/edublog.educastur.es\/ixuxu\/wp-json\/wp\/v2\/posts"}],"about":[{"href":"https:\/\/edublog.educastur.es\/ixuxu\/wp-json\/wp\/v2\/types\/post"}],"author":[{"embeddable":true,"href":"https:\/\/edublog.educastur.es\/ixuxu\/wp-json\/wp\/v2\/users\/117"}],"replies":[{"embeddable":true,"href":"https:\/\/edublog.educastur.es\/ixuxu\/wp-json\/wp\/v2\/comments?post=69710"}],"version-history":[{"count":5,"href":"https:\/\/edublog.educastur.es\/ixuxu\/wp-json\/wp\/v2\/posts\/69710\/revisions"}],"predecessor-version":[{"id":70350,"href":"https:\/\/edublog.educastur.es\/ixuxu\/wp-json\/wp\/v2\/posts\/69710\/revisions\/70350"}],"wp:attachment":[{"href":"https:\/\/edublog.educastur.es\/ixuxu\/wp-json\/wp\/v2\/media?parent=69710"}],"wp:term":[{"taxonomy":"category","embeddable":true,"href":"https:\/\/edublog.educastur.es\/ixuxu\/wp-json\/wp\/v2\/categories?post=69710"},{"taxonomy":"post_tag","embeddable":true,"href":"https:\/\/edublog.educastur.es\/ixuxu\/wp-json\/wp\/v2\/tags?post=69710"}],"curies":[{"name":"wp","href":"https:\/\/api.w.org\/{rel}","templated":true}]}}