{"id":69748,"date":"2026-03-21T12:00:49","date_gmt":"2026-03-21T10:00:49","guid":{"rendered":"https:\/\/edublog.educastur.es\/ixuxu\/?p=69748"},"modified":"2026-03-26T21:41:20","modified_gmt":"2026-03-26T19:41:20","slug":"dia-mundial-de-la-poesia-4","status":"publish","type":"post","link":"https:\/\/edublog.educastur.es\/ixuxu\/2026\/03\/dia-mundial-de-la-poesia-4\/","title":{"rendered":"D\u00eda Mundial de la poes\u00eda"},"content":{"rendered":"<p><a href=\"https:\/\/www.elcomercio.es\/culturas\/libros\/diego-vaya-autor-mejor-poema-mundo-20260321183428-nt.html\">El Comercio<\/a> \/ <a href=\"https:\/\/scontent-bcn1-1.xx.fbcdn.net\/v\/t39.30808-6\/656420847_1653954769356343_7841803997474366786_n.jpg?_nc_cat=104&amp;ccb=1-7&amp;_nc_sid=13d280&amp;_nc_ohc=VfWutS_ZLUIQ7kNvwH7b-0d&amp;_nc_oc=Adohv4-dUB77ChA-m0ulLSakotTCFPZsWw9B8NUb-b_f8A_dJjefD01FAgLr21LxWYQ&amp;_nc_zt=23&amp;_nc_ht=scontent-bcn1-1.xx&amp;_nc_gid=F9FXHql0urGy6P-FZVXuXg&amp;_nc_ss=7a32e&amp;oh=00_AfxSbEnTljDUExnmyOf_b4SyGAL2tTvCcL5SsZH8VA_svw&amp;oe=69C5AB74\">P\u00e1xina<\/a> \/ <span class=\"html-span xexx8yu xyri2b x18d9i69 x1c1uobl x1hl2dhg x16tdsg8 x1vvkbs x3nfvp2 x1j61x8r x1fcty0u xdj266r xat24cr xm2jcoa x1mpyi22 xxymvpz xlup9mm x1kky2od\"><img loading=\"lazy\" decoding=\"async\" class=\"xz74otr x15mokao x1ga7v0g x16uus16 xbiv7yw\" src=\"https:\/\/static.xx.fbcdn.net\/images\/emoji.php\/v9\/t5d\/1\/16\/1f4f7.png\" alt=\"\ud83d\udcf7\" width=\"16\" height=\"16\" \/><\/span> Acompa\u00f1ando a <span class=\"html-span xdj266r x14z9mp xat24cr x1lziwak xexx8yu xyri2b x18d9i69 x1c1uobl x1hl2dhg x16tdsg8 x1vvkbs\"><a class=\"x1i10hfl xjbqb8w x1ejq31n x18oe1m7 x1sy0etr xstzfhl x972fbf x10w94by x1qhh985 x14e42zd x9f619 x1ypdohk xt0psk2 x3ct3a4 xdj266r x14z9mp xat24cr x1lziwak xexx8yu xyri2b x18d9i69 x1c1uobl x16tdsg8 x1hl2dhg xggy1nq x1a2a7pz xkrqix3 x1sur9pj x1fey0fg x1s688f\" role=\"link\" href=\"https:\/\/www.facebook.com\/Saitanlua?__cft__[0]=AZbY5C5GCZb2iYaBtpKOSJuQfw3DExu7t67x96LuwEIafqMdWC8DE3LXO2XrHjhji7zji3jRpIczW-cRuVpppQKpZGlZNs6_M4NFSr8SKvVPDkmEHrDOcbMSGNA7zdLGapa6oExwJQktM8f5iKB3bvp_b7CKjsy8ZFNL0BrxwBQpIdgwiVK-X50RDXrObOuAkWieQ_F-KQ6cV-HfqG_MTqq3&amp;__tn__=-]K-R\"><span class=\"xt0psk2\"><span class=\"xjp7ctv\">Saitanlua Krista-Sai Ruiz<\/span><\/span><\/a><\/span> nel <strong><span style=\"color: #008080\">D\u00eda Mundial de la Poes\u00eda<\/span> <\/strong><span class=\"html-span xexx8yu xyri2b x18d9i69 x1c1uobl x1hl2dhg x16tdsg8 x1vvkbs x3nfvp2 x1j61x8r x1fcty0u xdj266r xat24cr xm2jcoa x1mpyi22 xxymvpz xlup9mm x1kky2od\"><img loading=\"lazy\" decoding=\"async\" class=\"xz74otr x15mokao x1ga7v0g x16uus16 xbiv7yw\" src=\"https:\/\/static.xx.fbcdn.net\/images\/emoji.php\/v9\/t4f\/1\/16\/2712.png\" alt=\"\u2712\ufe0f\" width=\"16\" height=\"16\" \/><\/span> <span class=\"html-span xdj266r x14z9mp xat24cr x1lziwak xexx8yu xyri2b x18d9i69 x1c1uobl x1hl2dhg x16tdsg8 x1vvkbs\"><a class=\"x1i10hfl xjbqb8w x1ejq31n x18oe1m7 x1sy0etr xstzfhl x972fbf x10w94by x1qhh985 x14e42zd x9f619 x1ypdohk xt0psk2 x3ct3a4 xdj266r x14z9mp xat24cr x1lziwak xexx8yu xyri2b x18d9i69 x1c1uobl x16tdsg8 x1hl2dhg xggy1nq x1a2a7pz xkrqix3 x1sur9pj x1fey0fg x1s688f\" role=\"link\" href=\"https:\/\/www.facebook.com\/AsturiasCapitalMundialPoesia?__cft__[0]=AZbY5C5GCZb2iYaBtpKOSJuQfw3DExu7t67x96LuwEIafqMdWC8DE3LXO2XrHjhji7zji3jRpIczW-cRuVpppQKpZGlZNs6_M4NFSr8SKvVPDkmEHrDOcbMSGNA7zdLGapa6oExwJQktM8f5iKB3bvp_b7CKjsy8ZFNL0BrxwBQpIdgwiVK-X50RDXrObOuAkWieQ_F-KQ6cV-HfqG_MTqq3&amp;__tn__=-]K-R\"><span class=\"xt0psk2\"><span class=\"xjp7ctv\">Asturias, Capital Mundial de la Poes\u00eda<\/span><\/span><\/a><\/span> <span class=\"html-span xexx8yu xyri2b x18d9i69 x1c1uobl x1hl2dhg x16tdsg8 x1vvkbs x3nfvp2 x1j61x8r x1fcty0u xdj266r xat24cr xm2jcoa x1mpyi22 xxymvpz xlup9mm x1kky2od\"><img loading=\"lazy\" decoding=\"async\" class=\"xz74otr x15mokao x1ga7v0g x16uus16 xbiv7yw\" src=\"https:\/\/static.xx.fbcdn.net\/images\/emoji.php\/v9\/t4f\/1\/16\/2712.png\" alt=\"\u2712\ufe0f\" width=\"16\" height=\"16\" \/><\/span> M\u00fasica <span class=\"html-span xexx8yu xyri2b x18d9i69 x1c1uobl x1hl2dhg x16tdsg8 x1vvkbs x3nfvp2 x1j61x8r x1fcty0u xdj266r xat24cr xm2jcoa x1mpyi22 xxymvpz xlup9mm x1kky2od\"><img loading=\"lazy\" decoding=\"async\" class=\"xz74otr x15mokao x1ga7v0g x16uus16 xbiv7yw\" src=\"https:\/\/static.xx.fbcdn.net\/images\/emoji.php\/v9\/t4b\/1\/16\/1f3bb.png\" alt=\"\ud83c\udfbb\" width=\"16\" height=\"16\" \/><\/span> <span class=\"html-span xdj266r x14z9mp xat24cr x1lziwak xexx8yu xyri2b x18d9i69 x1c1uobl x1hl2dhg x16tdsg8 x1vvkbs\"><a class=\"x1i10hfl xjbqb8w x1ejq31n x18oe1m7 x1sy0etr xstzfhl x972fbf x10w94by x1qhh985 x14e42zd x9f619 x1ypdohk xt0psk2 x3ct3a4 xdj266r x14z9mp xat24cr x1lziwak xexx8yu xyri2b x18d9i69 x1c1uobl x16tdsg8 x1hl2dhg xggy1nq x1a2a7pz xkrqix3 x1sur9pj x1fey0fg x1s688f\" role=\"link\" href=\"https:\/\/www.facebook.com\/profile.php?id=100024767502648&amp;__cft__[0]=AZbY5C5GCZb2iYaBtpKOSJuQfw3DExu7t67x96LuwEIafqMdWC8DE3LXO2XrHjhji7zji3jRpIczW-cRuVpppQKpZGlZNs6_M4NFSr8SKvVPDkmEHrDOcbMSGNA7zdLGapa6oExwJQktM8f5iKB3bvp_b7CKjsy8ZFNL0BrxwBQpIdgwiVK-X50RDXrObOuAkWieQ_F-KQ6cV-HfqG_MTqq3&amp;__tn__=-]K-R\"><span class=\"xt0psk2\"><span class=\"xjp7ctv\">Ana Cora Violinista Asturias<\/span><\/span><\/a><\/span>.<\/p>\n<p style=\"text-align: center\">\n<!-- iframe plugin v.6.0 wordpress.org\/plugins\/iframe\/ -->\n<iframe loading=\"lazy\" src=\"https:\/\/www.facebook.com\/plugins\/post.php?href=https%3A%2F%2Fwww.facebook.com%2Fisa.lobo.35%2Fposts%2Fpfbid0NV4U7J7GM8XkaYc1VmbYFGRW5mQjCpLbpuLuw2kiATqg5ydcVzoSRfdNRgQa5Gjxl&#038;show_text=true&#038;width=500\" width=\"500\" height=\"600\" style=\"border:none;overflow:hidden\" scrolling=\"no\" frameborder=\"0\" allowfullscreen=\"true\" allow=\"autoplay; clipboard-write; encrypted-media; picture-in-picture; web-share\" 0=\"\/iframe\" class=\"iframe-class\"><\/iframe>\n<\/p>\n<p><!--more--><\/p>\n<p>&nbsp;<\/p>\n<p style=\"text-align: center\">\n<!-- iframe plugin v.6.0 wordpress.org\/plugins\/iframe\/ -->\n<iframe loading=\"lazy\" src=\"https:\/\/www.facebook.com\/plugins\/post.php?href=https%3A%2F%2Fwww.facebook.com%2Fisa.lobo.35%2Fposts%2Fpfbid02wn7TxQnxWVYEq1x6VGUpSt79zzWxfMFx7cfDbPUYamrJsaG7ETTWjzdUASbQxvgMl&#038;show_text=true&#038;width=500\" width=\"500\" height=\"683\" style=\"border:none;overflow:hidden\" scrolling=\"no\" frameborder=\"0\" allowfullscreen=\"true\" allow=\"autoplay; clipboard-write; encrypted-media; picture-in-picture; web-share\" 0=\"\/iframe\" class=\"iframe-class\"><\/iframe>\n<\/p>\n<p style=\"text-align: center\"><em>L&#8217;edificiu hist\u00f3ricu de la Universid\u00e1 d&#8217;Uvi\u00e9u allug\u00f3 un marat\u00f3n po\u00e9ticu<\/em>. \u00c1lex Pi\u00f1a<\/p>\n<p style=\"text-align: center\"><a href=\"https:\/\/s2.ppllstatics.com\/elcomercio\/www\/multimedia\/2026\/03\/21\/maratondepoesia1-RZnW9U24YxyVFAne50It0jI-1200x840@El%20Comercio.jpg\"><img loading=\"lazy\" decoding=\"async\" class=\"aligncenter size-large\" src=\"https:\/\/s2.ppllstatics.com\/elcomercio\/www\/multimedia\/2026\/03\/21\/maratondepoesia1-RZnW9U24YxyVFAne50It0jI-1200x840@El%20Comercio.jpg\" width=\"1200\" height=\"840\" \/><\/a><\/p>\n<p>Diego Vaya, autor del Meyor Poema del Mundu. L&#8217;escritor sevillanu llogr\u00f3&#8217;l XIII Premiu Xovellanos de Poes\u00eda de Edici\u00f3n Nobel n&#8217;una xornada apinada d&#8217;actos en redol al D\u00eda Mundial de la lliteratura ll\u00edrica.<\/p>\n<p>\u270d\ud83c\udffbCon motivu del \ud835\uddd7\ud835\uddf6\u0301\ud835\uddee \ud835\udde0\ud835\ude02\ud835\uddfb\ud835\uddf1\ud835\uddf6\ud835\uddee\ud835\uddf9 \ud835\uddf1\ud835\uddf2 \ud835\uddf9\ud835\uddee \ud835\udde3\ud835\uddfc\ud835\uddf2\ud835\ude00\ud835\uddf6\u0301\ud835\uddee, l&#8217;Hospital Universitariu Central (HUCA), l&#8217;Hospital Universitariu de Cabue\u00f1es (CAHU) y l&#8217;Hospital d&#8217;Oriente, ente otros, apurrieron unos d\u00edpticos acompa\u00f1ando les bandexes de comida de los pacientes que s&#8217;atopen hospitalizaos<br \/>\n\ud83d\udcddLa iniciativa parte d&#8217;Asturies Capital Mundial de la Poes\u00eda qu&#8217;angua\u00f1o escoy\u00f3 los versos de Graciano Garc\u00eda.<\/p>\n<p style=\"text-align: center\">\n<!-- iframe plugin v.6.0 wordpress.org\/plugins\/iframe\/ -->\n<iframe loading=\"lazy\" src=\"https:\/\/www.facebook.com\/plugins\/post.php?href=https%3A%2F%2Fwww.facebook.com%2Fastursalud%2Fposts%2Fpfbid04ALW38nNPBPfAVzCvp6zqLeeZMxcDQzMC6yafyNsF3omJBXUukFyKhKkVq2BKiyBl&#038;show_text=true&#038;width=500\" width=\"500\" height=\"747\" style=\"border:none;overflow:hidden\" scrolling=\"no\" frameborder=\"0\" allowfullscreen=\"true\" allow=\"autoplay; clipboard-write; encrypted-media; picture-in-picture; web-share\" 0=\"\/iframe\" class=\"iframe-class\"><\/iframe>\n<\/p>\n<div class=\"xdj266r x14z9mp xat24cr x1lziwak x1vvkbs x126k92a\"><\/div>\n<div class=\"x14z9mp xat24cr x1lziwak x1vvkbs xtlvy1s x126k92a\">\n<div dir=\"auto\">G\u00fcei celebramos el poder de les palabres para inspirar, emocionar y educar. La poes\u00eda con\u00e9ctanos coles nueses emociones y ens\u00e9\u00f1anos a ver el mundu de manera distinta. \u00a1Que nunca falte la poes\u00eda nes nueses vides! <span class=\"html-span xdj266r x14z9mp xat24cr x1lziwak xexx8yu xyri2b x18d9i69 x1c1uobl x1hl2dhg x16tdsg8 x1vvkbs\"><a class=\"x1i10hfl xjbqb8w x1ejq31n x18oe1m7 x1sy0etr xstzfhl x972fbf x10w94by x1qhh985 x14e42zd x9f619 x1ypdohk xt0psk2 x3ct3a4 xdj266r x14z9mp xat24cr x1lziwak xexx8yu xyri2b x18d9i69 x1c1uobl x16tdsg8 x1hl2dhg xggy1nq x1a2a7pz xkrqix3 x1sur9pj x1fey0fg x1s688f\" role=\"link\" href=\"https:\/\/www.facebook.com\/hashtag\/d%C3%ADamundialdelapoes%C3%ADa?__eep__=6&amp;__cft__[0]=AZZmKYqzdwCh-_rYtj0ZEx6LdvX3bGukZIsAw2dRGqSPammcPOhRWKWKqudzzKNxa6xl21clLeCI0YPGVeCr8WxnaM_euAFtutGl3c99arZK_eTxaSvPdu2tI7KelUMFSZ61wlVoXGSZgoiSUvjQCLGmeOMvprL1hGhJW8szgUrjrf1BvHiJ2wYMtb0C1BFv2MMd4oxa18XnDGOBf0TfjuP9&amp;__tn__=*NK-y-R\">#D\u00edaMundialDeLaPoes\u00eda<\/a><\/span> <span class=\"html-span xdj266r x14z9mp xat24cr x1lziwak xexx8yu xyri2b x18d9i69 x1c1uobl x1hl2dhg x16tdsg8 x1vvkbs\"><a class=\"x1i10hfl xjbqb8w x1ejq31n x18oe1m7 x1sy0etr xstzfhl x972fbf x10w94by x1qhh985 x14e42zd x9f619 x1ypdohk xt0psk2 x3ct3a4 xdj266r x14z9mp xat24cr x1lziwak xexx8yu xyri2b x18d9i69 x1c1uobl x16tdsg8 x1hl2dhg xggy1nq x1a2a7pz xkrqix3 x1sur9pj x1fey0fg x1s688f\" role=\"link\" href=\"https:\/\/www.facebook.com\/hashtag\/educaci%C3%B3n?__eep__=6&amp;__cft__[0]=AZZmKYqzdwCh-_rYtj0ZEx6LdvX3bGukZIsAw2dRGqSPammcPOhRWKWKqudzzKNxa6xl21clLeCI0YPGVeCr8WxnaM_euAFtutGl3c99arZK_eTxaSvPdu2tI7KelUMFSZ61wlVoXGSZgoiSUvjQCLGmeOMvprL1hGhJW8szgUrjrf1BvHiJ2wYMtb0C1BFv2MMd4oxa18XnDGOBf0TfjuP9&amp;__tn__=*NK-y-R\">#Educaci\u00f3n<\/a><\/span> <span class=\"html-span xdj266r x14z9mp xat24cr x1lziwak xexx8yu xyri2b x18d9i69 x1c1uobl x1hl2dhg x16tdsg8 x1vvkbs\"><a class=\"x1i10hfl xjbqb8w x1ejq31n x18oe1m7 x1sy0etr xstzfhl x972fbf x10w94by x1qhh985 x14e42zd x9f619 x1ypdohk xt0psk2 x3ct3a4 xdj266r x14z9mp xat24cr x1lziwak xexx8yu xyri2b x18d9i69 x1c1uobl x16tdsg8 x1hl2dhg xggy1nq x1a2a7pz xkrqix3 x1sur9pj x1fey0fg x1s688f\" role=\"link\" href=\"https:\/\/www.facebook.com\/hashtag\/cultura?__eep__=6&amp;__cft__[0]=AZZmKYqzdwCh-_rYtj0ZEx6LdvX3bGukZIsAw2dRGqSPammcPOhRWKWKqudzzKNxa6xl21clLeCI0YPGVeCr8WxnaM_euAFtutGl3c99arZK_eTxaSvPdu2tI7KelUMFSZ61wlVoXGSZgoiSUvjQCLGmeOMvprL1hGhJW8szgUrjrf1BvHiJ2wYMtb0C1BFv2MMd4oxa18XnDGOBf0TfjuP9&amp;__tn__=*NK-y-R\">#Cultura<\/a><\/span><\/div>\n<div dir=\"auto\"><\/div>\n<div dir=\"auto\" style=\"text-align: center\"><\/div>\n<div dir=\"auto\" style=\"text-align: center\"><a href=\"https:\/\/pbs.twimg.com\/media\/HD7E9hRWAAAQ1nv?format=jpg&amp;name=large\"><img loading=\"lazy\" decoding=\"async\" class=\"aligncenter \" src=\"https:\/\/pbs.twimg.com\/media\/HD7E9hRWAAAQ1nv?format=jpg&amp;name=large\" width=\"719\" height=\"900\" \/><\/a><\/div>\n<\/div>\n<p>&nbsp;<\/p>\n<p>&nbsp;<\/p>\n","protected":false},"excerpt":{"rendered":"<p>El Comercio \/ P\u00e1xina \/ Acompa\u00f1ando a Saitanlua Krista-Sai Ruiz nel D\u00eda Mundial de la Poes\u00eda Asturias, Capital Mundial de la Poes\u00eda M\u00fasica Ana Cora Violinista Asturias.<\/p>\n","protected":false},"author":117,"featured_media":0,"comment_status":"closed","ping_status":"closed","sticky":false,"template":"","format":"standard","meta":{"footnotes":""},"categories":[6,39],"tags":[],"class_list":["post-69748","post","type-post","status-publish","format-standard","hentry","category-dia-de","category-poesia"],"_links":{"self":[{"href":"https:\/\/edublog.educastur.es\/ixuxu\/wp-json\/wp\/v2\/posts\/69748","targetHints":{"allow":["GET"]}}],"collection":[{"href":"https:\/\/edublog.educastur.es\/ixuxu\/wp-json\/wp\/v2\/posts"}],"about":[{"href":"https:\/\/edublog.educastur.es\/ixuxu\/wp-json\/wp\/v2\/types\/post"}],"author":[{"embeddable":true,"href":"https:\/\/edublog.educastur.es\/ixuxu\/wp-json\/wp\/v2\/users\/117"}],"replies":[{"embeddable":true,"href":"https:\/\/edublog.educastur.es\/ixuxu\/wp-json\/wp\/v2\/comments?post=69748"}],"version-history":[{"count":10,"href":"https:\/\/edublog.educastur.es\/ixuxu\/wp-json\/wp\/v2\/posts\/69748\/revisions"}],"predecessor-version":[{"id":70215,"href":"https:\/\/edublog.educastur.es\/ixuxu\/wp-json\/wp\/v2\/posts\/69748\/revisions\/70215"}],"wp:attachment":[{"href":"https:\/\/edublog.educastur.es\/ixuxu\/wp-json\/wp\/v2\/media?parent=69748"}],"wp:term":[{"taxonomy":"category","embeddable":true,"href":"https:\/\/edublog.educastur.es\/ixuxu\/wp-json\/wp\/v2\/categories?post=69748"},{"taxonomy":"post_tag","embeddable":true,"href":"https:\/\/edublog.educastur.es\/ixuxu\/wp-json\/wp\/v2\/tags?post=69748"}],"curies":[{"name":"wp","href":"https:\/\/api.w.org\/{rel}","templated":true}]}}