{"id":69753,"date":"2026-03-22T09:00:48","date_gmt":"2026-03-22T07:00:48","guid":{"rendered":"https:\/\/edublog.educastur.es\/ixuxu\/?p=69753"},"modified":"2026-03-22T13:50:32","modified_gmt":"2026-03-22T11:50:32","slug":"dia-mundial-del-agua-3","status":"publish","type":"post","link":"https:\/\/edublog.educastur.es\/ixuxu\/2026\/03\/dia-mundial-del-agua-3\/","title":{"rendered":"D\u00eda Mundial del agua"},"content":{"rendered":"<div class=\"xdj266r x14z9mp xat24cr x1lziwak x1vvkbs x126k92a\">\n<div dir=\"auto\"><span class=\"html-span xexx8yu xyri2b x18d9i69 x1c1uobl x1hl2dhg x16tdsg8 x1vvkbs x3nfvp2 x1j61x8r x1fcty0u xdj266r xat24cr xm2jcoa x1mpyi22 xxymvpz xlup9mm x1kky2od\"><img loading=\"lazy\" decoding=\"async\" class=\"xz74otr x15mokao x1ga7v0g x16uus16 xbiv7yw\" src=\"https:\/\/static.xx.fbcdn.net\/images\/emoji.php\/v9\/t42\/1\/16\/1f4a7.png\" alt=\"\ud83d\udca7\" width=\"16\" height=\"16\" \/><\/span><span class=\"html-span xexx8yu xyri2b x18d9i69 x1c1uobl x1hl2dhg x16tdsg8 x1vvkbs x3nfvp2 x1j61x8r x1fcty0u xdj266r xat24cr xm2jcoa x1mpyi22 xxymvpz xlup9mm x1kky2od\"><img loading=\"lazy\" decoding=\"async\" class=\"xz74otr x15mokao x1ga7v0g x16uus16 xbiv7yw\" src=\"https:\/\/static.xx.fbcdn.net\/images\/emoji.php\/v9\/t3f\/1\/16\/1f30d.png\" alt=\"\ud83c\udf0d\" width=\"16\" height=\"16\" \/><\/span> <span class=\"html-span xdj266r x14z9mp xat24cr x1lziwak xexx8yu xyri2b x18d9i69 x1c1uobl x1hl2dhg x16tdsg8 x1vvkbs\"><a class=\"x1i10hfl xjbqb8w x1ejq31n x18oe1m7 x1sy0etr xstzfhl x972fbf x10w94by x1qhh985 x14e42zd x9f619 x1ypdohk xt0psk2 x3ct3a4 xdj266r x14z9mp xat24cr x1lziwak xexx8yu xyri2b x18d9i69 x1c1uobl x16tdsg8 x1hl2dhg xggy1nq x1a2a7pz xkrqix3 x1sur9pj x1fey0fg x1s688f\" role=\"link\" href=\"https:\/\/www.facebook.com\/hashtag\/22m?__eep__=6&amp;__cft__[0]=AZa6bH6wL68jXuz0_DK0vMbRDG6BRxKX02b-k8STHXdRW4ALcxA6knlfb5fCH1s37eFxcLWnjE9xi8oo3nHoGk-rnSr-JWreSgh4jQayO_s0phClOrEVmmtSjVU8FpSTxsDLyH0nVstvpRHfxHf_dYn1yio7KAUFC4tanTQGuRQ67ka9bdULuj2VMSBa4b5-KFcEosudv-ncdLLpWB1k06h5&amp;__tn__=*NK-y-R\">#22M<\/a><\/span> | <span class=\"html-span xdj266r x14z9mp xat24cr x1lziwak xexx8yu xyri2b x18d9i69 x1c1uobl x1hl2dhg x16tdsg8 x1vvkbs\"><a class=\"x1i10hfl xjbqb8w x1ejq31n x18oe1m7 x1sy0etr xstzfhl x972fbf x10w94by x1qhh985 x14e42zd x9f619 x1ypdohk xt0psk2 x3ct3a4 xdj266r x14z9mp xat24cr x1lziwak xexx8yu xyri2b x18d9i69 x1c1uobl x16tdsg8 x1hl2dhg xggy1nq x1a2a7pz xkrqix3 x1sur9pj x1fey0fg x1s688f\" role=\"link\" href=\"https:\/\/www.facebook.com\/hashtag\/d%C3%ADamundialdelagua?__eep__=6&amp;__cft__[0]=AZa6bH6wL68jXuz0_DK0vMbRDG6BRxKX02b-k8STHXdRW4ALcxA6knlfb5fCH1s37eFxcLWnjE9xi8oo3nHoGk-rnSr-JWreSgh4jQayO_s0phClOrEVmmtSjVU8FpSTxsDLyH0nVstvpRHfxHf_dYn1yio7KAUFC4tanTQGuRQ67ka9bdULuj2VMSBa4b5-KFcEosudv-ncdLLpWB1k06h5&amp;__tn__=*NK-y-R\">#D\u00edaMundialDelAgua<\/a><\/span><\/div>\n<\/div>\n<div class=\"x14z9mp xat24cr x1lziwak x1vvkbs xtlvy1s x126k92a\">\n<div dir=\"auto\" style=\"text-align: center\">\n<p>1 de cada 4 persones nel mundu ent\u00e1 nun tien accesu a agua potable segura \ud83d\udebf\u00a0La perda de biodiversid\u00e1 debilita la capacid\u00e1 de los ecosistemes para depurar l&#8217;agua y aumenta los riesgos para la sal\u00fa. Curiar la naturaleza ye curiar l&#8217;agua.<\/p>\n<p><span class=\"x193iq5w xeuugli x13faqbe x1vvkbs x1xmvt09 x1lliihq x1s928wv xhkezso x1gmr53x x1cpjm7i x1fgarty x1943h6x xudqn12 x3x7a5m x1f6kntn xvq8zen xo1l8bm xzsf02u\" dir=\"auto\"><span class=\"x193iq5w xeuugli x13faqbe x1vvkbs xt0psk2 x1i0vuye xvs91rp xo1l8bm x5n08af x10wh9bi xpm28yp x8viiok x1o7cslx x126k92a\"><span class=\"html-span xexx8yu x4uap5 x18d9i69 xkhd6sd x1hl2dhg x16tdsg8 x1vvkbs x3nfvp2 x1j61x8r x1fcty0u xdj266r xat24cr xgzva0m xhhsvwb xxymvpz xlup9mm x1kky2od\">\n<!-- iframe plugin v.6.0 wordpress.org\/plugins\/iframe\/ -->\n<iframe loading=\"lazy\" src=\"https:\/\/www.instagram.com\/p\/DWLsG_9DYfb\/embed\" width=\"500\" height=\"670\" 0=\"\/iframe\" scrolling=\"yes\" class=\"iframe-class\" frameborder=\"0\"><\/iframe>\n<\/span><\/span><\/span><\/p>\n<\/div>\n<div dir=\"auto\">Angua\u00f1o, la <strong>ONU pon el focu na relaci\u00f3n ente l&#8217;agua y l&#8217;iguald\u00e1 de x\u00e9neru.<\/strong><\/div>\n<div dir=\"auto\"><!--more--><\/div>\n<div dir=\"auto\"><\/div>\n<div dir=\"auto\">Ensin accesu seguru a l&#8217;agua, al saneamientu y a la hixene, millones de muyeres y ne\u00f1es ven afectaes la so sal\u00fa, la so educaci\u00f3n, el so tiempu y les sos oportunidaes, y\u00e1 que nos pa\u00edses menos desenvueltos son elles les que s&#8217;encarguen de la recoyida y xesti\u00f3n de l&#8217;agua. L&#8217;accesu a l&#8217;agua nun ye solo xuna necesid\u00e1 b\u00e1sica: ye tami\u00e9n una cuesti\u00f3n de derechos, dignid\u00e1 ya iguald\u00e1.<\/div>\n<div dir=\"auto\"><\/div>\n<div dir=\"auto\" style=\"text-align: center\"><span class=\"x193iq5w xeuugli x13faqbe x1vvkbs x1xmvt09 x1lliihq x1s928wv xhkezso x1gmr53x x1cpjm7i x1fgarty x1943h6x xudqn12 x3x7a5m x1f6kntn xvq8zen xo1l8bm xzsf02u\" dir=\"auto\"><span class=\"x193iq5w xeuugli x13faqbe x1vvkbs xt0psk2 x1i0vuye xvs91rp xo1l8bm x5n08af x10wh9bi xpm28yp x8viiok x1o7cslx x126k92a\"><span class=\"html-span xexx8yu x4uap5 x18d9i69 xkhd6sd x1hl2dhg x16tdsg8 x1vvkbs x3nfvp2 x1j61x8r x1fcty0u xdj266r xat24cr xgzva0m xhhsvwb xxymvpz xlup9mm x1kky2od\">\n<!-- iframe plugin v.6.0 wordpress.org\/plugins\/iframe\/ -->\n<iframe loading=\"lazy\" src=\"https:\/\/www.instagram.com\/p\/DV8Pz07jLuL\/embed\" width=\"500\" height=\"640\" 0=\"\/iframe\" scrolling=\"yes\" class=\"iframe-class\" frameborder=\"0\"><\/iframe>\n<\/span><\/span><\/span><\/div>\n<div dir=\"auto\"><\/div>\n<div dir=\"auto\">\n<p>L&#8217;agua danos vida tolos d\u00edes, non solo n&#8217;una fecha especial. \ud83d\udca7Cada peque\u00f1u xesto cuenta: cerrar el grifu, reutilizar l&#8217;agua y protexer les nueses fontes naturales son acciones simples que pueden xenerar un gran camb\u00e9u.\u00a0 Curiar l&#8217;agua ye curiar el nuesu presente y el nuesu futuru. Faig\u00e1moslo tolos d\u00edes. <a href=\"https:\/\/www.instagram.com\/p\/DVjGHEFkW41\/\">VIDEU<\/a><\/p>\n<p style=\"text-align: center\"><span class=\"x193iq5w xeuugli x13faqbe x1vvkbs x1xmvt09 x1lliihq x1s928wv xhkezso x1gmr53x x1cpjm7i x1fgarty x1943h6x xudqn12 x3x7a5m x1f6kntn xvq8zen xo1l8bm xzsf02u\" dir=\"auto\"><span class=\"x193iq5w xeuugli x13faqbe x1vvkbs xt0psk2 x1i0vuye xvs91rp xo1l8bm x5n08af x10wh9bi xpm28yp x8viiok x1o7cslx x126k92a\"><span class=\"html-span xexx8yu x4uap5 x18d9i69 xkhd6sd x1hl2dhg x16tdsg8 x1vvkbs x3nfvp2 x1j61x8r x1fcty0u xdj266r xat24cr xgzva0m xhhsvwb xxymvpz xlup9mm x1kky2od\">\n<!-- iframe plugin v.6.0 wordpress.org\/plugins\/iframe\/ -->\n<iframe loading=\"lazy\" src=\"https:\/\/www.instagram.com\/p\/DHhT16aRlM8\/embed\" width=\"500\" height=\"670\" 0=\"\/iframe\" scrolling=\"yes\" class=\"iframe-class\" frameborder=\"0\"><\/iframe>\n<\/span><\/span><\/span><\/p>\n<\/div>\n<div dir=\"auto\"><\/div>\n<div dir=\"auto\">G\u00fcei volvemos poner el focu nun recursu esencial para la vida\u2026 y cada vez m\u00e1s compromet\u00edu pol camb\u00e9u clim\u00e1ticu, la presi\u00f3n sobro los ecosistemes y la creciente demanda global. Preparemos un v\u00eddeu pa cavilgar sobro daqu\u00e9 bien cotidianu: \u00bfcu\u00e1nta agua utilizamos nun solu momentu del d\u00eda?<\/div>\n<div dir=\"auto\" style=\"text-align: center\">\n<!-- iframe plugin v.6.0 wordpress.org\/plugins\/iframe\/ -->\n<iframe loading=\"lazy\" src=\"https:\/\/www.facebook.com\/plugins\/video.php?height=314&#038;href=https%3A%2F%2Fwww.facebook.com%2Freel%2F2405214693280807%2F&#038;show_text=false&#038;width=560&#038;t=0\" width=\"560\" height=\"314\" style=\"border:none;overflow:hidden\" scrolling=\"no\" frameborder=\"0\" allowfullscreen=\"true\" allow=\"autoplay; clipboard-write; encrypted-media; picture-in-picture; web-share\" 0=\"\/iframe\" class=\"iframe-class\"><\/iframe>\n<\/div>\n<\/div>\n<p><span class=\"html-span xexx8yu xyri2b x18d9i69 x1c1uobl x1hl2dhg x16tdsg8 x1vvkbs x3nfvp2 x1j61x8r x1fcty0u xdj266r xat24cr xm2jcoa x1mpyi22 xxymvpz xlup9mm x1kky2od\"><img loading=\"lazy\" decoding=\"async\" class=\"xz74otr x15mokao x1ga7v0g x16uus16 xbiv7yw\" src=\"https:\/\/static.xx.fbcdn.net\/images\/emoji.php\/v9\/t42\/1\/16\/1f4a7.png\" alt=\"\ud83d\udca7\" width=\"16\" height=\"16\" \/><\/span> El <span class=\"html-span xdj266r x14z9mp xat24cr x1lziwak xexx8yu xyri2b x18d9i69 x1c1uobl x1hl2dhg x16tdsg8 x1vvkbs\"><a class=\"x1i10hfl xjbqb8w x1ejq31n x18oe1m7 x1sy0etr xstzfhl x972fbf x10w94by x1qhh985 x14e42zd x9f619 x1ypdohk xt0psk2 x3ct3a4 xdj266r x14z9mp xat24cr x1lziwak xexx8yu xyri2b x18d9i69 x1c1uobl x16tdsg8 x1hl2dhg xggy1nq x1a2a7pz xkrqix3 x1sur9pj x1fey0fg x1s688f\" role=\"link\" href=\"https:\/\/www.facebook.com\/hashtag\/d%C3%ADamundialdelagua?__eep__=6&amp;__cft__[0]=AZa6bH6wL68jXuz0_DK0vMbRDG6BRxKX02b-k8STHXdRW4ALcxA6knlfb5fCH1s37eFxcLWnjE9xi8oo3nHoGk-rnSr-JWreSgh4jQayO_s0phClOrEVmmtSjVU8FpSTxsDLyH0nVstvpRHfxHf_dYn1yio7KAUFC4tanTQGuRQ67ka9bdULuj2VMSBa4b5-KFcEosudv-ncdLLpWB1k06h5&amp;__tn__=*NK-y-R\">#D\u00edaMundialDelAgua<\/a><\/span> cel\u00e9brase cada 22 de marzu dende 1993, impuls\u00e1u por Naciones Xun\u00edes-ONU, para recordar el valor del agua duce y la necesid\u00e1 de protexela.<\/p>\n<div class=\"x14z9mp xat24cr x1lziwak x1vvkbs xtlvy1s x126k92a\">\n<div dir=\"auto\"><span class=\"html-span xdj266r x14z9mp xat24cr x1lziwak xexx8yu xyri2b x18d9i69 x1c1uobl x1hl2dhg x16tdsg8 x1vvkbs\"><a class=\"x1i10hfl xjbqb8w x1ejq31n x18oe1m7 x1sy0etr xstzfhl x972fbf x10w94by x1qhh985 x14e42zd x9f619 x1ypdohk xt0psk2 x3ct3a4 xdj266r x14z9mp xat24cr x1lziwak xexx8yu xyri2b x18d9i69 x1c1uobl x16tdsg8 x1hl2dhg xggy1nq x1a2a7pz xkrqix3 x1sur9pj x1fey0fg x1s688f\" role=\"link\" href=\"https:\/\/www.facebook.com\/hashtag\/compromisoambiental?__eep__=6&amp;__cft__[0]=AZa6bH6wL68jXuz0_DK0vMbRDG6BRxKX02b-k8STHXdRW4ALcxA6knlfb5fCH1s37eFxcLWnjE9xi8oo3nHoGk-rnSr-JWreSgh4jQayO_s0phClOrEVmmtSjVU8FpSTxsDLyH0nVstvpRHfxHf_dYn1yio7KAUFC4tanTQGuRQ67ka9bdULuj2VMSBa4b5-KFcEosudv-ncdLLpWB1k06h5&amp;__tn__=*NK-y-R\">#CompromisoAmbiental<\/a><\/span> <span class=\"html-span xexx8yu xyri2b x18d9i69 x1c1uobl x1hl2dhg x16tdsg8 x1vvkbs x3nfvp2 x1j61x8r x1fcty0u xdj266r xat24cr xm2jcoa x1mpyi22 xxymvpz xlup9mm x1kky2od\"><img loading=\"lazy\" decoding=\"async\" class=\"xz74otr x15mokao x1ga7v0g x16uus16 xbiv7yw\" src=\"https:\/\/static.xx.fbcdn.net\/images\/emoji.php\/v9\/t6b\/1\/16\/1f333.png\" alt=\"\ud83c\udf33\" width=\"16\" height=\"16\" \/><\/span> <span class=\"html-span xdj266r x14z9mp xat24cr x1lziwak xexx8yu xyri2b x18d9i69 x1c1uobl x1hl2dhg x16tdsg8 x1vvkbs\"><a class=\"x1i10hfl xjbqb8w x1ejq31n x18oe1m7 x1sy0etr xstzfhl x972fbf x10w94by x1qhh985 x14e42zd x9f619 x1ypdohk xt0psk2 x3ct3a4 xdj266r x14z9mp xat24cr x1lziwak xexx8yu xyri2b x18d9i69 x1c1uobl x16tdsg8 x1hl2dhg xggy1nq x1a2a7pz xkrqix3 x1sur9pj x1fey0fg x1s688f\" role=\"link\" href=\"https:\/\/www.facebook.com\/hashtag\/elvalordelagua?__eep__=6&amp;__cft__[0]=AZa6bH6wL68jXuz0_DK0vMbRDG6BRxKX02b-k8STHXdRW4ALcxA6knlfb5fCH1s37eFxcLWnjE9xi8oo3nHoGk-rnSr-JWreSgh4jQayO_s0phClOrEVmmtSjVU8FpSTxsDLyH0nVstvpRHfxHf_dYn1yio7KAUFC4tanTQGuRQ67ka9bdULuj2VMSBa4b5-KFcEosudv-ncdLLpWB1k06h5&amp;__tn__=*NK-y-R\">#ElValorDelAgua<\/a><\/span> <span class=\"html-span xdj266r x14z9mp xat24cr x1lziwak xexx8yu xyri2b x18d9i69 x1c1uobl x1hl2dhg x16tdsg8 x1vvkbs\"><a class=\"x1i10hfl xjbqb8w x1ejq31n x18oe1m7 x1sy0etr xstzfhl x972fbf x10w94by x1qhh985 x14e42zd x9f619 x1ypdohk xt0psk2 x3ct3a4 xdj266r x14z9mp xat24cr x1lziwak xexx8yu xyri2b x18d9i69 x1c1uobl x16tdsg8 x1hl2dhg xggy1nq x1a2a7pz xkrqix3 x1sur9pj x1fey0fg x1s688f\" role=\"link\" href=\"https:\/\/www.facebook.com\/hashtag\/sostenibilidad?__eep__=6&amp;__cft__[0]=AZa6bH6wL68jXuz0_DK0vMbRDG6BRxKX02b-k8STHXdRW4ALcxA6knlfb5fCH1s37eFxcLWnjE9xi8oo3nHoGk-rnSr-JWreSgh4jQayO_s0phClOrEVmmtSjVU8FpSTxsDLyH0nVstvpRHfxHf_dYn1yio7KAUFC4tanTQGuRQ67ka9bdULuj2VMSBa4b5-KFcEosudv-ncdLLpWB1k06h5&amp;__tn__=*NK-y-R\">#Sostenibilidad<\/a><\/span><\/div>\n<div dir=\"auto\"><span class=\"html-span xdj266r x14z9mp xat24cr x1lziwak xexx8yu xyri2b x18d9i69 x1c1uobl x1hl2dhg x16tdsg8 x1vvkbs\"><a class=\"x1i10hfl xjbqb8w x1ejq31n x18oe1m7 x1sy0etr xstzfhl x972fbf x10w94by x1qhh985 x14e42zd x9f619 x1ypdohk xt0psk2 x3ct3a4 xdj266r x14z9mp xat24cr x1lziwak xexx8yu xyri2b x18d9i69 x1c1uobl x16tdsg8 x1hl2dhg xggy1nq x1a2a7pz xkrqix3 x1sur9pj x1fey0fg x1s688f\" role=\"link\" href=\"https:\/\/www.facebook.com\/hashtag\/elpatrimoniodelosvalores?__eep__=6&amp;__cft__[0]=AZa6bH6wL68jXuz0_DK0vMbRDG6BRxKX02b-k8STHXdRW4ALcxA6knlfb5fCH1s37eFxcLWnjE9xi8oo3nHoGk-rnSr-JWreSgh4jQayO_s0phClOrEVmmtSjVU8FpSTxsDLyH0nVstvpRHfxHf_dYn1yio7KAUFC4tanTQGuRQ67ka9bdULuj2VMSBa4b5-KFcEosudv-ncdLLpWB1k06h5&amp;__tn__=*NK-y-R\">#Elpatrimoniodelosvalores<\/a><\/span><span class=\"html-span xexx8yu xyri2b x18d9i69 x1c1uobl x1hl2dhg x16tdsg8 x1vvkbs x3nfvp2 x1j61x8r x1fcty0u xdj266r xat24cr xm2jcoa x1mpyi22 xxymvpz xlup9mm x1kky2od\"><img loading=\"lazy\" decoding=\"async\" class=\"xz74otr x15mokao x1ga7v0g x16uus16 xbiv7yw\" src=\"https:\/\/static.xx.fbcdn.net\/images\/emoji.php\/v9\/t98\/1\/16\/1f49e.png\" alt=\"\ud83d\udc9e\" width=\"16\" height=\"16\" \/><\/span><\/div>\n<div dir=\"auto\"><\/div>\n<div dir=\"auto\" style=\"text-align: center\">\n<!-- iframe plugin v.6.0 wordpress.org\/plugins\/iframe\/ -->\n<iframe loading=\"lazy\" src=\"https:\/\/www.facebook.com\/plugins\/post.php?href=https%3A%2F%2Fwww.facebook.com%2Fphoto.php%3Ffbid%3D806938257971564%26set%3Da.577965490868843%26type%3D3&#038;show_text=true&#038;width=500\" width=\"500\" height=\"786\" style=\"border:none;overflow:hidden\" scrolling=\"no\" frameborder=\"0\" allowfullscreen=\"true\" allow=\"autoplay; clipboard-write; encrypted-media; picture-in-picture; web-share\" 0=\"\/iframe\" class=\"iframe-class\"><\/iframe>\n<\/div>\n<\/div>\n","protected":false},"excerpt":{"rendered":"<p>#22M | #D\u00edaMundialDelAgua 1 de cada 4 persones nel mundu ent\u00e1 nun tien accesu a agua potable segura \ud83d\udebf\u00a0La perda de biodiversid\u00e1 debilita la capacid\u00e1 de los ecosistemes para depurar l&#8217;agua y aumenta los riesgos para la sal\u00fa. Curiar la naturaleza ye curiar l&#8217;agua. Angua\u00f1o, la ONU pon el focu na relaci\u00f3n ente l&#8217;agua y [&hellip;]<\/p>\n","protected":false},"author":117,"featured_media":0,"comment_status":"closed","ping_status":"closed","sticky":false,"template":"","format":"standard","meta":{"footnotes":""},"categories":[245,6],"tags":[],"class_list":["post-69753","post","type-post","status-publish","format-standard","hentry","category-agua","category-dia-de"],"_links":{"self":[{"href":"https:\/\/edublog.educastur.es\/ixuxu\/wp-json\/wp\/v2\/posts\/69753","targetHints":{"allow":["GET"]}}],"collection":[{"href":"https:\/\/edublog.educastur.es\/ixuxu\/wp-json\/wp\/v2\/posts"}],"about":[{"href":"https:\/\/edublog.educastur.es\/ixuxu\/wp-json\/wp\/v2\/types\/post"}],"author":[{"embeddable":true,"href":"https:\/\/edublog.educastur.es\/ixuxu\/wp-json\/wp\/v2\/users\/117"}],"replies":[{"embeddable":true,"href":"https:\/\/edublog.educastur.es\/ixuxu\/wp-json\/wp\/v2\/comments?post=69753"}],"version-history":[{"count":7,"href":"https:\/\/edublog.educastur.es\/ixuxu\/wp-json\/wp\/v2\/posts\/69753\/revisions"}],"predecessor-version":[{"id":69765,"href":"https:\/\/edublog.educastur.es\/ixuxu\/wp-json\/wp\/v2\/posts\/69753\/revisions\/69765"}],"wp:attachment":[{"href":"https:\/\/edublog.educastur.es\/ixuxu\/wp-json\/wp\/v2\/media?parent=69753"}],"wp:term":[{"taxonomy":"category","embeddable":true,"href":"https:\/\/edublog.educastur.es\/ixuxu\/wp-json\/wp\/v2\/categories?post=69753"},{"taxonomy":"post_tag","embeddable":true,"href":"https:\/\/edublog.educastur.es\/ixuxu\/wp-json\/wp\/v2\/tags?post=69753"}],"curies":[{"name":"wp","href":"https:\/\/api.w.org\/{rel}","templated":true}]}}