{"id":69772,"date":"2026-03-22T13:04:26","date_gmt":"2026-03-22T11:04:26","guid":{"rendered":"https:\/\/edublog.educastur.es\/ixuxu\/?p=69772"},"modified":"2026-03-22T13:19:19","modified_gmt":"2026-03-22T11:19:19","slug":"69772","status":"publish","type":"post","link":"https:\/\/edublog.educastur.es\/ixuxu\/2026\/03\/69772\/","title":{"rendered":"Rodrigo Cuevas llanza \u2018Manual de Belleza\u2019, el so \u00e1lbum m\u00e1s llibre y distintu."},"content":{"rendered":"<div class=\"elementor-element elementor-element-667e3c7 elementor-widget__width-inherit elementor-widget elementor-widget-theme-post-title elementor-page-title elementor-widget-heading\" data-id=\"667e3c7\" data-element_type=\"widget\" data-e-type=\"widget\" data-widget_type=\"theme-post-title.default\">\n<div class=\"elementor-widget-container\">\n<p class=\"elementor-heading-title elementor-size-default\" style=\"text-align: center\">\n<!-- iframe plugin v.6.0 wordpress.org\/plugins\/iframe\/ -->\n<iframe loading=\"lazy\" width=\"100%\" height=\"411\" src=\"https:\/\/www.youtube.com\/embed\/z5vAq57BaUk\" title=\"Rodrigo Cuevas - Llagares\" frameborder=\"0\" allow=\"accelerometer; autoplay; clipboard-write; encrypted-media; gyroscope; picture-in-picture; web-share\" referrerpolicy=\"strict-origin-when-cross-origin\" 0=\"allowfullscreen\" 1=\"\/iframe\" scrolling=\"yes\" class=\"iframe-class\"><\/iframe>\n<\/p>\n<\/div>\n<\/div>\n<div class=\"elementor-element elementor-element-00f4678 elementor-widget__width-inherit elementor-widget elementor-widget-theme-post-excerpt\" data-id=\"00f4678\" data-element_type=\"widget\" data-e-type=\"widget\" data-widget_type=\"theme-post-excerpt.default\">\n<div class=\"elementor-widget-container\">Ta form\u00e1u por diez cantares onde l&#8217;amor, la utop\u00eda, l&#8217;autoestima, la diversid\u00e1 musical y la diversi\u00f3n marquen el ritmu y el tonu. L&#8217;artista asturianu publica &#8216;Manual de guapura&#8217;, \u00e1lbum de diez cantares nel qu&#8217;hai tantu himnos esmelonaos como rescates de lo m\u00e1s fondu del t\u00fanel del tiempu, como&#8217;l romance &#8216;La hermana cautiva&#8217;. <a href=\"https:\/\/musicasturiana.com\/ya-ta-equil-manual-de-belleza-de-rodrigo-cuevas-el-so-album-mas-llibre-y-distintu\/\">Musicasturiana.com<\/a><\/div>\n<div><!--more--><\/div>\n<div>\n<p style=\"text-align: center\">\n<!-- iframe plugin v.6.0 wordpress.org\/plugins\/iframe\/ -->\n<iframe data-testid=\"embed-iframe\" style=\"border-radius:12px\" src=\"https:\/\/open.spotify.com\/embed\/album\/2CgN7GeZdAbOeqsrra7x4b?utm_source=generator\" width=\"100%\" height=\"352\" frameborder=\"0\" allowfullscreen allow=\"autoplay; clipboard-write; encrypted-media; fullscreen; picture-in-picture\" loading=\"lazy\" 0=\"\/iframe\" scrolling=\"yes\" class=\"iframe-class\"><\/iframe>\n<\/p>\n<p>&nbsp;<\/p>\n<p>\u00abEsti discu f\u00e9ciose dende la necesid\u00e1 de<strong>\u00a0crear utop\u00edes horiz\u00f3ntiques<\/strong>\u00a0que mos fagan baxar los pies a la tierra, y mos fagan entender y\u00a0<strong>dixebrar lo importante de lo prescindible<\/strong>\u00ab. Son les pallabres coles que\u00a0<strong>Rodrigo Cuevas\u00a0<\/strong>entama los agradecimientos nel llibretu del so \u00e1lbum nuevu,<strong>\u00a0<em>Manual de Belleza<\/em><\/strong>, que<strong>\u00a0<a href=\"https:\/\/musicasturiana.com\/etiqueta-producto\/rodrigo-cuevas\/\">y\u00e1 ta la venta en CD, en vinilu\u00a0<\/a>y en toles\u00a0<a href=\"https:\/\/www.sonymusic.es\/novedad\/rodrigo-cuevas-manual-de-belleza\/\" target=\"_blank\" rel=\"noopener\">plataformes musicales<\/a><\/strong>. El \u00abministru de verbenes\u00bb regresa dempu\u00e9s de tr\u00e9s a\u00f1os con<strong>\u00a0diez cantares\u00a0<\/strong>onde<strong>\u00a0l\u2019amor, la utop\u00eda, l\u2019autoestima, la llibert\u00e1 y la diversi\u00f3n<\/strong>\u00a0marquen el ritmu y el tonu de la<strong>\u00a0obra m\u00e1s distinta<\/strong>\u00a0d\u2019esti artista.<\/p>\n<p><em>Manual de Belleza<\/em>\u00a0entama con esa\u00a0<strong>declaraci\u00f3n d\u2019intenciones<\/strong>\u00a0que ye \u2018Un mundo feliz\u2019, el primer de los adelantos del discu y nel que collabora\u00a0<strong>Massiel<\/strong>, reina del pop espa\u00f1ol que Cuevas reivindica y qu\u2019algam\u00f3 a poner delantre d\u2019un micr\u00f3fonu dempu\u00e9s de qu\u2019ella llevara<strong>\u00a0venti a\u00f1os retirada<\/strong>. Primera utop\u00eda baxada a tierra. S\u00edguen-y otros nueve temes nos que pue sentise una bayura d\u2019estilos que van dende\u2019l\u00a0<strong>rap\u00a0<\/strong>de \u2018BLZA\u2019 -nel que collabora la m\u00edtica rapera<strong>\u00a0Mala Rodr\u00edguez\u00a0<\/strong>y nel que se nota la mano del so compositor, l\u2019ex<strong>\u00a0Calle 13<\/strong>\u00a0Eduardo Cabra-, al\u00a0<strong>boleru\u00a0<\/strong>de \u2018Xardineru\u2019, pasando pel\u00a0<strong>postpunk\u00a0<\/strong>de \u2018Una muerte ideal\u2019, el\u00a0<em><strong>tradi-tune\u00a0<\/strong><\/em>deprend\u00edu de\u00a0<strong>Concha i Clara de Tresmonte<\/strong>\u00a0\u2018La hermana cautiva\u2019, o\u2019l\u00a0<strong>mamarrach\u00e9u discotequeru\u00a0<\/strong>de \u2018La Playa\u2019 y \u2018Asturc\u00f3n\u2019. Too ello ensin escaecer la presencia de la\u00a0<strong>m\u00fasica tradicional peninsular<\/strong>\u00a0-\u2018S\u00e1came a bailar\u2019, \u2018El pa\u00f1uel\u00edn\u2019 y \u2018La fiesta\u2019-, que lleva acompa\u00f1ando a esti artista dende\u00a0<em>Manual de Cortejo<\/em>\u00a0y que nesti discu cortexa con influencies d\u2019otros estilos y una producci\u00f3n actual.<\/p>\n<p>Y si l\u2019\u00e1lbum arranca cola utop\u00eda cantada de \u2018Un mundo feliz\u2019, les dem\u00e1s lletres siguen esa llinia na que\u00a0<strong>se canta a la guapura de la vida<\/strong>. \u00abYo soy la belleza, dicen que todo lo puedo, me tiro a las calles, me paseo por Oviedo, hago que las perras adoren a sus cachorros, y que los se\u00f1ores me quer\u00e1is comer los morros\u00bb. Rapea Rodrigo Cuevas nun\u00a0<strong>exerciciu d\u2019arguyu y autoestima\u00a0<\/strong>nesti trabayu nel que tami\u00e9n hai\u00a0<em><strong>pasi\u00f3n asturcona<\/strong><\/em>, dedicatoria a esi gran\u00a0<strong>Gal\u00e1n col que\u2019l m\u00fasicu riega la so vida<\/strong>, cr\u00edtiques a la\u00a0<strong>turistificaci\u00f3n<\/strong>, muncho\u00a0<strong>amor<\/strong>, y hasta\u00a0<strong>una manera distinta de mirar a la muerte<\/strong>. Too ello entemeciendo\u00a0<strong>castellanu, amest\u00e1u y asturianu<\/strong>, llingua esta \u00faltima que ta m\u00e1s presente que nunca nun discu d\u2019esti carbay\u00f3n nacionaliz\u00e1u pilo\u00f1\u00e9s.<\/p>\n<div class=\"wp-block-spacer\" style=\"text-align: center\" aria-hidden=\"true\"><a href=\"https:\/\/musicasturiana.com\/wp-content\/uploads\/2026\/03\/rodrigo-cuevas-LP-manual-de-belleza.jpg\"><img loading=\"lazy\" decoding=\"async\" class=\"aligncenter size-large\" src=\"https:\/\/musicasturiana.com\/wp-content\/uploads\/2026\/03\/rodrigo-cuevas-LP-manual-de-belleza.jpg\" width=\"500\" height=\"500\" \/><\/a><\/div>\n<h2 class=\"wp-block-heading\"><mark class=\"has-inline-color\">En comu\u00f1a<\/mark><\/h2>\n<p>Cantaba Nacho Vegas eso de \u00abnos quieren en soledad, nos tendr\u00e1n en com\u00fan\u00bb. Y asina ye como Rodrigo Cuevas\u00a0<strong>reivindica tami\u00e9n la belleza de lo compart\u00edo, de lo colectivo<\/strong>. Nel curtiumetraxe musical que llanz\u00f3 como adelantu,\u00a0<em><a href=\"https:\/\/youtu.be\/z5vAq57BaUk?si=jxL3f_ho8xYknSYQ\" target=\"_blank\" rel=\"noreferrer noopener\"><strong>Llagares<\/strong><\/a><\/em>, y\u00e1\u00a0<strong>andecharon m\u00e1s de cien persones<\/strong>, y nel discu\u00a0<strong>participen d\u2019una o otra manera munchos destacaos nomes\u00a0<\/strong>am\u00e1s de los y\u00e1 mentaos Eduardo Cabra, Massiel y Mala Rodr\u00edguez: Ana Bel\u00e9n, Grande Amore, Mapi Quintana, Tarta Relena, Carlos Fern\u00e1ndez, PAN.SEN.FRON, Zahara, Mart\u00ed Perarnau, V\u00edctor Manuel, Rozal\u00e9n, Celimonde\u2026 y una\u00a0<strong>montonera d\u2019instrumentistes<\/strong>. Am\u00e1s, l\u2019arte enllena esti trabayu, que tien una cuidada edici\u00f3n en vinilu, y que vuelve a ser obra del artista<strong>\u00a0Ricardo Villoria<\/strong>.<\/p>\n<p>Con\u00a0<em>Manual de Belleza<\/em>\u00a0-que\u00a0<a href=\"https:\/\/musicasturiana.com\/etiqueta-producto\/rodrigo-cuevas\/\">y\u00e1 pue mercase na tienda online<\/a>\u00a0de musicasturiana.com, na so oficina d\u2019El Natahoyo y na tienda d\u2019Uvi\u00e9u de Puru Remangu-, Rodrigo Cuevas presenta la so cara m\u00e1s\u00a0<strong>vers\u00e1til y llibre<\/strong>, onde la utop\u00eda fai que\u00a0<strong>s\u2019allo\u00f1e d\u2019encorsetase na tradici\u00f3n<\/strong>\u00a0y, ensin escaecela<strong>, baille con otros estilos\u00a0<\/strong>y seya quien a\u00a0<strong>llevar a la m\u00fasica n\u2019asturianu per caleyes nueves<\/strong>.<\/p>\n<div class=\"wp-block-spacer\" aria-hidden=\"true\"><\/div>\n<figure class=\"wp-block-embed is-type-rich is-provider-spotify wp-block-embed-spotify\">\n<div class=\"wp-block-embed__wrapper\"><\/div>\n<\/figure>\n<div class=\"wp-block-spacer\" aria-hidden=\"true\"><\/div>\n<figure class=\"wp-block-embed is-type-video is-provider-youtube wp-block-embed-youtube wp-embed-aspect-16-9 wp-has-aspect-ratio\">\n<div class=\"wp-block-embed__wrapper\"><\/div>\n<\/figure>\n<\/div>\n<\/div>\n<p>&nbsp;<\/p>\n<p>&nbsp;<\/p>\n","protected":false},"excerpt":{"rendered":"<p>Ta form\u00e1u por diez cantares onde l&#8217;amor, la utop\u00eda, l&#8217;autoestima, la diversid\u00e1 musical y la diversi\u00f3n marquen el ritmu y el tonu. L&#8217;artista asturianu publica &#8216;Manual de guapura&#8217;, \u00e1lbum de diez cantares nel qu&#8217;hai tantu himnos esmelonaos como rescates de lo m\u00e1s fondu del t\u00fanel del tiempu, como&#8217;l romance &#8216;La hermana cautiva&#8217;. Musicasturiana.com<\/p>\n","protected":false},"author":117,"featured_media":0,"comment_status":"closed","ping_status":"closed","sticky":false,"template":"","format":"standard","meta":{"footnotes":""},"categories":[35,125],"tags":[],"class_list":["post-69772","post","type-post","status-publish","format-standard","hentry","category-musica","category-musicasturiana-com"],"_links":{"self":[{"href":"https:\/\/edublog.educastur.es\/ixuxu\/wp-json\/wp\/v2\/posts\/69772","targetHints":{"allow":["GET"]}}],"collection":[{"href":"https:\/\/edublog.educastur.es\/ixuxu\/wp-json\/wp\/v2\/posts"}],"about":[{"href":"https:\/\/edublog.educastur.es\/ixuxu\/wp-json\/wp\/v2\/types\/post"}],"author":[{"embeddable":true,"href":"https:\/\/edublog.educastur.es\/ixuxu\/wp-json\/wp\/v2\/users\/117"}],"replies":[{"embeddable":true,"href":"https:\/\/edublog.educastur.es\/ixuxu\/wp-json\/wp\/v2\/comments?post=69772"}],"version-history":[{"count":6,"href":"https:\/\/edublog.educastur.es\/ixuxu\/wp-json\/wp\/v2\/posts\/69772\/revisions"}],"predecessor-version":[{"id":69788,"href":"https:\/\/edublog.educastur.es\/ixuxu\/wp-json\/wp\/v2\/posts\/69772\/revisions\/69788"}],"wp:attachment":[{"href":"https:\/\/edublog.educastur.es\/ixuxu\/wp-json\/wp\/v2\/media?parent=69772"}],"wp:term":[{"taxonomy":"category","embeddable":true,"href":"https:\/\/edublog.educastur.es\/ixuxu\/wp-json\/wp\/v2\/categories?post=69772"},{"taxonomy":"post_tag","embeddable":true,"href":"https:\/\/edublog.educastur.es\/ixuxu\/wp-json\/wp\/v2\/tags?post=69772"}],"curies":[{"name":"wp","href":"https:\/\/api.w.org\/{rel}","templated":true}]}}