{"id":69789,"date":"2026-03-20T09:00:31","date_gmt":"2026-03-20T07:00:31","guid":{"rendered":"https:\/\/edublog.educastur.es\/ixuxu\/?p=69789"},"modified":"2026-03-22T13:31:05","modified_gmt":"2026-03-22T11:31:05","slug":"dia-mundial-de-la-narracion-oral-2","status":"publish","type":"post","link":"https:\/\/edublog.educastur.es\/ixuxu\/2026\/03\/dia-mundial-de-la-narracion-oral-2\/","title":{"rendered":"D\u00eda Mundial de la Narraci\u00f3n Oral."},"content":{"rendered":"<p style=\"text-align: left\"><span class=\"html-span xexx8yu xyri2b x18d9i69 x1c1uobl x1hl2dhg x16tdsg8 x1vvkbs x3nfvp2 x1j61x8r x1fcty0u xdj266r xat24cr xm2jcoa x1mpyi22 xxymvpz xlup9mm x1kky2od\"><img loading=\"lazy\" decoding=\"async\" class=\"xz74otr x15mokao x1ga7v0g x16uus16 xbiv7yw\" src=\"https:\/\/static.xx.fbcdn.net\/images\/emoji.php\/v9\/tfb\/1\/16\/1f5e3.png\" alt=\"\ud83d\udde3\ufe0f\" width=\"16\" height=\"16\" \/><\/span> La Conseyer\u00eda de Cultura, Pol\u00edtica Lling\u00fc\u00edstica y Deporte, s\u00famase a les celebraciones del <strong>D\u00eda Mundial de la Narraci\u00f3n Oral.<\/strong> Un arte que preserv\u00f3 la memoria de los pueblos a lo llargo de los sieglos y que sigue siendo un veh\u00edculu fundamental d&#8217;identid\u00e1 y cultura. <a href=\"https:\/\/www.instagram.com\/p\/DWHXkabiGsp\/\"><strong>Culturast<\/strong><\/a><\/p>\n<p style=\"text-align: center\"><img decoding=\"async\" src=\"https:\/\/www.narracionoral.es\/images\/fotos\/20M26carteles\/Cartel_20M_A3_ASTURIAS.png\" \/><\/p>\n<p><!--more--><\/p>\n<p>El D\u00eda Mundial de la Narraci\u00f3n Oral cel\u00e9brase a\u00f1almente&#8217;l 20 de marzu, y n&#8217;Asturies entam\u00e1ronse actividaes en collaboraci\u00f3n cola <strong>Asociaci\u00f3n de Profesionales de la Narraci\u00f3n Oral n&#8217;Espa\u00f1a (AEDA)<\/strong>. Anque nun s&#8217;especifica una activid\u00e1 centralizada en 2026 para tola rex\u00f3n, confirm\u00f3se que Nava (Asturies) foi see d&#8217;esta celebraci\u00f3n n&#8217;a\u00f1os anteriores, con sesiones de cuentos para p\u00fablicu familiar.<\/p>\n<p>Am\u00e1s, Asturies, Cultura en Rede program\u00f3 circuitos de narraci\u00f3n oral en distintos puntos del Princip\u00e1u, como&#8217;l Circuitu de Narraci\u00f3n Oral de Asturies, Cultura en Rede, qu&#8217;incl\u00fai eventos como Cuentos ensundiosos de Factor\u00eda Norte, se\u00f1alando un fuerte compromisu cola tradici\u00f3n oral na rex\u00f3n.<\/p>\n","protected":false},"excerpt":{"rendered":"<p>La Conseyer\u00eda de Cultura, Pol\u00edtica Lling\u00fc\u00edstica y Deporte, s\u00famase a les celebraciones del D\u00eda Mundial de la Narraci\u00f3n Oral. Un arte que preserv\u00f3 la memoria de los pueblos a lo llargo de los sieglos y que sigue siendo un veh\u00edculu fundamental d&#8217;identid\u00e1 y cultura. Culturast<\/p>\n","protected":false},"author":117,"featured_media":0,"comment_status":"closed","ping_status":"closed","sticky":false,"template":"","format":"standard","meta":{"footnotes":""},"categories":[7,6],"tags":[],"class_list":["post-69789","post","type-post","status-publish","format-standard","hentry","category-cuentos","category-dia-de"],"_links":{"self":[{"href":"https:\/\/edublog.educastur.es\/ixuxu\/wp-json\/wp\/v2\/posts\/69789","targetHints":{"allow":["GET"]}}],"collection":[{"href":"https:\/\/edublog.educastur.es\/ixuxu\/wp-json\/wp\/v2\/posts"}],"about":[{"href":"https:\/\/edublog.educastur.es\/ixuxu\/wp-json\/wp\/v2\/types\/post"}],"author":[{"embeddable":true,"href":"https:\/\/edublog.educastur.es\/ixuxu\/wp-json\/wp\/v2\/users\/117"}],"replies":[{"embeddable":true,"href":"https:\/\/edublog.educastur.es\/ixuxu\/wp-json\/wp\/v2\/comments?post=69789"}],"version-history":[{"count":2,"href":"https:\/\/edublog.educastur.es\/ixuxu\/wp-json\/wp\/v2\/posts\/69789\/revisions"}],"predecessor-version":[{"id":69792,"href":"https:\/\/edublog.educastur.es\/ixuxu\/wp-json\/wp\/v2\/posts\/69789\/revisions\/69792"}],"wp:attachment":[{"href":"https:\/\/edublog.educastur.es\/ixuxu\/wp-json\/wp\/v2\/media?parent=69789"}],"wp:term":[{"taxonomy":"category","embeddable":true,"href":"https:\/\/edublog.educastur.es\/ixuxu\/wp-json\/wp\/v2\/categories?post=69789"},{"taxonomy":"post_tag","embeddable":true,"href":"https:\/\/edublog.educastur.es\/ixuxu\/wp-json\/wp\/v2\/tags?post=69789"}],"curies":[{"name":"wp","href":"https:\/\/api.w.org\/{rel}","templated":true}]}}