{"id":69803,"date":"2026-03-19T09:05:24","date_gmt":"2026-03-19T07:05:24","guid":{"rendered":"https:\/\/edublog.educastur.es\/ixuxu\/?p=69803"},"modified":"2026-03-22T13:42:38","modified_gmt":"2026-03-22T11:42:38","slug":"dia-internacional-para-laprendizaxe-dixital","status":"publish","type":"post","link":"https:\/\/edublog.educastur.es\/ixuxu\/2026\/03\/dia-internacional-para-laprendizaxe-dixital\/","title":{"rendered":"D\u00eda Internacional para l&#8217;Aprendizaxe Dixital"},"content":{"rendered":"<p style=\"text-align: center\"><a href=\"https:\/\/pbs.twimg.com\/media\/HDwx0GQXQAAGYnN?format=png&amp;name=large\"><img loading=\"lazy\" decoding=\"async\" class=\"aligncenter \" src=\"https:\/\/pbs.twimg.com\/media\/HDwx0GQXQAAGYnN?format=png&amp;name=large\" width=\"655\" height=\"818\" \/><\/a><\/p>\n<p><span class=\"css-1jxf684 r-bcqeeo r-1ttztb7 r-qvutc0 r-poiln3\">El 19 de marzu celebramos el <strong>D\u00eda Internacional para l&#8217;Aprendizaxe Dixital<\/strong>, una fecha para impulsar la educaci\u00f3n al travi\u00e9s de la tecnolox\u00eda, fomentando nueves formes d&#8217;aprender y conectar.\u00a0\u00a1El futuru educativu ta no dixital!\u00a0\u00a0<\/span><span class=\"r-18u37iz\"><a class=\"css-1jxf684 r-bcqeeo r-1ttztb7 r-qvutc0 r-poiln3 r-1loqt21\" dir=\"ltr\" role=\"link\" href=\"https:\/\/x.com\/hashtag\/AprendizajeDigital?src=hashtag_click\">#AprendizajeDigital<\/a><\/span> <span class=\"r-18u37iz\"><a class=\"css-1jxf684 r-bcqeeo r-1ttztb7 r-qvutc0 r-poiln3 r-1loqt21\" dir=\"ltr\" role=\"link\" href=\"https:\/\/x.com\/hashtag\/Educaci%C3%B3n?src=hashtag_click\">#Educaci\u00f3n<\/a><\/span> <span class=\"r-18u37iz\"><a class=\"css-1jxf684 r-bcqeeo r-1ttztb7 r-qvutc0 r-poiln3 r-1loqt21\" dir=\"ltr\" role=\"link\" href=\"https:\/\/x.com\/hashtag\/Innovaci%C3%B3n?src=hashtag_click\">#Innovaci\u00f3n<\/a><\/span><\/p>\n","protected":false},"excerpt":{"rendered":"<p>El 19 de marzu celebramos el D\u00eda Internacional para l&#8217;Aprendizaxe Dixital, una fecha para impulsar la educaci\u00f3n al travi\u00e9s de la tecnolox\u00eda, fomentando nueves formes d&#8217;aprender y conectar.\u00a0\u00a1El futuru educativu ta no dixital!\u00a0\u00a0#AprendizajeDigital #Educaci\u00f3n #Innovaci\u00f3n<\/p>\n","protected":false},"author":117,"featured_media":0,"comment_status":"closed","ping_status":"closed","sticky":false,"template":"","format":"standard","meta":{"footnotes":""},"categories":[6,352],"tags":[],"class_list":["post-69803","post","type-post","status-publish","format-standard","hentry","category-dia-de","category-informatica"],"_links":{"self":[{"href":"https:\/\/edublog.educastur.es\/ixuxu\/wp-json\/wp\/v2\/posts\/69803","targetHints":{"allow":["GET"]}}],"collection":[{"href":"https:\/\/edublog.educastur.es\/ixuxu\/wp-json\/wp\/v2\/posts"}],"about":[{"href":"https:\/\/edublog.educastur.es\/ixuxu\/wp-json\/wp\/v2\/types\/post"}],"author":[{"embeddable":true,"href":"https:\/\/edublog.educastur.es\/ixuxu\/wp-json\/wp\/v2\/users\/117"}],"replies":[{"embeddable":true,"href":"https:\/\/edublog.educastur.es\/ixuxu\/wp-json\/wp\/v2\/comments?post=69803"}],"version-history":[{"count":1,"href":"https:\/\/edublog.educastur.es\/ixuxu\/wp-json\/wp\/v2\/posts\/69803\/revisions"}],"predecessor-version":[{"id":69804,"href":"https:\/\/edublog.educastur.es\/ixuxu\/wp-json\/wp\/v2\/posts\/69803\/revisions\/69804"}],"wp:attachment":[{"href":"https:\/\/edublog.educastur.es\/ixuxu\/wp-json\/wp\/v2\/media?parent=69803"}],"wp:term":[{"taxonomy":"category","embeddable":true,"href":"https:\/\/edublog.educastur.es\/ixuxu\/wp-json\/wp\/v2\/categories?post=69803"},{"taxonomy":"post_tag","embeddable":true,"href":"https:\/\/edublog.educastur.es\/ixuxu\/wp-json\/wp\/v2\/tags?post=69803"}],"curies":[{"name":"wp","href":"https:\/\/api.w.org\/{rel}","templated":true}]}}