{"id":69812,"date":"2026-03-22T21:00:51","date_gmt":"2026-03-22T19:00:51","guid":{"rendered":"https:\/\/edublog.educastur.es\/ixuxu\/?p=69812"},"modified":"2026-03-23T14:45:18","modified_gmt":"2026-03-23T12:45:18","slug":"fanmedia-con-nuvieu-150-actividaes-y-mas-de-10000-visitantes","status":"publish","type":"post","link":"https:\/\/edublog.educastur.es\/ixuxu\/2026\/03\/fanmedia-con-nuvieu-150-actividaes-y-mas-de-10000-visitantes\/","title":{"rendered":"FanMedia Con n&#8217;Uvi\u00e9u: 150 actividaes y m\u00e1s de 10000 visitantes"},"content":{"rendered":"<p style=\"text-align: center\"><a href=\"https:\/\/spainaudiovisualhub.digital.gob.es\/content\/dam\/seteleco-hub-audiovisual\/resources\/images\/press-releases\/fanmedia\/Fanmedia.png\"><img loading=\"lazy\" decoding=\"async\" class=\"aligncenter \" src=\"https:\/\/spainaudiovisualhub.digital.gob.es\/content\/dam\/seteleco-hub-audiovisual\/resources\/images\/press-releases\/fanmedia\/Fanmedia.png\" width=\"346\" height=\"194\" \/><\/a><\/p>\n<p>El Calatrava despidirsede los<span style=\"color: #008080\"><strong> \u00abinfluencers\u00bb y \u00abcosplayers\u00bb<\/strong> <\/span>qu&#8217;atraxeron 10.000 visites en tr\u00e9s d\u00edes a Uvi\u00e9u \u00abYe un eventu distintu que tien de consolidase\u00bb, coinciden los asistentes de la FanMedia Con, que promovio 150 actividaes \u00abfrikis\u00bb en tr\u00e9s d\u00edes. <a href=\"https:\/\/www.lne.es\/oviedo\/2026\/03\/22\/calatrava-despide-influencers-cosplayers-atrajeron-128282830.html?utm_campaign=mrf-facebook-nuevaespana&amp;mrfcid=2026032269c0492944a9e7566b0e2c0b\">LNE<\/a> \/ <a href=\"https:\/\/www.rtpa.es\/noticias-sociedad-ast\/2026-03-22\/La-FanMediaCon-d'Uvieu-supera-los-10.000-visitantes-na-so-primer-edicion_111774206949.html\"><strong>RTPA<\/strong> <\/a>\/Primer edici\u00f3n del festival de cultura fan y creaci\u00f3n dixital que va axuntar a m\u00e1s de 50 influyentes divulgadores dixitales n&#8217;Uvi\u00e9u.<\/p>\n<p><!--more--><\/p>\n<p class=\"text-2xl font-bold font-serif leading-tight max-w-[65ch] mb-1.5\" style=\"text-align: center\"><span style=\"color: #008080\">La FanMediaCon d&#8217;Uvi\u00e9u supera los 10.000 visitantes na so primer edici\u00f3n.<\/span><\/p>\n<div class=\"flow rtpa-prose text-lg leading-tight mb-6\"><strong>Un eventu con creadores y m\u00e1s de 150 actividaes pa tolos p\u00fablicos<\/strong><\/div>\n<div class=\"flow rtpa-prose text-base text-neutral-700\">\n<p>M\u00e1s de 10.000 visitantes visitaron la FanMediaCon d&#8217;Uvi\u00e9u.<\/p>\n<p>Un eventu qu&#8217;axunt\u00f3 a creadores de conten\u00edu, qu&#8217;axunten unos 200 millones de siguidores nes sos redes sociales, colos sos fans.<\/p>\n<p>Foi una feria con m\u00e1s de 150 actividaes p&#8217;adultos y ne\u00f1os. La organizaci\u00f3n y\u00e1 tien en mente repitir l&#8217;a\u00f1u que vien.<\/p>\n<\/div>\n<div class=\"flex items-center md:gap-4 text-slate-500\" style=\"text-align: center\"><a href=\"https:\/\/www.rtpa.es\/fotos\/\/26\/03\/20260322201708_RTPA7875547.webp\"><img loading=\"lazy\" decoding=\"async\" class=\"aligncenter size-large\" src=\"https:\/\/www.rtpa.es\/fotos\/\/26\/03\/20260322201708_RTPA7875547.webp\" width=\"853\" height=\"480\" \/><\/a><\/div>\n<div><\/div>\n<p>\u00abYe un eventu bien distintu que tendr\u00eda que consolidase porque tien el so p\u00fablicu\u00bb, esplicaba esti domingu la nueva uvieina Isa Gonz\u00e1lez. Con esa premisa de noved\u00e1 y enraigono, el Palaciu d&#8217;Esposiciones y Congresos d&#8217;Uvi\u00e9u, el conoc\u00edu y\u00e1 popularmente como&#8217;l Calatrava, bax\u00f3&#8217;l tel\u00f3n de la primer edici\u00f3n de la <span style=\"color: #008080\"><strong>FanMedia Con, la convenci\u00f3n de cultura fan pionera n&#8217;Asturies.<\/strong><\/span> Mientres tr\u00e9s intenses xornaes, la cortil de Buenavista tresformose nel<span style=\"color: #008080\"><strong> epicentru de la cultura \u00abgeek\u00bb y el \u00abpop\u00bb<\/strong><\/span>, llogrando rexuntar a unos 10.000 visitantes qu&#8217;enchieron les mires d&#8217;una cita con vocaci\u00f3n de permanencia.<\/p>\n<p>L&#8217;eventu ufiert\u00f3 un esplegue ensin precedentes con m\u00e1s de 150 actividaes, ente conferencies, talleres y esperiencies participatives. La \u00faltima xornada empez\u00f3 con un espectacular desfile de personaxes de \u00abStar Wars\u00bb que fixo les delicies de los presentes. \u00abPa mi Darth Vader y Yoda son como dioses\u00bb, almit\u00eda&#8217;l xixon\u00e9s Avelino Reina, quien animaba a los organizadores a dar continuid\u00e1 a la iniciativa: \u00abEsto ye como un congresu de frikis de munches coses\u00bb. Esa heteroxeneid\u00e1 foi la se\u00f1a d&#8217;identid\u00e1 d&#8217;un festival onde convivieron les \u00abagrocharlas\u00bb del \u00abinfluencer\u00bb llavian\u00e9s Denis D\u00edaz con demostraciones de \u00abshowcooking\u00bb de cachopos o la presencia pol hall de \u00abcosplayers\u00bb de series d&#8217;anime de cultu como \u00abOne Piece\u00bb.<\/p>\n<p>Isa Gonz\u00e1lez, qu&#8217;alleg\u00f3 los tr\u00e9s d\u00edes pa esfrutar de part\u00edes de videoxuegos y batalles de baille, resum\u00eda&#8217;l so pasu pola feria con prestu: \u00abG\u00fcei llevo unos cuantos cromos de Pok\u00e9mon\u00bb. Nos pasiellos, el gran impulsor del proyectu, el llenizu Julio Fern\u00e1ndez \u00abTheCorvusClan\u00bb, supervisaba l&#8217;\u00e9situ d&#8217;una cita qu&#8217;axunt\u00f3 a m\u00e1s d&#8217;un centenar de ceadores de conten\u00edu y profesionales. Ente toos sumaben la vertixinosa cifra de<strong> 108 millones de siguidores, proxectando la imaxe d&#8217;Uvi\u00e9u a nivel global<\/strong>. \u00abEsto tase viendo en tol mundu\u00bb, recordaba unu de los ceadores mientres realizaba un directu de Instagram xuntu a la sala de cristal.<\/p>\n<p>La FanMedia Con, que cunt\u00f3 col sofitu del Conceyu y el Princip\u00e1u, demostr\u00f3 ser un reflexu fiel de la forma h\u00edbrida na que les nueves xeneraciones peracaben cultura, <span style=\"color: #008080\"><strong>entemeciendo&#8217;l \u00abgaming\u00bb, el cine y l&#8217;arte.<\/strong><\/span> Cola taquilla activa hasta l&#8217;\u00faltimu minutu, Uvi\u00e9u despidise d&#8217;<strong>una cita que sabe conectar el mundu dixital col presencial.<\/strong><\/p>\n<h1 class=\"text-2xl font-bold font-serif leading-tight max-w-[65ch] mb-1.5\" style=\"text-align: center\"><span style=\"color: #008080\">FanMedia Con xunir\u00e1 n&#8217;Uvi\u00e9u a creadores de conten\u00edu<br \/>\ncon 102 millones de siguidores.<\/span><\/h1>\n<p style=\"text-align: center\"><a href=\"https:\/\/www.rtpa.es\/fotos\/\/26\/03\/20260310144517_RTPA7828510.webp\"><img loading=\"lazy\" decoding=\"async\" class=\"aligncenter size-large\" src=\"https:\/\/www.rtpa.es\/fotos\/\/26\/03\/20260310144517_RTPA7828510.webp\" width=\"853\" height=\"480\" \/><\/a><\/p>\n<p>&nbsp;<\/p>\n<p style=\"text-align: center\"><a href=\"https:\/\/www.planomato.com\/_next\/image?url=https%3A%2F%2Fplanimagesstorage.blob.core.windows.net%2Fplanimage1%2Fentities%2Fcompartiendo_valor_doctor_fision_20260122_010732.jpg&amp;w=1920&amp;q=80\"><img loading=\"lazy\" decoding=\"async\" class=\"aligncenter \" src=\"https:\/\/www.planomato.com\/_next\/image?url=https%3A%2F%2Fplanimagesstorage.blob.core.windows.net%2Fplanimage1%2Fentities%2Fcompartiendo_valor_doctor_fision_20260122_010732.jpg&amp;w=1920&amp;q=80\" width=\"697\" height=\"392\" \/><\/a><\/p>\n","protected":false},"excerpt":{"rendered":"<p>El Calatrava despidirsede los \u00abinfluencers\u00bb y \u00abcosplayers\u00bb qu&#8217;atraxeron 10.000 visites en tr\u00e9s d\u00edes a Uvi\u00e9u \u00abYe un eventu distintu que tien de consolidase\u00bb, coinciden los asistentes de la FanMedia Con, que promovio 150 actividaes \u00abfrikis\u00bb en tr\u00e9s d\u00edes. LNE \/ RTPA \/Primer edici\u00f3n del festival de cultura fan y creaci\u00f3n dixital que va axuntar a [&hellip;]<\/p>\n","protected":false},"author":117,"featured_media":0,"comment_status":"closed","ping_status":"closed","sticky":false,"template":"","format":"standard","meta":{"footnotes":""},"categories":[167],"tags":[],"class_list":["post-69812","post","type-post","status-publish","format-standard","hentry","category-feries"],"_links":{"self":[{"href":"https:\/\/edublog.educastur.es\/ixuxu\/wp-json\/wp\/v2\/posts\/69812","targetHints":{"allow":["GET"]}}],"collection":[{"href":"https:\/\/edublog.educastur.es\/ixuxu\/wp-json\/wp\/v2\/posts"}],"about":[{"href":"https:\/\/edublog.educastur.es\/ixuxu\/wp-json\/wp\/v2\/types\/post"}],"author":[{"embeddable":true,"href":"https:\/\/edublog.educastur.es\/ixuxu\/wp-json\/wp\/v2\/users\/117"}],"replies":[{"embeddable":true,"href":"https:\/\/edublog.educastur.es\/ixuxu\/wp-json\/wp\/v2\/comments?post=69812"}],"version-history":[{"count":5,"href":"https:\/\/edublog.educastur.es\/ixuxu\/wp-json\/wp\/v2\/posts\/69812\/revisions"}],"predecessor-version":[{"id":69824,"href":"https:\/\/edublog.educastur.es\/ixuxu\/wp-json\/wp\/v2\/posts\/69812\/revisions\/69824"}],"wp:attachment":[{"href":"https:\/\/edublog.educastur.es\/ixuxu\/wp-json\/wp\/v2\/media?parent=69812"}],"wp:term":[{"taxonomy":"category","embeddable":true,"href":"https:\/\/edublog.educastur.es\/ixuxu\/wp-json\/wp\/v2\/categories?post=69812"},{"taxonomy":"post_tag","embeddable":true,"href":"https:\/\/edublog.educastur.es\/ixuxu\/wp-json\/wp\/v2\/tags?post=69812"}],"curies":[{"name":"wp","href":"https:\/\/api.w.org\/{rel}","templated":true}]}}